{"id":197918,"date":"2025-10-10T13:56:12","date_gmt":"2025-10-10T12:56:12","guid":{"rendered":"https:\/\/kulturbloggen.com\/?p=197918"},"modified":"2025-10-10T13:56:12","modified_gmt":"2025-10-10T12:56:12","slug":"gymnasieelever-far-egen-festivaldag-pa-goteborg-film-festival","status":"publish","type":"post","link":"https:\/\/kulturbloggen.com\/?p=197918","title":{"rendered":"Gymnasieelever f\u00e5r egen festivaldag p\u00e5 G\u00f6teborg Film Festival"},"content":{"rendered":"<p><img decoding=\"async\" class=\"aligncenter size-full wp-image-186912\" src=\"https:\/\/kulturbloggen.com\/wp-content\/uploads\/2025\/10\/unnamed-4-1.jpg\" alt=\"\" width=\"500\" \/><\/p>\n<p>F\u00f6r f\u00f6rsta g\u00e5ngen arrangerar G\u00f6teborg Film Festival en helt egen festivaldag f\u00f6r stadens gymnasieelever. Den 26 januari 2026 fylls Filmstaden Biopalatset av 1000 ungdomar som bjuds p\u00e5 filmvisningar, samtal med filmskapare och \u00e4kta festivalst\u00e4mning helt kostnadsfritt.<\/p>\n<p>Ett pressmeddelande ber\u00e4ttar:<br \/>\nSatsningen, som g\u00e5r under namnet Gymnasiedagen p\u00e5 G\u00f6teborg Film Festival, g\u00f6rs med st\u00f6d av Filmstaden och Svenska Filminstitutet, och syftar till att l\u00e5ta unga m\u00f6ta filmkonsten i biografrummet och uppt\u00e4cka festivalen som en plats f\u00f6r ber\u00e4ttelser, perspektiv och gemenskap.<\/p>\n<p>\u2013 Vi vill ge unga i G\u00f6teborg chansen att uppt\u00e4cka biografen som en levande m\u00f6tesplats f\u00f6r ber\u00e4ttelser och samtal. Gymnasiedagen blir en introduktion till festivalen, men ocks\u00e5 ett tillf\u00e4lle att uppleva gemenskap och inspiration genom film, s\u00e4ger Mirja Wester, VD p\u00e5 G\u00f6teborg Film Festival.<\/p>\n<p>Ett f\u00f6rsta m\u00f6te med G\u00f6teborg Film Festival<\/p>\n<p>Alla deltagande elever och l\u00e4rare f\u00e5r festivalpass som ger tillg\u00e5ng till fler aktiviteter under festivalveckan, en fribiljett till valfri visning samt l\u00e4rarhandledning f\u00f6r att f\u00f6rdjupa upplevelsen i klassrummet. Dessutom erbjuds skolorna m\u00f6jlighet till klassrumsbes\u00f6k av festivalens medarbetare.<\/p>\n<p><strong>Vad \u00e4r Gymnasiedagen 2026?<\/strong><br \/>\nEn gemensam bioupplevelse p\u00e5 Biopalatset med b\u00e5de kortfilm och l\u00e5ngfilm<br \/>\nM\u00f6te med filmskapare i samtal efter visningen<br \/>\nFestivalst\u00e4mning med popcorn och dryck till alla deltagare<br \/>\nFestivalpass till hela festivalveckan + en fribiljett till valfri visning<br \/>\nKostnadsfri medverkan f\u00f6r gymnasieklasser i G\u00f6teborg<br \/>\nGymnasiedagen g\u00f6rs av G\u00f6teborg Film Festival med st\u00f6d av Filmstaden och Svenska Filminstitutet<\/p>\n","protected":false},"excerpt":{"rendered":"<p>F\u00f6r f\u00f6rsta g\u00e5ngen arrangerar G\u00f6teborg Film Festival en helt egen festivaldag f\u00f6r stadens gymnasieelever. Den 26 januari 2026 fylls Filmstaden Biopalatset av 1000 ungdomar som bjuds p\u00e5 filmvisningar, samtal med filmskapare och \u00e4kta festivalst\u00e4mning helt kostnadsfritt. Ett pressmeddelande ber\u00e4ttar: Satsningen, som g\u00e5r under namnet Gymnasiedagen p\u00e5 G\u00f6teborg Film Festival, g\u00f6rs med st\u00f6d av Filmstaden och [&hellip;]<\/p>\n","protected":false},"author":13,"featured_media":197923,"comment_status":"closed","ping_status":"closed","sticky":false,"template":"","format":"standard","meta":{"_genesis_hide_title":false,"_genesis_hide_breadcrumbs":false,"_genesis_hide_singular_image":false,"_genesis_hide_footer_widgets":false,"_genesis_custom_body_class":"","_genesis_custom_post_class":"","_genesis_layout":"","footnotes":""},"categories":[50,20,13624],"tags":[13167,15432],"class_list":{"0":"post-197918","1":"post","2":"type-post","3":"status-publish","4":"format-standard","5":"has-post-thumbnail","7":"category-filmfilm","8":"category-film","9":"category-toppnytt","10":"tag-goteborg-film-festival","11":"tag-gymnasieelever","12":"entry"},"_links":{"self":[{"href":"https:\/\/kulturbloggen.com\/index.php?rest_route=\/wp\/v2\/posts\/197918","targetHints":{"allow":["GET"]}}],"collection":[{"href":"https:\/\/kulturbloggen.com\/index.php?rest_route=\/wp\/v2\/posts"}],"about":[{"href":"https:\/\/kulturbloggen.com\/index.php?rest_route=\/wp\/v2\/types\/post"}],"author":[{"embeddable":true,"href":"https:\/\/kulturbloggen.com\/index.php?rest_route=\/wp\/v2\/users\/13"}],"replies":[{"embeddable":true,"href":"https:\/\/kulturbloggen.com\/index.php?rest_route=%2Fwp%2Fv2%2Fcomments&post=197918"}],"version-history":[{"count":5,"href":"https:\/\/kulturbloggen.com\/index.php?rest_route=\/wp\/v2\/posts\/197918\/revisions"}],"predecessor-version":[{"id":197925,"href":"https:\/\/kulturbloggen.com\/index.php?rest_route=\/wp\/v2\/posts\/197918\/revisions\/197925"}],"wp:featuredmedia":[{"embeddable":true,"href":"https:\/\/kulturbloggen.com\/index.php?rest_route=\/wp\/v2\/media\/197923"}],"wp:attachment":[{"href":"https:\/\/kulturbloggen.com\/index.php?rest_route=%2Fwp%2Fv2%2Fmedia&parent=197918"}],"wp:term":[{"taxonomy":"category","embeddable":true,"href":"https:\/\/kulturbloggen.com\/index.php?rest_route=%2Fwp%2Fv2%2Fcategories&post=197918"},{"taxonomy":"post_tag","embeddable":true,"href":"https:\/\/kulturbloggen.com\/index.php?rest_route=%2Fwp%2Fv2%2Ftags&post=197918"}],"curies":[{"name":"wp","href":"https:\/\/api.w.org\/{rel}","templated":true}]}}