{"id":197459,"date":"2025-09-27T00:43:20","date_gmt":"2025-09-26T23:43:20","guid":{"rendered":"https:\/\/kulturbloggen.com\/?p=197459"},"modified":"2025-09-27T00:43:21","modified_gmt":"2025-09-26T23:43:21","slug":"fullandat-program-som-lunchteater-g-froding-med-lars-magnus-larsson-tommy-kotter","status":"publish","type":"post","link":"https:\/\/kulturbloggen.com\/?p=197459","title":{"rendered":"Full\u00e4ndat program som Lunchteater &#8211; G. Fr\u00f6ding med Lars Magnus Larsson &amp; Tommy Kotter"},"content":{"rendered":"\n<figure class=\"wp-block-image size-full\"><img loading=\"lazy\" decoding=\"async\" width=\"488\" height=\"650\" src=\"https:\/\/kulturbloggen.com\/wp-content\/uploads\/2025\/09\/8dac3309-b525-49a2-a0a9-347a66f34ac8.jpg\" alt=\"\" class=\"wp-image-197461\" srcset=\"https:\/\/kulturbloggen.com\/wp-content\/uploads\/2025\/09\/8dac3309-b525-49a2-a0a9-347a66f34ac8.jpg 488w, https:\/\/kulturbloggen.com\/wp-content\/uploads\/2025\/09\/8dac3309-b525-49a2-a0a9-347a66f34ac8-225x300.jpg 225w\" sizes=\"auto, (max-width: 488px) 100vw, 488px\" \/><\/figure>\n\n\n\n<p>vecka 39 2025 (23-26\/9 )<\/p>\n\n\n\n<p>Lunchteatern &#8211; G\u00f6teborgs Stadsteater<\/p>\n\n\n\n<p>Jag s\u00e5g den timsl\u00e5nga f\u00f6rest\u00e4llningen dagen efter premi\u00e4r, som f\u00f6r \u00f6vrigt sammanf\u00f6ll med f\u00f6delsedag f\u00f6r den tekniskt ansvarige p\u00e5 Lunchteatern. Lars Magnus Larsson \u00e4r sk\u00e5despelare, textleverant\u00f6r och s\u00e5ngare. Jag s\u00e5g honom p\u00e5 scen  redan f\u00f6r cirka femtio \u00e5r sedan  med gruppen Text &amp; Musik p\u00e5 Burg\u00e5rdens gymnasium. I st\u00f6rre delen av sin karri\u00e4r har han tillh\u00f6rt Folkteaterns fasta ensemble och parallellt gjort roller i filmer och tv-serier. P\u00e5 meritlistan finns ocks\u00e5 samarbeten med bland andra Teater Bauer, Tofta, Alfonshuset och M\u00f6lndalsrevyn. Tidigare i \u00e5r framtr\u00e4dde han med egna visor och standards uppbackad av Tommy Kotter trio p\u00e5 Utopia. Jag var d\u00e4r, uppskattade vad de gjorde och p\u00e5minde om n\u00e4r jag bokade Larsson som s\u00e5ngare, gitarrist och ombud f\u00f6r Folkteatern; till ett kulturprogram 2008 f\u00f6r SEKO-distriktets representantskap. F\u00f6rvisso uppv\u00e4xt i Pite\u00e5 f\u00f6ddes Lars Magnus Larsson 1951 i Karlstad. <\/p>\n\n\n\n<p> Den n\u00e5gra \u00e5r yngre pianisten Tommy Kotter uppt\u00e4cktes troligtvis p\u00e5 80-talet. Har utdelat h\u00f6gsta betyg till soloskiva, njutit av hans trio ett antal g\u00e5nger, h\u00f6rt n\u00e4r han lirat med storband och varit sideman i sm\u00e5grupper och p\u00e5 flera skivor. Kotters yrkesverksamma bas har varit musiklinjen p\u00e5 Hvitfeldtska Gymnasiet. Kopplingen till Fr\u00f6dings V\u00e4rmland best\u00e5r i att han g\u00e5tt p\u00e5 Ingesund. <\/p>\n\n\n\n<figure class=\"wp-block-image size-full\"><img loading=\"lazy\" decoding=\"async\" width=\"488\" height=\"650\" src=\"https:\/\/kulturbloggen.com\/wp-content\/uploads\/2025\/09\/0bea6aae-adab-4f92-8604-52d3e59ffb63.jpg\" alt=\"\" class=\"wp-image-197465\" srcset=\"https:\/\/kulturbloggen.com\/wp-content\/uploads\/2025\/09\/0bea6aae-adab-4f92-8604-52d3e59ffb63.jpg 488w, https:\/\/kulturbloggen.com\/wp-content\/uploads\/2025\/09\/0bea6aae-adab-4f92-8604-52d3e59ffb63-225x300.jpg 225w\" sizes=\"auto, (max-width: 488px) 100vw, 488px\" \/><\/figure>\n\n\n\n<p>B\u00e4gge odlade sk\u00e4gg f\u00f6r att g\u00f6ra audition till en film, en film med nu inspelad med dem i rollistan och p\u00e5 den v\u00e4gen \u00e4r det. Framh\u00f6ll f\u00f6r Lars Magnus Larsson efter\u00e5t att detta m\u00e5ste ses som bland det b\u00e4sta han n\u00e5gonsin gjort. Inte ovanligt att Fr\u00f6dings skaldekonst lanseras, att den tons\u00e4tts och framf\u00f6rs eller animerat deklameras. <em>Str\u00f6vt\u00e5g i hembygden <\/em>med Mando Diao r\u00f6stades fram som tidernas b\u00e4sta l\u00e5t Svensktoppen, samma visa som Rigmor Gustafsson sj\u00f6ng p\u00e5 f\u00f6rsta svenska albumet. Os\u00e4ker p\u00e5 om jag live h\u00f6rt Gunde Johansson, d\u00e4remot s\u00e4ker p\u00e5 att jag ett par g\u00e5nger sett G\u00f6ran Fristorp vars Fr\u00f6ding-platta med celebert komp finns i hemmet. Nu s\u00e4llar sig Larsson &amp; Kotter till de fr\u00e4msta Fr\u00f6ding-uttolkarna i Stig Torstenssons efterf\u00f6ljd, genom att leverera ett knippe av hans &#8221;hits&#8221; med oerh\u00f6rd auktoritet.<\/p>\n\n\n\n<p>F\u00f6rest\u00e4llningen <em>G. Fr\u00f6ding <\/em>ger ett representativt tv\u00e4rsnitt av denne champion till rimsmed plus att v\u00e4sentliga biografiska upplysningar portioneras ut med s\u00e4ker hand. Den sorglustiga tonen s\u00e4tts omg\u00e5ende. Kotter debuterar n\u00e4mligen i en kort dramatisk roll. If\u00f6rd l\u00e4karrock tar han reda p\u00e5 statusen p\u00e5 Fr\u00f6dings hj\u00e4rta, rekommenderar att han som missk\u00f6tte sin h\u00e4lsa ska ta det lugnt med spriten. Fantastiskt fyndigt att scenen \u00e5terkommer p\u00e5 slutet, vilket p\u00e5 s\u00e5 vis knyter ihop s\u00e4cken f\u00f6r en med tiden sk\u00e4ggig och instabil individ som blev femtio \u00e5r.  Och vi upplyses om d\u00f6den och hans sista vilja. Publiken lyssnar and\u00e4ktigt, ingen tvekan om att programmet blir mycket omtyckt av  den mogna publiken.<\/p>\n\n\n\n<p>Obegripligt att han mot alla odds, under de premisser Larsson redog\u00f6r f\u00f6r, lyckades bli en av de allra fr\u00e4msta. Han var ocks\u00e5 journalist, kritiker och prosaist. Minns att jag i gymnasiet valde att presentera Fr\u00f6dings g\u00e4rning och att jag tio-tolv \u00e5r senare (troligen under min tid p\u00e5 G\u00f6teborgs Auktionsverk) inf\u00f6rskaffade <em>Samlade dikter <\/em>j\u00e4mte <em>Eftersk\u00f6rd<\/em>, inbundna i tv\u00e5 volymer vardera och utgivna 1910. Av dessa samlingar framg\u00e5r att det inte bara skrevs diktsamlingar utan ocks\u00e5 ber\u00e4ttelser (som regel med anknytning till V\u00e4rmland) och ess\u00e4istik, n\u00e5got vi f\u00e5r prov p\u00e5.<\/p>\n\n\n\n<figure class=\"wp-block-image size-full\"><img loading=\"lazy\" decoding=\"async\" width=\"488\" height=\"650\" src=\"https:\/\/kulturbloggen.com\/wp-content\/uploads\/2025\/09\/c6e46235-8733-46a0-a5b2-cff7a582fac3.jpg\" alt=\"\" class=\"wp-image-197488\" srcset=\"https:\/\/kulturbloggen.com\/wp-content\/uploads\/2025\/09\/c6e46235-8733-46a0-a5b2-cff7a582fac3.jpg 488w, https:\/\/kulturbloggen.com\/wp-content\/uploads\/2025\/09\/c6e46235-8733-46a0-a5b2-cff7a582fac3-225x300.jpg 225w\" sizes=\"auto, (max-width: 488px) 100vw, 488px\" \/><\/figure>\n\n\n\n<p>L\u00e5t mig b\u00f6rja med att kommentera de musikaliska inslagen eftersom de l\u00e4tt kommer i skymundan f\u00f6r ordvr\u00e4ngarens geniala formuleringar. Visste inte att Kotter kunde f\u00e5 ton ur ett bl\u00e5sinstrument. I en visa har han h\u00f6r och h\u00e4pna dammat av sin klarinett. I ett par tons\u00e4ttningar spelar Larsson akustisk gitarr. N\u00e5got han kan och fint  att ackompanjerandet kompletteras, \u00e4ven om ljudet inte n\u00e5r ut inledningsvis. I ett av paradnumren <em>Det f\u00f6rskr\u00e4ckliga levernet p\u00e5 caf\u00e9et <\/em>\u00e4r gitarren  huvudinstrument med klarinett som fin utfyllnad.  Vad betr\u00e4ffar det eminenta pianospelet ringade jag in n\u00e5gra insatser som s\u00e4rskilt stack ut. T\u00e4nker p\u00e5 introt <em>I Ungdomen, <\/em>s\u00e4ttet att brodera ut melodin p\u00e5 <em>Str\u00f6vt\u00e5g i hembygden<\/em>, de tre verserna som alls\u00e5ng p\u00e5 <em>Det var dans bort i v\u00e4gen<\/em> i finalen samt det boppiga fenomenala  sticket i <em>En k\u00e4rleksvisa. <\/em><\/p>\n\n\n\n<p>Vad av allt Lars Magnus Larsson sj\u00f6ng och deklamerade var extra minnesv\u00e4rt i en tillst\u00e4llning d\u00e4r h\u00f6jdpunkterna duggade t\u00e4tt?  Vill lyfta fram hur <em>Lelle Karl -Johan <\/em>levererades p\u00e5 dialekt, egen tons\u00e4ttning av sorglustig dikt, kraften i pulveriserandet av dubbelmoral i <em>V\u00e5ran prost, <\/em>framf\u00f6randet av humoristisk historia p\u00e5 vers, visan om &#8221;det f\u00f6rskr\u00e4ckliga levernet p\u00e5 caf\u00e9et&#8221;, imitationen av tre gummors konversation, hur f\u00f6rtr\u00e4ffligt melodin och texten om f\u00f6rlust och svunna goda tider framh\u00e4vs i <em>Str\u00f6vt\u00e5g i hembygden<\/em> samt det obevekliga tungsinnet i <em>En ghasel<\/em>.<\/p>\n\n\n\n<figure class=\"wp-block-image size-full\"><img loading=\"lazy\" decoding=\"async\" width=\"488\" height=\"650\" src=\"https:\/\/kulturbloggen.com\/wp-content\/uploads\/2025\/09\/a70f5717-4012-4317-baf7-bdd19dbe1b36.jpg\" alt=\"\" class=\"wp-image-197522\" srcset=\"https:\/\/kulturbloggen.com\/wp-content\/uploads\/2025\/09\/a70f5717-4012-4317-baf7-bdd19dbe1b36.jpg 488w, https:\/\/kulturbloggen.com\/wp-content\/uploads\/2025\/09\/a70f5717-4012-4317-baf7-bdd19dbe1b36-225x300.jpg 225w\" sizes=\"auto, (max-width: 488px) 100vw, 488px\" \/><\/figure>\n\n\n\n<p>  I en f\u00f6rest\u00e4llning l\u00e4tt att omfamna som d\u00e4rf\u00f6r helhj\u00e4rtat rekommenderas gjordes ytterligare observationer. Bland annat att Lars Magnus Larsson f\u00f6rklarade v\u00e4rml\u00e4ndskans egenart, talade om hur musikaliskt Fr\u00f6ding som hade att br\u00e5s p\u00e5 skrev, vilket gjort det tacksamt f\u00f6r villiga tons\u00e4ttare. Noterade som framg\u00e5tt att bitterljuva anstrykningen genomsyrade f\u00f6rest\u00e4llningen. Fr\u00f6ding hade ju inte bara ordet i sin makt utan en genomsk\u00e5dande blick. Sk\u00e5despelaren och s\u00e5ngaren tar sin dramatiska beg\u00e5vning och rutin i anspr\u00e5k p\u00e5 ett alldeles lysande vis. Flera s\u00e5nger\/ dikters framf\u00f6randen renderar i varma appl\u00e5der. Vi fick verkligen l\u00e4ra k\u00e4nna personen bakom en omistlig del av v\u00e5r litteraturhistoria och dennes tragiska levnads bana.  <\/p>\n\n\n\n<p><\/p>\n","protected":false},"excerpt":{"rendered":"<p>vecka 39 2025 (23-26\/9 ) Lunchteatern &#8211; G\u00f6teborgs Stadsteater Jag s\u00e5g den timsl\u00e5nga f\u00f6rest\u00e4llningen dagen efter premi\u00e4r, som f\u00f6r \u00f6vrigt sammanf\u00f6ll med f\u00f6delsedag f\u00f6r den tekniskt ansvarige p\u00e5 Lunchteatern. Lars Magnus Larsson \u00e4r sk\u00e5despelare, textleverant\u00f6r och s\u00e5ngare. Jag s\u00e5g honom p\u00e5 scen redan f\u00f6r cirka femtio \u00e5r sedan med gruppen Text &amp; Musik p\u00e5 Burg\u00e5rdens [&hellip;]<\/p>\n","protected":false},"author":34,"featured_media":0,"comment_status":"closed","ping_status":"closed","sticky":false,"template":"","format":"standard","meta":{"_genesis_hide_title":false,"_genesis_hide_breadcrumbs":false,"_genesis_hide_singular_image":false,"_genesis_hide_footer_widgets":false,"_genesis_custom_body_class":"","_genesis_custom_post_class":"","_genesis_layout":"","footnotes":""},"categories":[20,31],"tags":[],"class_list":{"0":"post-197459","1":"post","2":"type-post","3":"status-publish","4":"format-standard","6":"category-film","7":"category-teaterrecension","8":"entry"},"_links":{"self":[{"href":"https:\/\/kulturbloggen.com\/index.php?rest_route=\/wp\/v2\/posts\/197459","targetHints":{"allow":["GET"]}}],"collection":[{"href":"https:\/\/kulturbloggen.com\/index.php?rest_route=\/wp\/v2\/posts"}],"about":[{"href":"https:\/\/kulturbloggen.com\/index.php?rest_route=\/wp\/v2\/types\/post"}],"author":[{"embeddable":true,"href":"https:\/\/kulturbloggen.com\/index.php?rest_route=\/wp\/v2\/users\/34"}],"replies":[{"embeddable":true,"href":"https:\/\/kulturbloggen.com\/index.php?rest_route=%2Fwp%2Fv2%2Fcomments&post=197459"}],"version-history":[{"count":11,"href":"https:\/\/kulturbloggen.com\/index.php?rest_route=\/wp\/v2\/posts\/197459\/revisions"}],"predecessor-version":[{"id":197525,"href":"https:\/\/kulturbloggen.com\/index.php?rest_route=\/wp\/v2\/posts\/197459\/revisions\/197525"}],"wp:attachment":[{"href":"https:\/\/kulturbloggen.com\/index.php?rest_route=%2Fwp%2Fv2%2Fmedia&parent=197459"}],"wp:term":[{"taxonomy":"category","embeddable":true,"href":"https:\/\/kulturbloggen.com\/index.php?rest_route=%2Fwp%2Fv2%2Fcategories&post=197459"},{"taxonomy":"post_tag","embeddable":true,"href":"https:\/\/kulturbloggen.com\/index.php?rest_route=%2Fwp%2Fv2%2Ftags&post=197459"}],"curies":[{"name":"wp","href":"https:\/\/api.w.org\/{rel}","templated":true}]}}