{"id":197404,"date":"2025-09-23T13:09:47","date_gmt":"2025-09-23T12:09:47","guid":{"rendered":"https:\/\/kulturbloggen.com\/?p=197404"},"modified":"2025-09-23T13:09:48","modified_gmt":"2025-09-23T12:09:48","slug":"florian-zellers-pappan-far-premiar-pa-malmo-stadsteater","status":"publish","type":"post","link":"https:\/\/kulturbloggen.com\/?p=197404","title":{"rendered":"Florian Zellers Pappan f\u00e5r premi\u00e4r p\u00e5 Malm\u00f6 stadsteater"},"content":{"rendered":"<p><img decoding=\"async\" class=\"aligncenter size-full wp-image-186912\" src=\"https:\/\/kulturbloggen.com\/wp-content\/uploads\/2025\/09\/unnamed-15-2.jpg\" alt=\"\" width=\"500\" \/><br \/>\n<em>Anders Beckman spelar huvudrollen i \u201dPappan\u201d som f\u00e5r premi\u00e4r p\u00e5 Intiman den 4 oktober. Foto: Johan Sundell<\/em><\/p>\n<p>Pj\u00e4sen Pappan blev en internationell succ\u00e9 och filmatiserades som The Father (2020) \u2013 en Oscarsvinnare d\u00e4r Anthony Hopkins prisades f\u00f6r huvudrollen och f\u00f6rfattaren Florian Zeller f\u00f6r manus. Nu f\u00e5r pj\u00e4sen premi\u00e4r p\u00e5 Malm\u00f6 Stadsteaters scen Intiman.<\/p>\n<p>Ett pressmeddelande ber\u00e4ttar:<br \/>\nEn gripande ber\u00e4ttelse om minne, identitet och f\u00f6rlust, d\u00e4r publiken f\u00e5r f\u00f6lja med in i den f\u00f6rvirring som drabbar 80-\u00e5rige Andr\u00e9. F\u00f6r regin st\u00e5r Sara Cronberg och huvudrollen spelas av Anders Beckman. Premi\u00e4r p\u00e5 Intiman den 4 oktober 2025.<\/p>\n<p>I den psykologiska thrillern Pappan gungar marken under f\u00f6tterna. Du slungas rakt in i Andr\u00e9s v\u00e4rld \u2013 en tillvaro d\u00e4r minnen f\u00f6rskjuts, samtal f\u00f6rvr\u00e4ngs och tryggheten r\u00e4mnar. Vad \u00e4r sant? Vad \u00e4r inbillning? Vem kan man lita p\u00e5 n\u00e4r verkligheten b\u00f6rjar l\u00f6sas upp?<\/p>\n<p>Regiss\u00f6ren Sara Cronberg vill placera publiken i huvudrollens st\u00e4lle, f\u00f6r att p\u00e5 s\u00e5 s\u00e4tt f\u00e5 oss att uppleva vad det inneb\u00e4r att f\u00f6rlora kontrollen, tappa fotf\u00e4stet och se sin identitet l\u00f6sas upp:<\/p>\n<p>\u201dDenna f\u00f6rm\u00e5ga att l\u00e5ta \u00e5sk\u00e5darna s\u00e4tta sig in i n\u00e5gon annans situation och k\u00e4nna det som en annan person k\u00e4nner \u00e4r en av teaterns mest fantastiska styrkor. I mina tidigare verk, som \u00d6gonvittnen och 1984, har jag l\u00e5tit publiken agera subjekt p\u00e5 olika s\u00e4tt. I dessa f\u00f6rest\u00e4llningar anv\u00e4nde vi 3D-ljud och h\u00f6rlurar f\u00f6r att konkret f\u00e5 \u00e5sk\u00e5darna att h\u00f6ra vad huvudpersonen h\u00f6rde. I Pappan anv\u00e4nder vi ist\u00e4llet dramats struktur och textens uppbyggnad f\u00f6r att f\u00f6rdjupa upplevelsen. M\u00e5let \u00e4r att \u00f6ka medk\u00e4nslan och ge publiken m\u00f6jlighet att bearbeta upplevelser som i verkliga livet kan k\u00e4nnas om\u00f6jliga att f\u00f6rst\u00e5 eller hantera. Det handlar om att ge dem en upplevelse snarare \u00e4n enbart en ber\u00e4ttelse\u201d, s\u00e4ger regiss\u00f6ren Sara Cronberg.<\/p>\n<p>Pappan spelas p\u00e5 Malm\u00f6 Stadsteaters scen Intiman 4 oktober \u2013 7 november 2025.<\/p>\n<p>PAPPAN<br \/>\nAv Florian Zeller<\/p>\n<p>Premi\u00e4r p\u00e5 Intiman den 4 oktober kl 18. Spelas t.o.m. 7 november 2025.<\/p>\n<p>Originaltitel: Le P\u00e8re<br \/>\nF\u00f6rlag: Nordiska ApS. Le P\u00e8re av Florian Zeller \u00e4r representerad av l\u2019Agence Drama.<br \/>\n\u00d6vers\u00e4ttning: Lisa Lindberg<\/p>\n<p>KONSTN\u00c4RLIGT TEAM<\/p>\n<p>Regi: Sara Cronberg<br \/>\nScenografi och kostym: Franciska Zahle<br \/>\nLjus: Stuart Bailes<br \/>\nLjud: Jonas Vest<br \/>\nMask: Therese Jansson<br \/>\nDramaturg: Anton Elmgren<\/p>\n<p>I ROLLERNA<\/p>\n<p>ANDR\u00c9 \u2013 Anders Beckman<br \/>\nANNE \u2013 Karin Lithman<br \/>\nPIERRE \u2013 Johannes Wanselow<br \/>\nLAURA \u2013 Elodie Terselius (praktikant fr\u00e5n Teaterh\u00f6gskolan i Malm\u00f6)<br \/>\nEN MAN \u2013 Martin van Engers Hendrikse<br \/>\nEN KVINNA \u2013 Josefin Iziamo<\/p>\n","protected":false},"excerpt":{"rendered":"<p>Anders Beckman spelar huvudrollen i \u201dPappan\u201d som f\u00e5r premi\u00e4r p\u00e5 Intiman den 4 oktober. Foto: Johan Sundell Pj\u00e4sen Pappan blev en internationell succ\u00e9 och filmatiserades som The Father (2020) \u2013 en Oscarsvinnare d\u00e4r Anthony Hopkins prisades f\u00f6r huvudrollen och f\u00f6rfattaren Florian Zeller f\u00f6r manus. Nu f\u00e5r pj\u00e4sen premi\u00e4r p\u00e5 Malm\u00f6 Stadsteaters scen Intiman. Ett pressmeddelande [&hellip;]<\/p>\n","protected":false},"author":13,"featured_media":197412,"comment_status":"closed","ping_status":"closed","sticky":false,"template":"","format":"standard","meta":{"_genesis_hide_title":false,"_genesis_hide_breadcrumbs":false,"_genesis_hide_singular_image":false,"_genesis_hide_footer_widgets":false,"_genesis_custom_body_class":"","_genesis_custom_post_class":"","_genesis_layout":"","footnotes":""},"categories":[20,30,13624],"tags":[13523,3475],"class_list":{"0":"post-197404","1":"post","2":"type-post","3":"status-publish","4":"format-standard","5":"has-post-thumbnail","7":"category-film","8":"category-teater","9":"category-toppnytt","10":"tag-florian-zeller","11":"tag-malmo-stadsteater","12":"entry"},"_links":{"self":[{"href":"https:\/\/kulturbloggen.com\/index.php?rest_route=\/wp\/v2\/posts\/197404","targetHints":{"allow":["GET"]}}],"collection":[{"href":"https:\/\/kulturbloggen.com\/index.php?rest_route=\/wp\/v2\/posts"}],"about":[{"href":"https:\/\/kulturbloggen.com\/index.php?rest_route=\/wp\/v2\/types\/post"}],"author":[{"embeddable":true,"href":"https:\/\/kulturbloggen.com\/index.php?rest_route=\/wp\/v2\/users\/13"}],"replies":[{"embeddable":true,"href":"https:\/\/kulturbloggen.com\/index.php?rest_route=%2Fwp%2Fv2%2Fcomments&post=197404"}],"version-history":[{"count":9,"href":"https:\/\/kulturbloggen.com\/index.php?rest_route=\/wp\/v2\/posts\/197404\/revisions"}],"predecessor-version":[{"id":197415,"href":"https:\/\/kulturbloggen.com\/index.php?rest_route=\/wp\/v2\/posts\/197404\/revisions\/197415"}],"wp:featuredmedia":[{"embeddable":true,"href":"https:\/\/kulturbloggen.com\/index.php?rest_route=\/wp\/v2\/media\/197412"}],"wp:attachment":[{"href":"https:\/\/kulturbloggen.com\/index.php?rest_route=%2Fwp%2Fv2%2Fmedia&parent=197404"}],"wp:term":[{"taxonomy":"category","embeddable":true,"href":"https:\/\/kulturbloggen.com\/index.php?rest_route=%2Fwp%2Fv2%2Fcategories&post=197404"},{"taxonomy":"post_tag","embeddable":true,"href":"https:\/\/kulturbloggen.com\/index.php?rest_route=%2Fwp%2Fv2%2Ftags&post=197404"}],"curies":[{"name":"wp","href":"https:\/\/api.w.org\/{rel}","templated":true}]}}