{"id":19739,"date":"2010-04-21T14:07:48","date_gmt":"2010-04-21T12:07:48","guid":{"rendered":"http:\/\/kulturbloggen.com\/?p=19739"},"modified":"2010-04-21T14:07:48","modified_gmt":"2010-04-21T12:07:48","slug":"revy-pa-odenteatern-valj-vad-du-vill","status":"publish","type":"post","link":"https:\/\/kulturbloggen.com\/?p=19739","title":{"rendered":"Revy p\u00e5 Odenteatern: V\u00e4lj vad du vill"},"content":{"rendered":"<p><a href=\"http:\/\/kulturbloggen.com\/wp-content\/uploads\/2010\/04\/oden1.jpg\"><img loading=\"lazy\" decoding=\"async\" src=\"http:\/\/kulturbloggen.com\/wp-content\/uploads\/2010\/04\/oden1-300x224.jpg\" alt=\"\" title=\"oden1\" width=\"300\" height=\"224\" class=\"aligncenter size-medium wp-image-19740\" \/><\/a><\/p>\n<p>Odenteatern s\u00e4tter upp V\u00e4lj vad du vil, en klassisk revy med schlagers, lite dans och l\u00e4ttsam humor. Medverkande \u00e4r Klas Ahlstedt, Anna Collert, Helena Fernell, Erica Lernehav och veteran-pianisten Torgny Str\u00f6m.<\/p>\n<p>Det annalkande valet har f\u00f6rst\u00e5s en framtr\u00e4dande plats i revyn och vi f\u00e5r se Fredrik Reinfeldt i partiledardebatt med Maria Wettextrasa och den sanna historien bakom hur Mona Sahlin fick sin r\u00f6da Louis Vuitton-v\u00e4ska fr\u00e5n Filippa Reinfeldt via Maud Olofsson.<\/p>\n<p>Sedan ber\u00f6rs f\u00f6rst\u00e5s kronprinsessans val av make, pensionsbolagens reklam f\u00f6r att f\u00e5 oss att v\u00e4lja dem och en hel del andra val.<\/p>\n<p>Efter en n\u00e5got stapplande f\u00f6rsta akt tar revyn fart efter pausen . Ett par h\u00f6jdpunkter som prickar tidsandan \u00e4r socialarbetaren som g\u00e5tt med i Anonyma Socialarbetare f\u00f6r att l\u00e4ra sig sluta hj\u00e4lpa och \u201dArbetsf\u00f6rmedlingen goes Idol\u201d, som ska hitta nytt jobb \u00e5r centerpartisten Fredrik Federleys alter ego Ursula.<\/p>\n<p>V\u00e4lj vad du vill spelas p\u00e5 Odenteatern 30\/4, 8\/5, 21\/5, 22\/5 och 23\/5, fredagar och l\u00f6rdagar klockan 19.30, S\u00f6ndag klockan 16.00. Se vidare p\u00e5: <a href=\"http:\/\/www.odenteatern.se\/index.php?sida=kvall.html\">Odenteaterns hemsida.<\/a><\/p>\n<p><a href=\"http:\/\/www.mynewsdesk.com\/se\/view\/pressrelease\/galapremiaer-fredagen-den-19-3-kl-20-10-av-revyn-vaelj-vad-du-vill-paa-odenteatern-i-stockholm-383913\">Pressmeddelande.<\/a><\/p>\n<p>L\u00e4s \u00e4ven andra bloggares \u00e5sikter om <a href=\"http:\/\/bloggar.se\/om\/teater\" rel=\"tag\">teater<\/a>, <a href=\"http:\/\/bloggar.se\/om\/recension\" rel=\"tag\">recension<\/a>, <a href=\"http:\/\/bloggar.se\/om\/Odenteatern\" rel=\"tag\">Odenteatern<\/a><\/p>\n","protected":false},"excerpt":{"rendered":"<p>Odenteatern s\u00e4tter upp V\u00e4lj vad du vil, en klassisk revy med schlagers, lite dans och l\u00e4ttsam humor. Medverkande \u00e4r Klas Ahlstedt, Anna Collert, Helena Fernell, Erica Lernehav och veteran-pianisten Torgny Str\u00f6m. Det annalkande valet har f\u00f6rst\u00e5s en framtr\u00e4dande plats i revyn och vi f\u00e5r se Fredrik Reinfeldt i partiledardebatt med Maria Wettextrasa och den sanna [&hellip;]<\/p>\n","protected":false},"author":13,"featured_media":0,"comment_status":"open","ping_status":"open","sticky":false,"template":"","format":"standard","meta":{"_genesis_hide_title":false,"_genesis_hide_breadcrumbs":false,"_genesis_hide_singular_image":false,"_genesis_hide_footer_widgets":false,"_genesis_custom_body_class":"","_genesis_custom_post_class":"","_genesis_layout":"","footnotes":""},"categories":[16,20,30,31],"tags":[12285,12288],"class_list":{"0":"post-19739","1":"post","2":"type-post","3":"status-publish","4":"format-standard","6":"category-recension","7":"category-film","8":"category-teater","9":"category-teaterrecension","10":"tag-recension","11":"tag-teater","12":"entry"},"_links":{"self":[{"href":"https:\/\/kulturbloggen.com\/index.php?rest_route=\/wp\/v2\/posts\/19739","targetHints":{"allow":["GET"]}}],"collection":[{"href":"https:\/\/kulturbloggen.com\/index.php?rest_route=\/wp\/v2\/posts"}],"about":[{"href":"https:\/\/kulturbloggen.com\/index.php?rest_route=\/wp\/v2\/types\/post"}],"author":[{"embeddable":true,"href":"https:\/\/kulturbloggen.com\/index.php?rest_route=\/wp\/v2\/users\/13"}],"replies":[{"embeddable":true,"href":"https:\/\/kulturbloggen.com\/index.php?rest_route=%2Fwp%2Fv2%2Fcomments&post=19739"}],"version-history":[{"count":0,"href":"https:\/\/kulturbloggen.com\/index.php?rest_route=\/wp\/v2\/posts\/19739\/revisions"}],"wp:attachment":[{"href":"https:\/\/kulturbloggen.com\/index.php?rest_route=%2Fwp%2Fv2%2Fmedia&parent=19739"}],"wp:term":[{"taxonomy":"category","embeddable":true,"href":"https:\/\/kulturbloggen.com\/index.php?rest_route=%2Fwp%2Fv2%2Fcategories&post=19739"},{"taxonomy":"post_tag","embeddable":true,"href":"https:\/\/kulturbloggen.com\/index.php?rest_route=%2Fwp%2Fv2%2Ftags&post=19739"}],"curies":[{"name":"wp","href":"https:\/\/api.w.org\/{rel}","templated":true}]}}