{"id":197345,"date":"2025-09-22T10:57:37","date_gmt":"2025-09-22T09:57:37","guid":{"rendered":"https:\/\/kulturbloggen.com\/?p=197345"},"modified":"2025-09-22T10:58:01","modified_gmt":"2025-09-22T09:58:01","slug":"upplev-vadstena-klosterkyrka-ar-147","status":"publish","type":"post","link":"https:\/\/kulturbloggen.com\/?p=197345","title":{"rendered":"Upplev Vadstena klosterkyrka \u00e5r 1470"},"content":{"rendered":"<p><img decoding=\"async\" class=\"aligncenter size-full wp-image-186912\" src=\"https:\/\/kulturbloggen.com\/wp-content\/uploads\/2025\/09\/unnamed-14-1.jpg\" alt=\"\" width=\"500\" \/><\/p>\n<p>Hur s\u00e5g Vadstena klosterkyrka ut \u00e5r 1470? Och hur kan livet ha sett ut f\u00f6r de m\u00e4nniskor som levde i och kring den? L\u00f6rdagen den 4 oktober invigs en ny fast utst\u00e4llning p\u00e5 Sancta Birgitta Klostermuseum, d\u00e4r bes\u00f6karen kan kliva in i en unik rekonstruktion av kyrkorummet och m\u00f6ta tre historiska r\u00f6ster.<\/p>\n<p>Ett pressmeddelande ber\u00e4ttar:<br \/>\nI den interaktiva utst\u00e4llningen Tidens rum v\u00e4cks historien till liv genom digitala projektioner, st\u00e4mningsfull s\u00e5ng och levande ber\u00e4ttelser baserade p\u00e5 verkliga levnads\u00f6den. Bes\u00f6karen v\u00e4ljer sj\u00e4lv att uppleva kyrkan genom nunnan Ingeborg, pr\u00e4sten Magnus eller pilgrimen Kristinas perspektiv. Bild- och ljudlandskapet f\u00f6r\u00e4ndras d\u00e4refter och leder in i personliga \u00f6gonblick ur det senmedeltida kyrkolivet.<\/p>\n<p>\u2013 Det k\u00e4nns v\u00e4ldigt roligt att \u00e4ntligen f\u00e5 inviga utst\u00e4llningen och l\u00e5ta bes\u00f6karna uppleva den medeltida versionen av Klosterkyrkan, s\u00e4ger Sofia Kummel, enhetschef p\u00e5 Sancta Birgitta Klostermuseum.<\/p>\n<p>Utst\u00e4llningen bygger p\u00e5 forskningsprojektet \u201dDet multisensoriska Vadstena kloster\u201d (2016\u20132021), d\u00e4r forskare fr\u00e5n Uppsala universitet, Linn\u00e9universitetet, Lunds universitet och Lunds tekniska h\u00f6gskola tillsammans \u00e5terskapat kyrkorummet med hj\u00e4lp av historiska k\u00e4llor, akustiska analyser, georadar och laserskanningar.<\/p>\n<p>Tidens rum \u2013 en visualisering av Vadstena klosterkyrka 1470 invigs den 4 oktober kl. 16.00 och visas p\u00e5 Sancta Birgitta Klostermuseum tills vidare<\/p>\n","protected":false},"excerpt":{"rendered":"<p>Hur s\u00e5g Vadstena klosterkyrka ut \u00e5r 1470? Och hur kan livet ha sett ut f\u00f6r de m\u00e4nniskor som levde i och kring den? L\u00f6rdagen den 4 oktober invigs en ny fast utst\u00e4llning p\u00e5 Sancta Birgitta Klostermuseum, d\u00e4r bes\u00f6karen kan kliva in i en unik rekonstruktion av kyrkorummet och m\u00f6ta tre historiska r\u00f6ster. Ett pressmeddelande ber\u00e4ttar: [&hellip;]<\/p>\n","protected":false},"author":2,"featured_media":197348,"comment_status":"closed","ping_status":"closed","sticky":false,"template":"","format":"standard","meta":{"_genesis_hide_title":false,"_genesis_hide_breadcrumbs":false,"_genesis_hide_singular_image":false,"_genesis_hide_footer_widgets":false,"_genesis_custom_body_class":"","_genesis_custom_post_class":"","_genesis_layout":"","footnotes":""},"categories":[3,13624],"tags":[15414,15415,6151,15413],"class_list":{"0":"post-197345","1":"post","2":"type-post","3":"status-publish","4":"format-standard","5":"has-post-thumbnail","7":"category-litteratur","8":"category-toppnytt","9":"tag-tid-och-rum","10":"tag-tidens-rum","11":"tag-utstallning","12":"tag-vadstena-klosterkyrka","13":"entry"},"_links":{"self":[{"href":"https:\/\/kulturbloggen.com\/index.php?rest_route=\/wp\/v2\/posts\/197345","targetHints":{"allow":["GET"]}}],"collection":[{"href":"https:\/\/kulturbloggen.com\/index.php?rest_route=\/wp\/v2\/posts"}],"about":[{"href":"https:\/\/kulturbloggen.com\/index.php?rest_route=\/wp\/v2\/types\/post"}],"author":[{"embeddable":true,"href":"https:\/\/kulturbloggen.com\/index.php?rest_route=\/wp\/v2\/users\/2"}],"replies":[{"embeddable":true,"href":"https:\/\/kulturbloggen.com\/index.php?rest_route=%2Fwp%2Fv2%2Fcomments&post=197345"}],"version-history":[{"count":5,"href":"https:\/\/kulturbloggen.com\/index.php?rest_route=\/wp\/v2\/posts\/197345\/revisions"}],"predecessor-version":[{"id":197351,"href":"https:\/\/kulturbloggen.com\/index.php?rest_route=\/wp\/v2\/posts\/197345\/revisions\/197351"}],"wp:featuredmedia":[{"embeddable":true,"href":"https:\/\/kulturbloggen.com\/index.php?rest_route=\/wp\/v2\/media\/197348"}],"wp:attachment":[{"href":"https:\/\/kulturbloggen.com\/index.php?rest_route=%2Fwp%2Fv2%2Fmedia&parent=197345"}],"wp:term":[{"taxonomy":"category","embeddable":true,"href":"https:\/\/kulturbloggen.com\/index.php?rest_route=%2Fwp%2Fv2%2Fcategories&post=197345"},{"taxonomy":"post_tag","embeddable":true,"href":"https:\/\/kulturbloggen.com\/index.php?rest_route=%2Fwp%2Fv2%2Ftags&post=197345"}],"curies":[{"name":"wp","href":"https:\/\/api.w.org\/{rel}","templated":true}]}}