{"id":19732,"date":"2010-04-21T12:06:32","date_gmt":"2010-04-21T10:06:32","guid":{"rendered":"http:\/\/kulturbloggen.com\/?p=19732"},"modified":"2010-04-21T12:06:32","modified_gmt":"2010-04-21T10:06:32","slug":"utbildning-nyckeln-till-sysselsattning-och-valfard","status":"publish","type":"post","link":"https:\/\/kulturbloggen.com\/?p=19732","title":{"rendered":"Utbildning nyckeln till syssels\u00e4ttning och v\u00e4lf\u00e4rd"},"content":{"rendered":"<p><a href=\"http:\/\/kulturbloggen.com\/wp-content\/uploads\/2010\/04\/monasahlin_turne21.jpg\"><img loading=\"lazy\" decoding=\"async\" src=\"http:\/\/kulturbloggen.com\/wp-content\/uploads\/2010\/04\/monasahlin_turne21-300x225.jpg\" alt=\"\" title=\"monasahlin_turne2\" width=\"300\" height=\"225\" class=\"aligncenter size-medium wp-image-19736\" \/><\/a><br \/>\nOm Sverige ska klara sig i den alltmer \u00f6kande globala konkurrensen d\u00e5 \u00e4r utbildning nyckeln. Under l\u00e5gkonjunkturen under 1980-talet satsade Sverige p\u00e5 utbildningar, framf\u00f6r allt inom IT. Det gav konkret resultat i massor av entrepren\u00f6rskap inom IT.<\/p>\n<p>Vad har skett under nuvarande finanskris? Ingen kan p\u00e5st\u00e5 att det satsats p\u00e5 utbildning. D\u00e4rf\u00f6r blev jag j\u00e4tteglad n\u00e4r Socialdemokraternas partiledare p\u00e5 ett m\u00f6te p\u00e5 h\u00f6gskolan i G\u00e4vle ber\u00e4ttade att de r\u00f6dgr\u00f6na har siktet tydligt inst\u00e4llt p\u00e5 att investera i utbildning:<br \/>\nUr ett pressmeddelande:<\/p>\n<blockquote><p>Utbildningsm\u00f6jligheter \u00e4r avg\u00f6rande b\u00e5de f\u00f6r den enskildes och hela Sveriges utveckling. Svenskt N\u00e4ringsliv rapporterar att vart femte jobb g\u00e5r f\u00f6rlorat f\u00f6r att f\u00f6retagen inte har r\u00e4tt kompetens. Att hitta r\u00e4tt personal \u00e4r ett v\u00e4sentligt hinder f\u00f6r att f\u00f6retag ska kunna v\u00e4xa och utvecklas. Dessutom st\u00e5r det klart tt den m\u00e4nniska som har mer utbildning har l\u00e4ttare att hitta jobb.<\/p><\/blockquote>\n<p>Det \u00e4r helt r\u00e4tt. Sverige m\u00e5ste ha en politik som satsar p\u00e5 utbildning: p\u00e5 alla plan; fr\u00e5n att skapa bra skolor f\u00f6r de minsta till att alla ska kunna g\u00e5 p\u00e5 gymnasiet och p\u00e5 h\u00f6gskolor, till satsning p\u00e5 komvux, att de som strulat under ungdomstiden kan komma tillbaka och satsa &#8230;<\/p>\n<p><a href=\"http:\/\/mitt-i-steget.blogspot.com\/2010\/04\/spets-fordrar-bredd.html\">Johan Westerholm har ocks\u00e5 bloggat om detta:<\/a><\/p>\n<blockquote><p>Utbildningsminister Tobias Krantz (FP) har valt en annan v\u00e4g, att ta befintliga resurser och satsa dessa p\u00e5 ett f\u00e5tal universitet.<\/p>\n<p>Vad (S) politik tar avstamp i \u00e4r behovet av en st\u00e4ndig f\u00f6rnyelse av svensk arbetsmarknad. S\u00e5v\u00e4l industri som v\u00e4lf\u00e4rd. Och d\u00e5 duger det inte att inte se till breddsatsningarna om v\u00e5r position som exportnation skall kunna forts\u00e4tta vara en garant f\u00f6r v\u00e4lf\u00e4rden.<\/p><\/blockquote>\n<p>Relaterat:<br \/>\n<a href=\"http:\/\/www.socialdemokraterna.se\/Media\/nyheter\/Mona-Sahlin-inleder-\/\">Mona Sahlin p\u00e5 bussturn\u00e9<\/a>.<\/p>\n<p><a href=\"http:\/\/www.dn.se\/nyheter\/valet2010\/rodgrona-vill-slopa-aktivitetsforbud-for-unga-1.1081222\">Dagens Nyheter<\/a><\/p>\n<p>Mer hos <a href=\"http:\/\/www.s-buzz.se\/2010\/04\/nagra-beslut-som-kommer-fattas-pa-det.html\">Johan p\u00e5 S-buzz<\/a> och <a href=\"http:\/\/rodaberget.wordpress.com\/2010\/04\/21\/en-formiddag-med-mona-pa-gavle-hogskola\/\">Peter p\u00e5 R\u00f6da Berget.<\/a><\/p>\n<p>L\u00e4s \u00e4ven andra bloggares \u00e5sikter om <a href=\"http:\/\/bloggar.se\/om\/politik\" rel=\"tag\">politik<\/a>, <a href=\"http:\/\/bloggar.se\/om\/utbildning\" rel=\"tag\">utbildning<\/a>, <a href=\"http:\/\/bloggar.se\/om\/skola\" rel=\"tag\">skola<\/a>, <a href=\"http:\/\/bloggar.se\/om\/h%F6gskola\" rel=\"tag\">h\u00f6gskola<\/a><\/p>\n","protected":false},"excerpt":{"rendered":"<p>Om Sverige ska klara sig i den alltmer \u00f6kande globala konkurrensen d\u00e5 \u00e4r utbildning nyckeln. Under l\u00e5gkonjunkturen under 1980-talet satsade Sverige p\u00e5 utbildningar, framf\u00f6r allt inom IT. Det gav konkret resultat i massor av entrepren\u00f6rskap inom IT. Vad har skett under nuvarande finanskris? Ingen kan p\u00e5st\u00e5 att det satsats p\u00e5 utbildning. D\u00e4rf\u00f6r blev jag j\u00e4tteglad [&hellip;]<\/p>\n","protected":false},"author":2,"featured_media":0,"comment_status":"open","ping_status":"open","sticky":false,"template":"","format":"standard","meta":{"_genesis_hide_title":false,"_genesis_hide_breadcrumbs":false,"_genesis_hide_singular_image":false,"_genesis_hide_footer_widgets":false,"_genesis_custom_body_class":"","_genesis_custom_post_class":"","_genesis_layout":"","footnotes":""},"categories":[20],"tags":[2387,12284,5136,6134],"class_list":{"0":"post-19732","1":"post","2":"type-post","3":"status-publish","4":"format-standard","6":"category-film","7":"tag-hogskola","8":"tag-politik","9":"tag-skola","10":"tag-utbildning","11":"entry"},"_links":{"self":[{"href":"https:\/\/kulturbloggen.com\/index.php?rest_route=\/wp\/v2\/posts\/19732","targetHints":{"allow":["GET"]}}],"collection":[{"href":"https:\/\/kulturbloggen.com\/index.php?rest_route=\/wp\/v2\/posts"}],"about":[{"href":"https:\/\/kulturbloggen.com\/index.php?rest_route=\/wp\/v2\/types\/post"}],"author":[{"embeddable":true,"href":"https:\/\/kulturbloggen.com\/index.php?rest_route=\/wp\/v2\/users\/2"}],"replies":[{"embeddable":true,"href":"https:\/\/kulturbloggen.com\/index.php?rest_route=%2Fwp%2Fv2%2Fcomments&post=19732"}],"version-history":[{"count":0,"href":"https:\/\/kulturbloggen.com\/index.php?rest_route=\/wp\/v2\/posts\/19732\/revisions"}],"wp:attachment":[{"href":"https:\/\/kulturbloggen.com\/index.php?rest_route=%2Fwp%2Fv2%2Fmedia&parent=19732"}],"wp:term":[{"taxonomy":"category","embeddable":true,"href":"https:\/\/kulturbloggen.com\/index.php?rest_route=%2Fwp%2Fv2%2Fcategories&post=19732"},{"taxonomy":"post_tag","embeddable":true,"href":"https:\/\/kulturbloggen.com\/index.php?rest_route=%2Fwp%2Fv2%2Ftags&post=19732"}],"curies":[{"name":"wp","href":"https:\/\/api.w.org\/{rel}","templated":true}]}}