{"id":196936,"date":"2025-09-04T07:45:18","date_gmt":"2025-09-04T06:45:18","guid":{"rendered":"https:\/\/kulturbloggen.com\/?p=196936"},"modified":"2025-09-04T07:45:35","modified_gmt":"2025-09-04T06:45:35","slug":"missa-inte-lasdagen-read-hour-mandag-den-8-september","status":"publish","type":"post","link":"https:\/\/kulturbloggen.com\/?p=196936","title":{"rendered":"Missa inte l\u00e4sdagen, Read Hour, m\u00e5ndag den 8 september"},"content":{"rendered":"<p><img decoding=\"async\" class=\"aligncenter size-full wp-image-186912\" src=\"https:\/\/kulturbloggen.com\/wp-content\/uploads\/2025\/09\/unnamed-15.jpg\" alt=\"\" width=\"500\" \/><br \/>\n<em>Elisabet Niskakari tillsammans med Elina Bejta 9a och Gelwar Hasan 9b Foto Gustav Sigala<\/em><\/p>\n<p>Att l\u00e4sa ger s\u00e5 o\u00e4ndligt mycket. Allt som kan g\u00f6ras f\u00f6r att f\u00e5 s\u00e5 m\u00e5nga som m\u00f6jligt att l\u00e4sa mycket \u00e4r v\u00e4rt att uppm\u00e4rksammas.<\/p>\n<p>Ett pressmeddelande fr\u00e5n L\u00e4sr\u00f6relsen skriver om Read Hour:<br \/>\nF\u00f6r fj\u00e4rde \u00e5ret \u00e4r L\u00e4sr\u00f6relsen den samlande kraften f\u00f6r Read Hour Sverige, p\u00e5 FN:s l\u00e4skunnighetsdag den 8 september. En symbolisk timme mellan klockan 19 och 20 med lustl\u00e4sningen i centrum. Evenemanget genomf\u00f6rs med st\u00f6d av L\u00e4rarstiftelsen, Svenska Akademien och Svensk biblioteksf\u00f6rening.<\/p>\n<p>Vad h\u00e4nder under Read Hour? Skolverket uppmuntrar skolorna att arrangera en festdag f\u00f6r l\u00e4sning. N\u00e4tverket L\u00c4SLOV med elevorganisationer, bokf\u00f6rlag, bibliotek, bokhandel, idrottsf\u00f6reningar, fackliga organisationer, kulturinstitutioner och f\u00f6retag uppm\u00e4rksammar dagen \u00f6ver hela landet. Liksom Story House Egmont, Pressbyr\u00e5n, Bonnierf\u00f6rlagen och Storytel.<\/p>\n<p>Hundratals L\u00e4sande f\u00f6rebilder i alla \u00e5ldrar och med olika bakgrund presenteras p\u00e5 Read Hour Sveriges hemsida. Det \u00e4r partiledare och spr\u00e5kr\u00f6r fr\u00e5n samtliga riksdagspartier, nuvarande och tidigare ministrar, ledam\u00f6ter i Svenska Akademien och fackliga ledare, l\u00e4rare och bibliotekarier och allt fr\u00e5n bloggare till idrottare. Tre superl\u00e4sare \u00e4r Sepenta Sarhadi, 12 \u00e5r, \u201dOlivia L\u00e4sm\u00e4stare\u201d Nilsson, 9 \u00e5r, och \u201dCarl Boktipsar\u201d Blomqvist, 11 \u00e5r.<\/p>\n<p>Hela Malm\u00f6 l\u00e4ser har anslutit sig. En satsning inom Malm\u00f6 stad f\u00f6r att inspirera alla medarbetare i stadens f\u00f6rvaltningar att prioritera l\u00e4sning, prata om b\u00f6cker och g\u00f6ra litteraturen mer synlig p\u00e5 sina arbetsplatser. Och f\u00f6r att visa v\u00e4gen till l\u00e4sning f\u00f6r barn och unga genom att vara goda l\u00e4sande f\u00f6rebilder.<\/p>\n<p>Nytt f\u00f6r i \u00e5r \u00e4r att byta en bok under festdagen f\u00f6r l\u00e4sning med en arbetskamrat under fikaraster och luncher, eller med en granne eller med n\u00e5gon annan.<\/p>\n<p>R\u00e4tten till utbildning \u00e4r fastslagen i FN:s deklaration om de m\u00e4nskliga r\u00e4ttigheterna, det lyfter vi fram under m\u00e5ndag 8 september.<\/p>\n<p>\u2013 Totalt \u00e4r det cirka 739 miljoner av v\u00e4rldens ungdomar och vuxna som saknar grundl\u00e4ggande l\u00e4s- och skrivkunskaper. Majoriteten av dem \u00e4r flickor och kvinnor och de flesta lever i extrem fattigdom, s\u00e4ger Markus Ask, generalsekreterare f\u00f6r ALEF, Adult Learning and Empowerment Facilitators.<\/p>\n<p>\u2013 Betydelsen av spr\u00e5ket, litteraturen och l\u00e4sandet kan inte \u00f6verskattas. Det \u00e4r med gl\u00e4dje och tacksamhet Svenska Akademien st\u00e4ller sig bakom Read Hour, s\u00e4ger Mats Malm, st\u00e4ndig sekreterare Svenska Akademien.<\/p>\n<p>\u2013 L\u00e4sf\u00f6rm\u00e5ga \u00e4r avg\u00f6rande f\u00f6r barn och ungas m\u00f6jligheter att klara skolan och det framtida arbetslivet. Goda l\u00e4svanor beh\u00f6ver formas tidigt och b\u00e5de f\u00f6r\u00e4ldrar och l\u00e4rare har avg\u00f6rande roller f\u00f6r att l\u00e4gga den grunden. Genom Read Hour vill vi tillsammans bidra till att lyfta betydelsen av l\u00e4sning och l\u00e4sengagemang i Sverige, s\u00e4ger Malin Tufvesson, generalsekreterare L\u00e4rarstiftelsen.<\/p>\n<p>\u2013 Read Hour \u00e4r ett utm\u00e4rkt s\u00e4tt att uppm\u00e4rksamma och inspirera till l\u00e4sning. Runt om i landet arbetar biblioteken l\u00e4sfr\u00e4mjande varje dag, och det \u00e4r d\u00e4rf\u00f6r s\u00e5 oerh\u00f6rt bra att alla elever har r\u00e4tt till utbildade skolbibliotekarier p\u00e5 alla skolbibliotek fr\u00e5n och med h\u00f6stterminen. Nu hoppas jag att m\u00e5nga \u00e4r med den 8 september i \u00e5r och delar med sig av sina l\u00e4supplevelser, s\u00e4ger Silvia Ernhagen, generalsekreterare Svensk biblioteksf\u00f6rening.<\/p>\n<p>\u2013 Satsningen Read Hour \u00e4r f\u00f6r att st\u00e4rka l\u00e4sningen i alla former \u2013 med \u00f6gon, \u00f6ron och fingrar. Tillg\u00e5ngen till ett rikt spr\u00e5k \u00e4r en f\u00f6ruts\u00e4ttning f\u00f6r demokratin, s\u00e4ger L\u00e4sr\u00f6relsens ordf\u00f6rande Elisabet Resleg\u00e5rd.<\/p>\n<p><strong>N\u00e5gra av de L\u00e4sande f\u00f6rebilderna:<\/strong><\/p>\n<p>Agnes T\u00f6r\u00f6k, Sveriges L\u00e4sambassad\u00f6r<br \/>\nAlbab Alam, juriststudent och aktiv inom satsningen L\u00e4sa \u00e4ger<br \/>\nAllan Widman, landsh\u00f6vding i Kalmar l\u00e4n<br \/>\nAndreas Norl\u00e9n, riksdagens talman<br \/>\nAnja Gatu, f\u00f6rfattare, journalist, ordf\u00f6rande Sveriges F\u00f6rfattarf\u00f6rbund<br \/>\nAnna Olskog, f\u00f6rbundsordf\u00f6rande Sveriges L\u00e4rare<br \/>\nAnna Singhateh, utvecklingssamordnare f\u00f6r satsningen Hela Malm\u00f6 l\u00e4ser<br \/>\nAnna-Karin Hatt, partiledare Centerpartiet<br \/>\nAnnie Seel, motorcykel- och rallyf\u00f6rare<br \/>\nCarina St\u00e5hl Herrstedt, landsh\u00f6vding i G\u00e4vleborgs l\u00e4n<br \/>\nEmilia Litzell, booktoker och bookstagrammer<br \/>\nGift Blessing, f\u00f6rfattare och artist<br \/>\nG\u00f6ran Arrius, ordf\u00f6rande Saco<br \/>\nIsabella Reinhold Carlsson, booktoker<br \/>\nJan Eliasson, tidigare utrikesminister, vice generalsekreterare f\u00f6r FN<br \/>\nJan L\u00f6\u00f6f, tecknare och f\u00f6rfattare<br \/>\nJohan Lindholm, ordf\u00f6rande LO<br \/>\nJonatan Lamy, ordf\u00f6rande Sveriges Elevk\u00e5rer<br \/>\nKristina Ax\u00e9n Olin, gruppledare i Kulturutskottet (M)<br \/>\nLars Stranneg\u00e5rd, rektor Handelsh\u00f6gskolan<br \/>\nLawen Redar, kulturpolitisk talesperson (S)<br \/>\nLena R\u00e5dstr\u00f6m Baastad, landsh\u00f6vding i \u00d6rebro l\u00e4n<br \/>\nLinnea Lindquist, rektor<br \/>\nLotta Edholm, gymnasie-, h\u00f6gskole- och forskningsminister<br \/>\nMaren Mogstad, bookstagrammer och booktoker<br \/>\nMathilda Dyke, bibliotekarie och bookstagrammer<br \/>\nMats Myrberg, professor i specialpedagogik<br \/>\nMoa de Bruin, f\u00f6rfattare<br \/>\nNicolas Lunabba, f\u00f6rfattare och l\u00e4nge aktiv i organisationen Helamalm\u00f6<br \/>\nParisa Liljestrand, kulturminister<br \/>\nP\u00e4r Sahlin, f\u00f6rfattare<br \/>\nRichard Herold, ordf\u00f6rande Svenska F\u00f6rl\u00e4ggaref\u00f6reningen<br \/>\nSimona Mohamsson, partiledare Liberalerna<br \/>\nTammi Gustafsson Nadel, undervisningsr\u00e5d Skolverket<br \/>\nTherese Svanstr\u00f6m, ordf\u00f6rande TCO<br \/>\nTommy Bildstr\u00f6m, bibliotekschef och ledamot i Statens kulturr\u00e5ds l\u00e4sr\u00e5d<br \/>\nViktor Elm, tidigare fotbollsproffs, nu aktiv i satsningen Kalmar FF med hj\u00e4rtat<br \/>\n\u00c5sa Lindestam, ordf\u00f6rande PRO<\/p>\n<p>De L\u00e4sande f\u00f6rebilderna finns p\u00e5 <a href=\"https:\/\/readhoursverige.se\">www.readhoursverige.se.<\/a> Det g\u00e5r ocks\u00e5 att f\u00f6lja Read Hour i sociala medier och sj\u00e4lv dela inl\u00e4gg under #ReadHourSverige och #ReadHour.<\/p>\n","protected":false},"excerpt":{"rendered":"<p>Elisabet Niskakari tillsammans med Elina Bejta 9a och Gelwar Hasan 9b Foto Gustav Sigala Att l\u00e4sa ger s\u00e5 o\u00e4ndligt mycket. Allt som kan g\u00f6ras f\u00f6r att f\u00e5 s\u00e5 m\u00e5nga som m\u00f6jligt att l\u00e4sa mycket \u00e4r v\u00e4rt att uppm\u00e4rksammas. Ett pressmeddelande fr\u00e5n L\u00e4sr\u00f6relsen skriver om Read Hour: F\u00f6r fj\u00e4rde \u00e5ret \u00e4r L\u00e4sr\u00f6relsen den samlande kraften f\u00f6r [&hellip;]<\/p>\n","protected":false},"author":13,"featured_media":196944,"comment_status":"closed","ping_status":"closed","sticky":false,"template":"","format":"standard","meta":{"_genesis_hide_title":false,"_genesis_hide_breadcrumbs":false,"_genesis_hide_singular_image":false,"_genesis_hide_footer_widgets":false,"_genesis_custom_body_class":"","_genesis_custom_post_class":"","_genesis_layout":"","footnotes":""},"categories":[3,13624],"tags":[],"class_list":{"0":"post-196936","1":"post","2":"type-post","3":"status-publish","4":"format-standard","5":"has-post-thumbnail","7":"category-litteratur","8":"category-toppnytt","9":"entry"},"_links":{"self":[{"href":"https:\/\/kulturbloggen.com\/index.php?rest_route=\/wp\/v2\/posts\/196936","targetHints":{"allow":["GET"]}}],"collection":[{"href":"https:\/\/kulturbloggen.com\/index.php?rest_route=\/wp\/v2\/posts"}],"about":[{"href":"https:\/\/kulturbloggen.com\/index.php?rest_route=\/wp\/v2\/types\/post"}],"author":[{"embeddable":true,"href":"https:\/\/kulturbloggen.com\/index.php?rest_route=\/wp\/v2\/users\/13"}],"replies":[{"embeddable":true,"href":"https:\/\/kulturbloggen.com\/index.php?rest_route=%2Fwp%2Fv2%2Fcomments&post=196936"}],"version-history":[{"count":9,"href":"https:\/\/kulturbloggen.com\/index.php?rest_route=\/wp\/v2\/posts\/196936\/revisions"}],"predecessor-version":[{"id":196949,"href":"https:\/\/kulturbloggen.com\/index.php?rest_route=\/wp\/v2\/posts\/196936\/revisions\/196949"}],"wp:featuredmedia":[{"embeddable":true,"href":"https:\/\/kulturbloggen.com\/index.php?rest_route=\/wp\/v2\/media\/196944"}],"wp:attachment":[{"href":"https:\/\/kulturbloggen.com\/index.php?rest_route=%2Fwp%2Fv2%2Fmedia&parent=196936"}],"wp:term":[{"taxonomy":"category","embeddable":true,"href":"https:\/\/kulturbloggen.com\/index.php?rest_route=%2Fwp%2Fv2%2Fcategories&post=196936"},{"taxonomy":"post_tag","embeddable":true,"href":"https:\/\/kulturbloggen.com\/index.php?rest_route=%2Fwp%2Fv2%2Ftags&post=196936"}],"curies":[{"name":"wp","href":"https:\/\/api.w.org\/{rel}","templated":true}]}}