{"id":196871,"date":"2025-09-03T07:47:05","date_gmt":"2025-09-03T06:47:05","guid":{"rendered":"https:\/\/kulturbloggen.com\/?p=196871"},"modified":"2025-09-03T07:47:06","modified_gmt":"2025-09-03T06:47:06","slug":"filmrecension-tre-vaninnor-det-komiska-och-samtidigt-allvarliga-balanseras-pa-ett-kansligt-satt","status":"publish","type":"post","link":"https:\/\/kulturbloggen.com\/?p=196871","title":{"rendered":"Filmrecension: Tre v\u00e4ninnor &#8211; Det komiska och samtidigt allvarliga balanseras p\u00e5 ett k\u00e4nsligt s\u00e4tt"},"content":{"rendered":"<p><img decoding=\"async\" class=\"aligncenter size-full wp-image-186912\" src=\"https:\/\/kulturbloggen.com\/wp-content\/uploads\/2025\/09\/unnamed-17-1.jpg\" alt=\"\" width=\"500\" \/><\/p>\n<p>Tre v\u00e4ninnor<br \/>\nBetyg 5<br \/>\nSvensk biopremi\u00e4r 5 september 2025<br \/>\nRegi Emmanuel Mouret<br \/>\nRollerna Camille Cottin som Joan, Sara Forestier som Alice och India Hair som Rebecca. <\/p>\n<p>Filmens huvudperson Joan arbetar som l\u00e4rare. N\u00e4r termin startar tr\u00e4ffar hon Thomas som \u00e4r nyanst\u00e4lld p\u00e5 den tj\u00e4nst som Joans nyligen avlidne man Victor hade innan sin d\u00f6d. Det f\u00e5r vi veta genom en ber\u00e4ttarr\u00f6st som visar sig tillh\u00f6ra hennes d\u00f6de man, som allts\u00e5 f\u00f6r n\u00e5gra \u00f6gonblick \u00e5terv\u00e4nder fr\u00e5n det d\u00f6da. Han \u00e5terkommer sedan vid flera tillf\u00e4llen under filmens g\u00e5ng som observat\u00f6r och k\u00e4rleksfull r\u00e5dgivare kring Joans komplicerade m\u00f6ten med andra m\u00e4n. Den egoistiska k\u00e4rlek som han k\u00e4nde f\u00f6r Joan n\u00e4r han levde har efter hans d\u00f6d omvandlats till en icke-egoistisk k\u00e4rlek. Men f\u00f6r att vi skall f\u00f6rst\u00e5 vad som utspelar sig i nuet \u00e5terv\u00e4nder vi med ber\u00e4ttarens hj\u00e4lp till det som h\u00e4nde ungef\u00e4r ett \u00e5r tidigare.<br \/>\nVid ett tillf\u00e4lle d\u00e5 Joan och hennes tv\u00e5 v\u00e4ninnor Alice och Rebecca tr\u00e4ffas ber\u00e4ttar de f\u00f6r varandra om de senaste turerna i k\u00e4rlekslivet. Rebecca s\u00e4ger inte s\u00e5 mycket, hon \u00e4r snarare tyst och hemlighetsfull. Varf\u00f6r hon drar sig undan f\u00f6rst\u00e5r vi senare n\u00e4r det visar sig vem hennes \u00e4lskare mister X \u00e4r.  N\u00e4r Rebecca har g\u00e5tt och Joan och Alice blir ensamma s\u00e4ger Joan pl\u00f6tsligt att hon har slutat \u00e4lska sin man och att hon har s\u00e5 d\u00e5ligt samvete f\u00f6r det. Hon v\u00e5gar inte ber\u00e4tta f\u00f6r Viktor eftersom hon inte vill g\u00f6ra honom illa. Hon tycker om honom men det \u00e4r allt. Det \u00e4r ingenting som Alice tycker \u00e4r konstigt, hon har aldrig har \u00e4lskat sin man Eric. Hon tycker n\u00e4mligen att det \u00e4r sk\u00f6nt med lite svalare f\u00f6rh\u00e5llanden. Innan hon m\u00f6tte Eric hade hon varit tillsammans med en man som hon var djupt f\u00f6r\u00e4lskad. Eftersom hon var r\u00e4dd f\u00f6r att mista honom led hon st\u00e4ndigt av svartsjuka, k\u00e4nslor som hon slipper i det svalare f\u00f6rh\u00e5llandet med Eric.<\/p>\n<p>Det hj\u00e4lper inte Joan det minsta. Till slut ber\u00e4ttar hon f\u00f6r Victor att k\u00e4rleken \u00e4r slut. Efter m\u00e5nga turer \u00e4r uppbrottet definitivt. Victor super sig full vilket g\u00f6ra att han k\u00f6r av v\u00e4gen och d\u00f6r. Joans skuldk\u00e4nslor blir \u00e4nnu v\u00e4rre. Hon tycker att olyckan \u00e4r hennes fel och att det \u00e4r hennes fel att deras dotter Nina har f\u00f6rlorat sin pappa. <\/p>\n<p>Mitt i sorgen och skuldk\u00e4nslorna tr\u00e4ffar hon den nya l\u00e4raren Thomas igen. Han har f\u00e5tt en l\u00e4genhet i samma hus som Joan. Efter ett tag b\u00f6rjar de umg\u00e5s med varandra. Deras tv\u00e5 d\u00f6ttrar blir b\u00e4sta v\u00e4nner och vill till och med bli systrar. Thomas vill mer \u00e4n bara vara v\u00e4n men Joan s\u00e4ger att hon inte \u00e4r mogen f\u00f6r att nytt f\u00f6rh\u00e5llande. Pl\u00f6tsligt \u00e5terv\u00e4nder Victor som s\u00e4ger att han ser henne och Nina hela tiden och att hon inte beh\u00f6ver ha d\u00e5ligt samvetet, allt \u00e4r bra nu. <\/p>\n<p>Men n\u00e4r Thomas v\u00e4n Martin dyker upp blir hon pl\u00f6tsligt f\u00f6r\u00e4lskad i honom och b\u00f6rjar fantisera om att flytta ihop.<\/p>\n<p>Alice och Rebeccas lika trassliga k\u00e4rleksliv p\u00e5g\u00e5r parallellt med Joans. I en dr\u00f6m ser Alice ett telefonnummer som visar sig vara till en man. Vad betyder det? Ska hon ringa? G\u00f6r det s\u00e4ger Rebecca p\u00e5 ett s\u00e4tt som g\u00f6r att man b\u00f6rjar undra. Till slut ringer Alice upp mannen som visar sig vare en k\u00e4nd konstn\u00e4r och som g\u00e4rna vill tr\u00e4ffa Alice. \u00c5k, \u00e5k, \u00e5k s\u00e4ger Rebecca som dessutom villigt deltar i m\u00f6rkl\u00e4ggningen av Alice dejt med konstn\u00e4ren. Men n\u00e4r Eric f\u00f6rst\u00e5r att Alice dejtar n\u00e5gon annan blir han svartsjuk vilket inte Rebecca gillar. Och Alice b\u00f6rjar samtidigt bli tveksam till konstn\u00e4ren, Eric kanske inte \u00e4r s\u00e5 dum \u00e4nd\u00e5. Det g\u00f6r att Rebecca, utan Alice vetskap, tar chansen att s\u00f6ka upp konstn\u00e4ren. Kan han vara n\u00e5got f\u00f6r henne. <\/p>\n<p>Filmen slutar med en fest hos Alice och Eric. Till festen kommer pl\u00f6tsligt en galet f\u00f6r\u00e4lskad Rebecca med sin lika f\u00f6r\u00e4lskade helt nya bekantskap. Joan och Thomas \u00e4r ocks\u00e5 d\u00e4r och Joan t\u00e4nker kanske \u00e4nd\u00e5. Eller kanske inte. Mannen som hon aldrig sett f\u00f6rut och som bjuder henne p\u00e5 en t\u00e5rtbit, kan det vara han som ska fylla hennes liv med k\u00e4rlek.<br \/>\nRegiss\u00f6ren Emmanuel Mouret kallas ibland f\u00f6r de franska k\u00e4rleksf\u00f6rvecklingarnas m\u00e4stare. H\u00e4r har han verklige lyckats trassla in v\u00e4ninnorna en massa f\u00f6rvecklingar som de p\u00e5 n\u00e5got s\u00e4tt verkar vara mer eller mindre omedvetna om sj\u00e4lva.  En omedvetenhet som g\u00f6r att v\u00e4nskapen trots allt best\u00e5r.  Det komiska och samtidigt allvarliga balanseras p\u00e5 ett k\u00e4nsligt s\u00e4tt b\u00e5de genom akt\u00f6rernas kroppsspr\u00e5k och dialoger. N\u00e4stan som Woody Allen n\u00e4r han \u00e4r som b\u00e4st. <\/p>\n<p><iframe loading=\"lazy\" width=\"560\" height=\"315\" src=\"https:\/\/www.youtube.com\/embed\/x-vPHVNdcgE?si=GIvLmITK4h4fD1fJ\" title=\"YouTube video player\" frameborder=\"0\" allow=\"accelerometer; autoplay; clipboard-write; encrypted-media; gyroscope; picture-in-picture; web-share\" referrerpolicy=\"strict-origin-when-cross-origin\" allowfullscreen><\/iframe><\/p>\n","protected":false},"excerpt":{"rendered":"<p>Tre v\u00e4ninnor Betyg 5 Svensk biopremi\u00e4r 5 september 2025 Regi Emmanuel Mouret Rollerna Camille Cottin som Joan, Sara Forestier som Alice och India Hair som Rebecca. Filmens huvudperson Joan arbetar som l\u00e4rare. N\u00e4r termin startar tr\u00e4ffar hon Thomas som \u00e4r nyanst\u00e4lld p\u00e5 den tj\u00e4nst som Joans nyligen avlidne man Victor hade innan sin d\u00f6d. Det [&hellip;]<\/p>\n","protected":false},"author":85,"featured_media":196892,"comment_status":"closed","ping_status":"closed","sticky":false,"template":"","format":"standard","meta":{"_genesis_hide_title":false,"_genesis_hide_breadcrumbs":false,"_genesis_hide_singular_image":false,"_genesis_hide_footer_widgets":false,"_genesis_custom_body_class":"","_genesis_custom_post_class":"","_genesis_layout":"","footnotes":""},"categories":[50,51,16,20,13624],"tags":[],"class_list":{"0":"post-196871","1":"post","2":"type-post","3":"status-publish","4":"format-standard","5":"has-post-thumbnail","7":"category-filmfilm","8":"category-filmer","9":"category-recension","10":"category-film","11":"category-toppnytt","12":"entry"},"_links":{"self":[{"href":"https:\/\/kulturbloggen.com\/index.php?rest_route=\/wp\/v2\/posts\/196871","targetHints":{"allow":["GET"]}}],"collection":[{"href":"https:\/\/kulturbloggen.com\/index.php?rest_route=\/wp\/v2\/posts"}],"about":[{"href":"https:\/\/kulturbloggen.com\/index.php?rest_route=\/wp\/v2\/types\/post"}],"author":[{"embeddable":true,"href":"https:\/\/kulturbloggen.com\/index.php?rest_route=\/wp\/v2\/users\/85"}],"replies":[{"embeddable":true,"href":"https:\/\/kulturbloggen.com\/index.php?rest_route=%2Fwp%2Fv2%2Fcomments&post=196871"}],"version-history":[{"count":5,"href":"https:\/\/kulturbloggen.com\/index.php?rest_route=\/wp\/v2\/posts\/196871\/revisions"}],"predecessor-version":[{"id":196898,"href":"https:\/\/kulturbloggen.com\/index.php?rest_route=\/wp\/v2\/posts\/196871\/revisions\/196898"}],"wp:featuredmedia":[{"embeddable":true,"href":"https:\/\/kulturbloggen.com\/index.php?rest_route=\/wp\/v2\/media\/196892"}],"wp:attachment":[{"href":"https:\/\/kulturbloggen.com\/index.php?rest_route=%2Fwp%2Fv2%2Fmedia&parent=196871"}],"wp:term":[{"taxonomy":"category","embeddable":true,"href":"https:\/\/kulturbloggen.com\/index.php?rest_route=%2Fwp%2Fv2%2Fcategories&post=196871"},{"taxonomy":"post_tag","embeddable":true,"href":"https:\/\/kulturbloggen.com\/index.php?rest_route=%2Fwp%2Fv2%2Ftags&post=196871"}],"curies":[{"name":"wp","href":"https:\/\/api.w.org\/{rel}","templated":true}]}}