{"id":196842,"date":"2025-09-02T15:57:21","date_gmt":"2025-09-02T14:57:21","guid":{"rendered":"https:\/\/kulturbloggen.com\/?p=196842"},"modified":"2025-09-02T15:57:22","modified_gmt":"2025-09-02T14:57:22","slug":"filmrecension-film-om-siw-en-brist-filmen-igenom-att-sa-fa-andra-roster-kommer-till-tals","status":"publish","type":"post","link":"https:\/\/kulturbloggen.com\/?p=196842","title":{"rendered":"Filmrecension: Film om Siw &#8211; en brist filmen igenom att s\u00e5 f\u00e5 andra r\u00f6ster kommer till tals"},"content":{"rendered":"<p><img decoding=\"async\" class=\"aligncenter size-full wp-image-186912\" src=\"https:\/\/kulturbloggen.com\/wp-content\/uploads\/2025\/09\/unnamed-17.jpg\" alt=\"\" width=\"500\" \/><\/p>\n<p>Filmen om Siw<br \/>\nBetyg 3<br \/>\nSvensk biopremi\u00e4r 3 september 2025<br \/>\nRegi Stina Gardell<\/p>\n<p>Regiss\u00f6ren Stina Gardell tycks ha f\u00e5tt id\u00e9n att g\u00f6ra en film om Siw Malmkvist n\u00e4r hon fick tillg\u00e5ng till artistens l\u00e5dor med Super 8-filmer. Det \u00e4r d\u00e4rf\u00f6r filmen b\u00f6rjar med gamla filmklipp p\u00e5 olika insekter (!).<\/p>\n<p>Sen f\u00e5r Siw Malmkvist svara p\u00e5 om hon \u00e4r r\u00e4dd f\u00f6r att d\u00f6.<br \/>\nMen det \u00e4r inte den privata Siw, eller hennes hemmainspelningar som \u00e4r det intressanta med henne, uppt\u00e4cker man n\u00e4r filmen segat sig fram ett tag. <\/p>\n<p>Pl\u00f6tsligt f\u00e5r bilder och filmklipp p\u00e5 henne som s\u00e5ngerska och sk\u00e5despelare filmduken att gl\u00f6da. Surprise: Det \u00e4r artisten som \u00e4r grejen!<\/p>\n<p>Stina Gardell, f\u00f6dd 30 \u00e5r efter den hon ska skildra, verkar inte riktigt ha koll. I en intervju s\u00e4ger hon att hon hade \u201df\u00f6rutfattade meningar\u201d om Siw Malmkvist och andra s\u00e5ngerskor i hennes generation, som \u201dborgarnas fruar\u201d och \u201dde fina kvinnorna\u201d.<br \/>\nM\u00e4rkligt. Det \u00e4r v\u00e4l allm\u00e4n kunskap att b\u00e5de Lill-Babs och Siw Malmkvist kom fr\u00e5n enkla f\u00f6rh\u00e5llanden. N\u00e4r barndomen i Borstahusen i Landskrona ska skildras f\u00e5r milj\u00f6erna inte riktigt liv. Inga syskon eller j\u00e4mn\u00e5riga fr\u00e5n den tiden kommer till tals.<br \/>\nSiw Malmkvists egen ganska gl\u00e4ttiga syn p\u00e5 sin uppv\u00e4xt f\u00e5r r\u00e5da.<br \/>\nDet \u00e4r en brist filmen igenom att s\u00e5 f\u00e5 andra r\u00f6ster kommer till tals. Det saknas ocks\u00e5 obekv\u00e4ma fr\u00e5gor.<br \/>\nTill exempel metoo-relaterade. Hur var det att vara ung kvinnlig artist i den manligt styrda n\u00f6jesv\u00e4rlden p\u00e5 50- och 60-talen?<br \/>\nDet \u00e4r Siw Malmkvist som v\u00e4ljer vad hon ska ber\u00e4tta. Och visst har filmen sina po\u00e4nger som en skildring av en b\u00e5de fysiskt och mentalt sp\u00e4nstig 88-\u00e5ring. Men det \u00e4r inte j\u00e4tteintressant att f\u00f6lja hur hon flyttar fr\u00e5n en l\u00e4genhet till en annan.<br \/>\nDe privata filmerna som anv\u00e4nds ymnigt l\u00e4gger s\u00e4llan till n\u00e5got av intresse, utan g\u00f6r att tv\u00e5 timmar k\u00e4nns f\u00f6r l\u00e5ngt.<\/p>\n<p>Det \u00e4r n\u00e4r vi f\u00e5r se och h\u00f6ra Siw Malmkvist sjunga i historiska filmklipp som det griper tag. S\u00e5 snygg hon var, s\u00e5 bra hon sj\u00f6ng, vilken livslust hon utstr\u00e5lade!<\/p>\n<p>En h\u00f6jdpunkt \u00e4r ett nummer som jag antar \u00e4r fr\u00e5n musikalen \u201dNine\u201d, d\u00e4r Ernst-Hugo J\u00e4reg\u00e5rd hj\u00e4lpte henne till \u201ddet b\u00e4sta jag gjort\u201d.<\/p>\n<p>Men analysen av hennes karri\u00e4r saknas.<br \/>\nVem var hon i den svenska musikhistorien? Hur bra sj\u00f6ng hon egentligen?<br \/>\nHelt fantastiskt, tyckte de i Tyskland, och d\u00e5 dyker faktiskt en utomst\u00e5ende r\u00f6st upp, en man som s\u00e4ger att en s\u00e5 glad och feminin gestalt hade man inte sett i Tyskland, fortfarande tyngt av efterkrigstiden, och s\u00e5 kommer ett magiskt klipp d\u00e4r Siw Malmkvist sjunger p\u00e5 tyska, helt sj\u00e4lvlysande p\u00e5 scen.<\/p>\n<p>Tack och lov kommer Ann-Louise Hanson in i bilden, lyssnar p\u00e5 Siws tolkning av Quincy Jones \u201dThe midnight sun will never set\u201d, gr\u00e5ter och s\u00e4ger \u201ds\u00e5 j\u00e4vla bra du sj\u00f6ng\u201d.<br \/>\nDet \u00e4r n\u00e4r Siw Malmkvists unika g\u00e4rning speglas av andra som filmen f\u00e5r liv och ber\u00e4ttar om en banbrytande artist som den blygsamma huvudpersonen sj\u00e4lv inte riktigt tycks kunna greppa.<\/p>\n<p><iframe loading=\"lazy\" width=\"560\" height=\"315\" src=\"https:\/\/www.youtube.com\/embed\/Y5OQepHawic?si=_lJWF_8jczcvVRT1\" title=\"YouTube video player\" frameborder=\"0\" allow=\"accelerometer; autoplay; clipboard-write; encrypted-media; gyroscope; picture-in-picture; web-share\" referrerpolicy=\"strict-origin-when-cross-origin\" allowfullscreen><\/iframe><\/p>\n","protected":false},"excerpt":{"rendered":"<p>Filmen om Siw Betyg 3 Svensk biopremi\u00e4r 3 september 2025 Regi Stina Gardell Regiss\u00f6ren Stina Gardell tycks ha f\u00e5tt id\u00e9n att g\u00f6ra en film om Siw Malmkvist n\u00e4r hon fick tillg\u00e5ng till artistens l\u00e5dor med Super 8-filmer. Det \u00e4r d\u00e4rf\u00f6r filmen b\u00f6rjar med gamla filmklipp p\u00e5 olika insekter (!). Sen f\u00e5r Siw Malmkvist svara p\u00e5 [&hellip;]<\/p>\n","protected":false},"author":91,"featured_media":196843,"comment_status":"closed","ping_status":"closed","sticky":false,"template":"","format":"standard","meta":{"_genesis_hide_title":false,"_genesis_hide_breadcrumbs":false,"_genesis_hide_singular_image":false,"_genesis_hide_footer_widgets":false,"_genesis_custom_body_class":"","_genesis_custom_post_class":"","_genesis_layout":"","footnotes":""},"categories":[50,51,16,20,13624],"tags":[1329,1728,1738,15139,15396],"class_list":{"0":"post-196842","1":"post","2":"type-post","3":"status-publish","4":"format-standard","5":"has-post-thumbnail","7":"category-filmfilm","8":"category-filmer","9":"category-recension","10":"category-film","11":"category-toppnytt","12":"tag-dokumentar","13":"tag-filmkritik","14":"tag-filmrecension","15":"tag-siw-malmkvist","16":"tag-stina-gardell","17":"entry"},"_links":{"self":[{"href":"https:\/\/kulturbloggen.com\/index.php?rest_route=\/wp\/v2\/posts\/196842","targetHints":{"allow":["GET"]}}],"collection":[{"href":"https:\/\/kulturbloggen.com\/index.php?rest_route=\/wp\/v2\/posts"}],"about":[{"href":"https:\/\/kulturbloggen.com\/index.php?rest_route=\/wp\/v2\/types\/post"}],"author":[{"embeddable":true,"href":"https:\/\/kulturbloggen.com\/index.php?rest_route=\/wp\/v2\/users\/91"}],"replies":[{"embeddable":true,"href":"https:\/\/kulturbloggen.com\/index.php?rest_route=%2Fwp%2Fv2%2Fcomments&post=196842"}],"version-history":[{"count":7,"href":"https:\/\/kulturbloggen.com\/index.php?rest_route=\/wp\/v2\/posts\/196842\/revisions"}],"predecessor-version":[{"id":196851,"href":"https:\/\/kulturbloggen.com\/index.php?rest_route=\/wp\/v2\/posts\/196842\/revisions\/196851"}],"wp:featuredmedia":[{"embeddable":true,"href":"https:\/\/kulturbloggen.com\/index.php?rest_route=\/wp\/v2\/media\/196843"}],"wp:attachment":[{"href":"https:\/\/kulturbloggen.com\/index.php?rest_route=%2Fwp%2Fv2%2Fmedia&parent=196842"}],"wp:term":[{"taxonomy":"category","embeddable":true,"href":"https:\/\/kulturbloggen.com\/index.php?rest_route=%2Fwp%2Fv2%2Fcategories&post=196842"},{"taxonomy":"post_tag","embeddable":true,"href":"https:\/\/kulturbloggen.com\/index.php?rest_route=%2Fwp%2Fv2%2Ftags&post=196842"}],"curies":[{"name":"wp","href":"https:\/\/api.w.org\/{rel}","templated":true}]}}