{"id":19672,"date":"2010-04-20T07:04:48","date_gmt":"2010-04-20T06:04:48","guid":{"rendered":"http:\/\/kulturbloggen.com\/?p=19672"},"modified":"2010-04-20T07:04:48","modified_gmt":"2010-04-20T06:04:48","slug":"boktips-for-pessimister-och-for-pirater-och-for-valarbetare","status":"publish","type":"post","link":"https:\/\/kulturbloggen.com\/?p=19672","title":{"rendered":"Boktips f\u00f6r pessimister och f\u00f6r pirater och f\u00f6r valarbetare"},"content":{"rendered":"<p><a href=\"http:\/\/kulturbloggen.com\/wp-content\/uploads\/2010\/04\/handbokforpessimister.jpg\"><img loading=\"lazy\" decoding=\"async\" src=\"http:\/\/kulturbloggen.com\/wp-content\/uploads\/2010\/04\/handbokforpessimister.jpg\" alt=\"\" title=\"handbokforpessimister\" width=\"192\" height=\"300\" class=\"aligncenter size-full wp-image-19674\" \/><\/a><br \/>\n<em>Det \u00e4r naturligt att dumbommarna \u00e4r i majoritet i riksdagen &#8211; de \u00e4r i majoritet i folket.<\/em><br \/>\nCitat fr\u00e5n <a href=\"http:\/\/sv.wikipedia.org\/wiki\/Hjalmar_S%C3%B6derberg\">Hjalmar S\u00f6derberg<\/a>.<\/p>\n<p><em>Ta inte livet f\u00f6r allvarligt &#8211; du kommer i alla fall inte ifr\u00e5n det levande.<\/em><br \/>\n<a href=\"http:\/\/en.wikipedia.org\/wiki\/Elbert_Hubbard\">Elbert Hubbard<\/a><\/p>\n<p><em>Jag f\u00e5r ibland en k\u00e4nsla av att n\u00e4r Gud skapade m\u00e4nniskan \u00f6verskattade han sin egen f\u00f6rm\u00e5ga.<\/em><br \/>\n<a href=\"http:\/\/sv.wikipedia.org\/wiki\/Oscar_Wilde\">Oscar Wilde<\/a><\/p>\n<p>Tre citat ur en liten sk\u00f6n bok fylld av citat. Boken heter &#8221;Handbok f\u00f6r pessimister&#8221; och \u00e4r utgiven p\u00e5 f\u00f6rlaget K\u00e4nguru (isbn: 978-91-86289-16-4)<\/p>\n<p>H\u00e4r \u00e4r en beskrivning av boken fr\u00e5n en bokbutik:<\/p>\n<blockquote><p>Vem orkar v\u00e4l st\u00e4ndigt le och g\u00e5 omkring och se positivt p\u00e5 livet? F\u00f6r, handen p\u00e5 hj\u00e4rtat, livet \u00e4r ju i grund och botten en allt annat \u00e4n lustig historia. D\u00e4rf\u00f6r \u00e4r den \u00e4rligaste och l\u00e4mpligaste livsh\u00e5llningen pessimismen. Endast pessimister kan m\u00f6ta och tackla tillvaron med insikt och gott resultat.<\/p>\n<p>I Handbok f\u00f6r pessimister ges m\u00e5nga exempel p\u00e5 denna framg\u00e5ngsrika metod att st\u00e5 ut med livet genom att se det f\u00f6r vad det \u00e4r. H\u00e4r f\u00e5r man l\u00e4ra sig att st\u00e4ndigt vara beredd p\u00e5 det v\u00e4rsta och &#8211; n\u00e4r katastrofen v\u00e4l ett faktum &#8211; f\u00f6rtvivla med ett gott skratt. F\u00f6r humorn \u00e4r f\u00f6r pessimisten det fr\u00e4msta vapnet.<\/p>\n<p>&#8221;En pessimist \u00e4r en person som ser sig om \u00e5t b\u00e5da h\u00e5llen innan han g\u00e5r \u00f6ver en enkelriktad gata.&#8221;<\/p><\/blockquote>\n<p>Jag tycker om boken av tre sk\u00e4l. Jag \u00e4r road av bra citatsamlingar. Det kan inspirera mig i olika sammanhang n\u00e4r jag ska h\u00e5lla f\u00f6redrag eller n\u00e4r jag g\u00f6r blogginl\u00e4gg.<\/p>\n<p>Boken \u00e4r vacker i sin strama design i brunrrandigt omslag som ger en k\u00e4nsla av en kartong som gjorts om till bok.<\/p>\n<p>Jag \u00e4r sj\u00e4lv n\u00e5got av en pessimist och tycker d\u00e4rf\u00f6r extra mycket om den h\u00e4r citatsamlingen f\u00f6r att den driver b\u00e5de med oss pessimister och med de som inte \u00e4r pessimister. Det \u00e4r nyttigt att skratta \u00e5t sig sj\u00e4lv ibland.<\/p>\n<p>Jag ska passa p\u00e5 att tipsa om recension av boken &#8221;<br \/>\nJag \u00e4r inte rabiat. Jag \u00e4ter Pizza.&#8221; En bok om sverigedemokraterna av Niklas Orrenius.<br \/>\n<a href=\"http:\/\/bokcirkelforalla.wordpress.com\/2010\/04\/19\/jag-ar-inte-rabiat-jag-ater-pizza\/\">Karin Berg har recenserat den<\/a> i bokbloggen En bokcirkel f\u00f6r alla:<\/p>\n<blockquote><p>Det h\u00e4r \u00e4r en l\u00e4tt bok att l\u00e4sa och den ges ut direkt p\u00e5 pocket f\u00f6r just l\u00e4ttillg\u00e4nglighetens skull. Boken \u00e4r viktig idag d\u00e4r vi st\u00e5r med ett val inf\u00f6r d\u00f6rren, ett val som kan sl\u00e4ppa in Sverigedemokraterna i riksdagen. Och den \u00e4r bra att ha som hj\u00e4lp n\u00e4r man ska ta debatten, f\u00f6r det b\u00f6r man. Eller hur?<\/p><\/blockquote>\n<p>Boken ska jag absolut se till att f\u00e5 tag p\u00e5. Och jag tipsar er samtidigt om bokbloggen <a href=\"http:\/\/bokcirkelforalla.wordpress.com\/\">En bokcirkel f\u00f6r alla.<\/a><br \/>\n<a href=\"http:\/\/www.svd.se\/kulturnoje\/litteratur\/saklig-ton-gor-det-abnorma-tydligare_4587167.svd\">Svenska Dagbladet har ocks\u00e5 recenserat boken<\/a> och <a href=\"http:\/\/www.politikerbloggen.se\/2010\/04\/06\/29657\/\">Politikerbloggen har intervjuat f\u00f6rfattaren<\/a>.<\/p>\n<p>Och sedan en sak som egentligen \u00e4r v\u00e4rd ett eget blogginl\u00e4gg men eftersom jag inte hinner g\u00f6ra fler inl\u00e4gg nu (m\u00e5ste skynda till jobbet) tipsar jag er om The Arks nya skiva. De sl\u00e4pper den som tidning, som en slags protest mot att momsen p\u00e5 skivor \u00e4r mycket h\u00f6gre \u00e4n den p\u00e5 tidningar.<br \/>\n<a href=\"http:\/\/www.expressen.se\/noje\/musik\/1.1957676\/the-arks-smarta-skattetrick-tidning-med-skiva\">Fr\u00e5n Expressen:<\/a><\/p>\n<blockquote><p>H\u00e4r \u00e4r popbandet The Arks smarta skatteklipp.<br \/>\nGenom att ge ut nya skivan i tidningsform slipper gruppen en stor del av den moms som annars ligger p\u00e5 skivor.<br \/>\nMan betalar bara sex procent mot normala 25 procent.<br \/>\n&#8211; Det \u00e4r halva priset mot vad en vanlig skiva kostar, s\u00e4ger s\u00e5ngaren Ola Salo. <\/p><\/blockquote>\n<p>Jag tror inte det handlar om skatteklipp, som Expressen skriver. Det handlar om en demonstration mot det sjuka att ha h\u00f6gre moms p\u00e5 skivor \u00e4n b\u00f6cker och tidningar.<\/p>\n<p><a href=\"http:\/\/ravennasblogg.blogspot.com\/2010\/04\/ark-visar-vagen.html\">Ravenna har ocks\u00e5 bloggar om detta<\/a>:<\/p>\n<blockquote><p>Nej, man kan inte ta f\u00f6r givet att en skiva s\u00e4ljer f\u00f6r 189 kronor bara f\u00f6r att man fj\u00e4rtar ut den. Folk kan ladda ner numer, eller testlyssna p\u00e5 Spotify. Att betala 189 sp\u00e4nn f\u00f6r en plastbit med n\u00e5gra l\u00e5tar p\u00e5 \u00e4r s\u00e5\u00e5\u00e5\u00e5 90-tal. Ute, kaputt, inte att t\u00e4nka p\u00e5.\n<\/p><\/blockquote>\n<p>L\u00e4s \u00e4ven andra bloggares \u00e5sikter om <a href=\"http:\/\/bloggar.se\/om\/piratfr%E5gor\" rel=\"tag\">piratfr\u00e5gor<\/a>, <a href=\"http:\/\/bloggar.se\/om\/skivor\" rel=\"tag\">skivor<\/a>, <a href=\"http:\/\/bloggar.se\/om\/musik\" rel=\"tag\">musik<\/a>, <a href=\"http:\/\/bloggar.se\/om\/sverigedemokraterna\" rel=\"tag\">sverigedemokraterna<\/a>, <a href=\"http:\/\/bloggar.se\/om\/pessimister\" rel=\"tag\">pessimister<\/a>, <a href=\"http:\/\/bloggar.se\/om\/boktips\" rel=\"tag\">boktips<\/a>, <a href=\"http:\/\/bloggar.se\/om\/b%F6cker\" rel=\"tag\">b\u00f6cker<\/a><\/p>\n","protected":false},"excerpt":{"rendered":"<p>Det \u00e4r naturligt att dumbommarna \u00e4r i majoritet i riksdagen &#8211; de \u00e4r i majoritet i folket. Citat fr\u00e5n Hjalmar S\u00f6derberg. Ta inte livet f\u00f6r allvarligt &#8211; du kommer i alla fall inte ifr\u00e5n det levande. Elbert Hubbard Jag f\u00e5r ibland en k\u00e4nsla av att n\u00e4r Gud skapade m\u00e4nniskan \u00f6verskattade han sin egen f\u00f6rm\u00e5ga. Oscar [&hellip;]<\/p>\n","protected":false},"author":2,"featured_media":0,"comment_status":"open","ping_status":"open","sticky":false,"template":"","format":"standard","meta":{"_genesis_hide_title":false,"_genesis_hide_breadcrumbs":false,"_genesis_hide_singular_image":false,"_genesis_hide_footer_widgets":false,"_genesis_custom_body_class":"","_genesis_custom_post_class":"","_genesis_layout":"","footnotes":""},"categories":[3],"tags":[907,791,12282,4325,4377,12287,5534],"class_list":{"0":"post-19672","1":"post","2":"type-post","3":"status-publish","4":"format-standard","6":"category-litteratur","7":"tag-bocker","8":"tag-boktips","9":"tag-musik","10":"tag-pessimister","11":"tag-piratfragor","12":"tag-skivor","13":"tag-sverigedemokraterna","14":"entry"},"_links":{"self":[{"href":"https:\/\/kulturbloggen.com\/index.php?rest_route=\/wp\/v2\/posts\/19672","targetHints":{"allow":["GET"]}}],"collection":[{"href":"https:\/\/kulturbloggen.com\/index.php?rest_route=\/wp\/v2\/posts"}],"about":[{"href":"https:\/\/kulturbloggen.com\/index.php?rest_route=\/wp\/v2\/types\/post"}],"author":[{"embeddable":true,"href":"https:\/\/kulturbloggen.com\/index.php?rest_route=\/wp\/v2\/users\/2"}],"replies":[{"embeddable":true,"href":"https:\/\/kulturbloggen.com\/index.php?rest_route=%2Fwp%2Fv2%2Fcomments&post=19672"}],"version-history":[{"count":0,"href":"https:\/\/kulturbloggen.com\/index.php?rest_route=\/wp\/v2\/posts\/19672\/revisions"}],"wp:attachment":[{"href":"https:\/\/kulturbloggen.com\/index.php?rest_route=%2Fwp%2Fv2%2Fmedia&parent=19672"}],"wp:term":[{"taxonomy":"category","embeddable":true,"href":"https:\/\/kulturbloggen.com\/index.php?rest_route=%2Fwp%2Fv2%2Fcategories&post=19672"},{"taxonomy":"post_tag","embeddable":true,"href":"https:\/\/kulturbloggen.com\/index.php?rest_route=%2Fwp%2Fv2%2Ftags&post=19672"}],"curies":[{"name":"wp","href":"https:\/\/api.w.org\/{rel}","templated":true}]}}