{"id":196682,"date":"2025-08-27T09:23:01","date_gmt":"2025-08-27T08:23:01","guid":{"rendered":"https:\/\/kulturbloggen.com\/?p=196682"},"modified":"2025-08-27T09:23:42","modified_gmt":"2025-08-27T08:23:42","slug":"eagles-of-the-republic-av-tarik-saleh-ar-utsedd-till-sveriges-oscarsbidrag","status":"publish","type":"post","link":"https:\/\/kulturbloggen.com\/?p=196682","title":{"rendered":"Eagles of the Republic av Tarik Saleh \u00e4r utsedd till Sveriges Oscarsbidrag"},"content":{"rendered":"<p><img decoding=\"async\" class=\"aligncenter size-full wp-image-186912\" src=\"https:\/\/kulturbloggen.com\/wp-content\/uploads\/2025\/08\/unnamed-15.jpg\" alt=\"\" width=\"500\" \/><br \/>\n<em>Tarik Saleh, foto: Pelle T Nilsson \/ Swedish Press Agency. Lyna Khoudri och Fares Fares, foto: Yigit Eke<\/em><\/p>\n<p>Svenska Filminstitutets Oscarskommitt\u00e9 har utsett Eagles of the Republic av Tarik Saleh som Sveriges bidrag till en Oscar f\u00f6r B\u00e4sta internationella film (Best International Feature Film) 2025.<\/p>\n<p>Ett pressmeddelande:<br \/>\n\u2013 Vi k\u00e4nner oss hedrade att ha blivit utvalda att representera Sverige ett s\u00e5 starkt \u00e5r f\u00f6r svensk film. V\u00e5r resa har bara b\u00f6rjat, men det blir extra kul att visa filmen i Toronto med detta i ryggen, s\u00e4ger Tarik Saleh.<\/p>\n<p>Egyptens mest \u00e4lskade sk\u00e5despelare, George Fahmy (Fares Fares) pressas till att spela huvudrollen i en film best\u00e4lld av h\u00f6gsta ort. Han accepterar motvilligt rollen och sl\u00e4ngs handl\u00f6st in i maktens innersta krets. Likt en mal som dras till l\u00e5gan inleder han en aff\u00e4r med den mystiska hustrun till generalen som \u00f6vervakar filmen.<\/p>\n<p>\u2013 Tarik har etablerat sig som en av v\u00e5ra riktigt stora filmregiss\u00f6rer. Med Kairotrilogin har hans internationella framg\u00e5ngar imponerat stort, inte bara h\u00e4r i Sverige och i Frankrike utan \u00f6ver hela v\u00e4rlden. Tv\u00e5 g\u00e5nger i t\u00e4vlan i Cannes, shortlistad f\u00f6r Oscar och regiss\u00f6r av h\u00f6gprofilerade serier i USA g\u00f6r att ingen i Oscarsakademin kan ha undg\u00e5tt hans briljans. L\u00e4gg till det en vinnande personlighet och ett otroligt starkt team i ryggen. Allt sammantaget g\u00f6r att hans chanser i Oscarssammanhang med Eagles of the Republic borde vara alldeles utm\u00e4rkta. Heja Tarik, k\u00f6r h\u00e5rt! s\u00e4ger Petter Mattsson, chef f\u00f6r Internationella enheten p\u00e5 Filminstitutet och ordf\u00f6rande i den svenska Oscarskommitt\u00e9n.<\/p>\n<p>Eagles of the Republic \u00e4r skriven och regisserad av Tarik Saleh och producerad av Linus St\u00f6hr Torell \/ Unlimited Stories, Linda Mutawi, Johan Lindstr\u00f6m \/ Apparaten och Alexandre Mallet Guy \/ Memento Production, i samproduktion med bland andra SVT och Film i V\u00e4st. Filmen har beviljats st\u00f6d av Filminstitutets f\u00f6re detta filmkonsulent Lena Runge. Filmens biopremi\u00e4r sker i Finland den 19 september 2025.<\/p>\n<p>Den 16 december offentligg\u00f6rs vilka filmer som kommit med p\u00e5 Oscar short list och den 22 januari tillk\u00e4nnages nomineringarna. Den 98:e upplagan av Oscarsgalan kommer att h\u00e5llas i Los Angeles den 15 mars 2026.<\/p>\n","protected":false},"excerpt":{"rendered":"<p>Tarik Saleh, foto: Pelle T Nilsson \/ Swedish Press Agency. Lyna Khoudri och Fares Fares, foto: Yigit Eke Svenska Filminstitutets Oscarskommitt\u00e9 har utsett Eagles of the Republic av Tarik Saleh som Sveriges bidrag till en Oscar f\u00f6r B\u00e4sta internationella film (Best International Feature Film) 2025. Ett pressmeddelande: \u2013 Vi k\u00e4nner oss hedrade att ha blivit [&hellip;]<\/p>\n","protected":false},"author":13,"featured_media":196687,"comment_status":"closed","ping_status":"closed","sticky":false,"template":"","format":"standard","meta":{"_genesis_hide_title":false,"_genesis_hide_breadcrumbs":false,"_genesis_hide_singular_image":false,"_genesis_hide_footer_widgets":false,"_genesis_custom_body_class":"","_genesis_custom_post_class":"","_genesis_layout":"","footnotes":""},"categories":[50,20,13624],"tags":[15391,13749,9216],"class_list":{"0":"post-196682","1":"post","2":"type-post","3":"status-publish","4":"format-standard","5":"has-post-thumbnail","7":"category-filmfilm","8":"category-film","9":"category-toppnytt","10":"tag-agles-of-the-republic","11":"tag-oscarsbidrag","12":"tag-tarik-saleh","13":"entry"},"_links":{"self":[{"href":"https:\/\/kulturbloggen.com\/index.php?rest_route=\/wp\/v2\/posts\/196682","targetHints":{"allow":["GET"]}}],"collection":[{"href":"https:\/\/kulturbloggen.com\/index.php?rest_route=\/wp\/v2\/posts"}],"about":[{"href":"https:\/\/kulturbloggen.com\/index.php?rest_route=\/wp\/v2\/types\/post"}],"author":[{"embeddable":true,"href":"https:\/\/kulturbloggen.com\/index.php?rest_route=\/wp\/v2\/users\/13"}],"replies":[{"embeddable":true,"href":"https:\/\/kulturbloggen.com\/index.php?rest_route=%2Fwp%2Fv2%2Fcomments&post=196682"}],"version-history":[{"count":9,"href":"https:\/\/kulturbloggen.com\/index.php?rest_route=\/wp\/v2\/posts\/196682\/revisions"}],"predecessor-version":[{"id":196693,"href":"https:\/\/kulturbloggen.com\/index.php?rest_route=\/wp\/v2\/posts\/196682\/revisions\/196693"}],"wp:featuredmedia":[{"embeddable":true,"href":"https:\/\/kulturbloggen.com\/index.php?rest_route=\/wp\/v2\/media\/196687"}],"wp:attachment":[{"href":"https:\/\/kulturbloggen.com\/index.php?rest_route=%2Fwp%2Fv2%2Fmedia&parent=196682"}],"wp:term":[{"taxonomy":"category","embeddable":true,"href":"https:\/\/kulturbloggen.com\/index.php?rest_route=%2Fwp%2Fv2%2Fcategories&post=196682"},{"taxonomy":"post_tag","embeddable":true,"href":"https:\/\/kulturbloggen.com\/index.php?rest_route=%2Fwp%2Fv2%2Ftags&post=196682"}],"curies":[{"name":"wp","href":"https:\/\/api.w.org\/{rel}","templated":true}]}}