{"id":196603,"date":"2025-08-28T19:06:11","date_gmt":"2025-08-28T18:06:11","guid":{"rendered":"https:\/\/kulturbloggen.com\/?p=196603"},"modified":"2025-08-28T19:07:59","modified_gmt":"2025-08-28T18:07:59","slug":"filmrecension-nunnan-25-ar-i-kloster-intressant-med-kunde-gatt-mer-pa-djupet-kring-de-existentiella-fragorna","status":"publish","type":"post","link":"https:\/\/kulturbloggen.com\/?p=196603","title":{"rendered":"Filmrecension: Nunnan &#8211; 25 \u00e5r i kloster &#8211; intressant med kunde g\u00e5tt mer p\u00e5 djupet kring de existentiella fr\u00e5gorna"},"content":{"rendered":"<p><img decoding=\"async\" class=\"aligncenter size-full wp-image-186912\" src=\"https:\/\/kulturbloggen.com\/wp-content\/uploads\/2025\/08\/nunnan.jpg\" alt=\"\" width=\"500\" \/><\/p>\n<p>Nunnan &#8211; 25 \u00e5r i kloster<br \/>\nBetyg 3<br \/>\nSvensk biopremi\u00e4r 29 augusti 2025<br \/>\nRegi Maud Nycander<\/p>\n<p>Om du f\u00f6rv\u00e4ntar dig en djupdykning i fr\u00e5gan om varf\u00f6r en ung kvinna kan v\u00e4lja att g\u00e5 i kloster f\u00e5r du inte n\u00e5got svar i denna filmen. Det \u00e4r inte filmens styrka. Den fr\u00e5gan skulle f\u00f6rresten lika g\u00e4rna kunna v\u00e4ndas p\u00e5. Vad g\u00f6r att m\u00e4nniskor inte s\u00f6ker n\u00e5got annat \u00e4r det kapitalistiska livet d\u00e4r vi st\u00e4ndigt m\u00e5ste f\u00f6rs\u00f6rja oss sj\u00e4lva och s\u00e4llan har tid att s\u00f6ka i v\u00e5rt inre f\u00f6r att hitta vad vi innerst inne t\u00e4nker och k\u00e4nner.<\/p>\n<p>Maria \u00e4r en svensk kvinna. N\u00e4r hon var 19 \u00e5r gick hon i kloster, hon blev nunna inom Karmelitorden, som \u00e4r en av klosterordnar d\u00e4r dess medlemmar lever som mest \u00e5tskilda fr\u00e5n livet och samh\u00e4llet utanf\u00f6r klostret. Filmskaparen Maud Nycander gjorde en film om Maria n\u00e4r hon var ny som nunna. Dokument\u00e4ren sl\u00e4pptes 2007 och gav en inblick i karmeliternas liv. Maud Nycander har efter 25 \u00e5r nu f\u00e5tt filma Maria (var namn som nunna \u00e4r Syster Maria av Beb\u00e5delsen). <\/p>\n<p>N\u00e4r dokument\u00e4ren Nunnan sl\u00e4pptes 2007 fick v\u00e4rlden en unik inblick i karmeliternas liv. M\u00e5nga har undrat vad som h\u00e4nt sedan dess. Hur ser hon p\u00e5 sitt livsval i dag, efter 25 \u00e5r i kloster? Hur har det g\u00e5tt f\u00f6r f\u00f6r\u00e4ldrarna och syskonen som hon valde att l\u00e4mna? <\/p>\n<p>Karmelitorden \u00e4r bara ett inriktning av m\u00e5nga former av klosterliv inom Katolska kyrkan. Det finns m\u00e5nga andra ordnar som lever p\u00e5 andra s\u00e4tt, m\u00e5nga mer \u00f6ppna och ut\u00e5triktade. Det finns klosterliv ocks\u00e5 inom Svenska Kyrkan, vilket inte \u00e4r lika k\u00e4nt. Och s\u00e5 finns det ju klosterliv och munkar och nunnor inom andra religioner, till exempel inom buddhism. Det som sl\u00e5r mig \u00e4r att n\u00e4r Maria beskriver hur hon upplever sina stilla stunder med Gud \u00e4r det n\u00e5got som jag k\u00e4nner igen fr\u00e5n vad mina v\u00e4nner buddhistmunkar s\u00e4ger om sin meditation. Det finns en del inslag i denna nya dokument\u00e4r som jag k\u00e4nner f\u00f6rmedlar litet som munk eller nunna men i stort sett tycker jag att dokument\u00e4ren mer handlar om hur det kan vara att f\u00f6rs\u00f6ka leva som starkt troende katolik i Sverige idag. Det speciella med Maria \u00e4r att hon har \u00e5tta syskon och kommer fr\u00e5n en svensk bondefamilj som \u00e4r katoliker och som till och med tycks ha ett eget kapell p\u00e5 sin g\u00e5rd. Alla hennes syskon \u00e4r katoliker, en del mer troende \u00e4n andra.<\/p>\n<p>I klostret i Glumsl\u00f6v d\u00e4r Maria bor lever nunnorna sitt liv hela innanf\u00f6r klostrets murar. Det l\u00e4mnar det aldrig. Inte ens n\u00e4r det d\u00f6r, f\u00f6r klostret har en egen kyrkog\u00e5rd. En g\u00e5ng i m\u00e5naden f\u00e5r Maria bes\u00f6k av sin familj och d\u00e5 alltid med ett galler mellan henne och g\u00e4sterna. Det \u00e4r kul att se hennes skratta och vara engagerad i hur familjen har det och hur de kan bjuda p\u00e5 mat genom att \u00f6ppna en lucka och f\u00f6ra \u00f6ver en rullbord med mat.<\/p>\n<p>Maria str\u00e5lar av tillfredsst\u00e4llelse. Det \u00e4r sv\u00e5rt att t\u00e4nka att det skulle vara sk\u00e5despel fr\u00e5n hennes sida. Hon verkar helt klart vara n\u00f6jd med sitt livsval. Jag tycker filmen \u00e4r intressant men jag hade g\u00e4rna h\u00f6rt mer p\u00e5 djupet kring de existentiella fr\u00e5gorna. Delvis r\u00f6r sig filmen mer p\u00e5 ytan och de s\u00e5 kallade svar vi f\u00e5r fr\u00e5n hennes anh\u00f6riga om hennes livsval k\u00e4nns v\u00e4ldigt tillr\u00e4ttalagda, som att r\u00e4tt tro alltid inneb\u00e4r offer. Is\u00e5 fall: varf\u00f6r och vad \u00e4r offret? Om Maria \u00e4r lycklig med det hon valt \u00e4r v\u00e4l det inte ett offer? Jag saknar mer djup i fr\u00e5gorna och skildringarna f\u00f6r att ge filmen h\u00f6gre betyg. Men en liten inblick i ett annat slags val av liv \u00e4n de flesta g\u00f6r i Sverige idag f\u00e5r vi. Och det f\u00e5r v\u00e4l vara bra s\u00e5, men jag skulle g\u00e4rna vilja ha mer funderingar kring om livet utanf\u00f6r klostren alltid \u00e4r b\u00e4st. Livet som nunna i en katolsk karmelitorden \u00e4r bara ett s\u00e4tt av m\u00e5nga att ta sig an de existentiella fr\u00e5gorna p\u00e5 allvar.<\/p>\n<p><iframe loading=\"lazy\" width=\"560\" height=\"315\" src=\"https:\/\/www.youtube.com\/embed\/_SJNqzjLyBA?si=YUE9qqT3_ZqunI7q\" title=\"YouTube video player\" frameborder=\"0\" allow=\"accelerometer; autoplay; clipboard-write; encrypted-media; gyroscope; picture-in-picture; web-share\" referrerpolicy=\"strict-origin-when-cross-origin\" allowfullscreen><\/iframe><\/p>\n","protected":false},"excerpt":{"rendered":"<p>Nunnan &#8211; 25 \u00e5r i kloster Betyg 3 Svensk biopremi\u00e4r 29 augusti 2025 Regi Maud Nycander Om du f\u00f6rv\u00e4ntar dig en djupdykning i fr\u00e5gan om varf\u00f6r en ung kvinna kan v\u00e4lja att g\u00e5 i kloster f\u00e5r du inte n\u00e5got svar i denna filmen. Det \u00e4r inte filmens styrka. Den fr\u00e5gan skulle f\u00f6rresten lika g\u00e4rna kunna [&hellip;]<\/p>\n","protected":false},"author":2,"featured_media":196608,"comment_status":"closed","ping_status":"closed","sticky":false,"template":"","format":"standard","meta":{"_genesis_hide_title":false,"_genesis_hide_breadcrumbs":false,"_genesis_hide_singular_image":false,"_genesis_hide_footer_widgets":false,"_genesis_custom_body_class":"","_genesis_custom_post_class":"","_genesis_layout":"","footnotes":""},"categories":[50,51,16,20,13624],"tags":[1728,1738,15394,15393,4710,6646],"class_list":{"0":"post-196603","1":"post","2":"type-post","3":"status-publish","4":"format-standard","5":"has-post-thumbnail","7":"category-filmfilm","8":"category-filmer","9":"category-recension","10":"category-film","11":"category-toppnytt","12":"tag-filmkritik","13":"tag-filmrecension","14":"tag-karmelitorden","15":"tag-nunnan","16":"tag-religion","17":"tag-triart","18":"entry"},"_links":{"self":[{"href":"https:\/\/kulturbloggen.com\/index.php?rest_route=\/wp\/v2\/posts\/196603","targetHints":{"allow":["GET"]}}],"collection":[{"href":"https:\/\/kulturbloggen.com\/index.php?rest_route=\/wp\/v2\/posts"}],"about":[{"href":"https:\/\/kulturbloggen.com\/index.php?rest_route=\/wp\/v2\/types\/post"}],"author":[{"embeddable":true,"href":"https:\/\/kulturbloggen.com\/index.php?rest_route=\/wp\/v2\/users\/2"}],"replies":[{"embeddable":true,"href":"https:\/\/kulturbloggen.com\/index.php?rest_route=%2Fwp%2Fv2%2Fcomments&post=196603"}],"version-history":[{"count":20,"href":"https:\/\/kulturbloggen.com\/index.php?rest_route=\/wp\/v2\/posts\/196603\/revisions"}],"predecessor-version":[{"id":196781,"href":"https:\/\/kulturbloggen.com\/index.php?rest_route=\/wp\/v2\/posts\/196603\/revisions\/196781"}],"wp:featuredmedia":[{"embeddable":true,"href":"https:\/\/kulturbloggen.com\/index.php?rest_route=\/wp\/v2\/media\/196608"}],"wp:attachment":[{"href":"https:\/\/kulturbloggen.com\/index.php?rest_route=%2Fwp%2Fv2%2Fmedia&parent=196603"}],"wp:term":[{"taxonomy":"category","embeddable":true,"href":"https:\/\/kulturbloggen.com\/index.php?rest_route=%2Fwp%2Fv2%2Fcategories&post=196603"},{"taxonomy":"post_tag","embeddable":true,"href":"https:\/\/kulturbloggen.com\/index.php?rest_route=%2Fwp%2Fv2%2Ftags&post=196603"}],"curies":[{"name":"wp","href":"https:\/\/api.w.org\/{rel}","templated":true}]}}