{"id":19620,"date":"2010-04-18T10:02:30","date_gmt":"2010-04-18T09:02:30","guid":{"rendered":"http:\/\/kulturbloggen.com\/?p=19620"},"modified":"2010-04-18T10:02:30","modified_gmt":"2010-04-18T09:02:30","slug":"vi-har-en-del-att-lara-av-norge-hur-vi-hanterar-en-krissituation","status":"publish","type":"post","link":"https:\/\/kulturbloggen.com\/?p=19620","title":{"rendered":"Vi har en del att l\u00e4ra av Norge hur vi hanterar en krissituation"},"content":{"rendered":"<p><a href=\"http:\/\/kulturbloggen.com\/wp-content\/uploads\/2010\/04\/haikesentralen.jpg\"><img loading=\"lazy\" decoding=\"async\" src=\"http:\/\/kulturbloggen.com\/wp-content\/uploads\/2010\/04\/haikesentralen-300x225.jpg\" alt=\"\" title=\"haikesentralen\" width=\"300\" height=\"225\" class=\"aligncenter size-medium wp-image-19621\" \/><\/a><br \/>\nOm du med bil ska k\u00f6ra n\u00e5gonstans i Europa kan du anm\u00e4la det till en norsk wbbbplats som den norska tidningen Verdens Gang lyfter fram stort p\u00e5 sin f\u00f6rsta sida: Haikecentralen.<br \/>\nOm du beh\u00f6ver \u00e5ka n\u00e5nstans och flyget \u00e4r inst\u00e4llt kan du p\u00e5 Haikecentralen hitta n\u00e5gon som ska k\u00f6ra dit.<\/p>\n<p>Smidigt och smart s\u00e4tt att hj\u00e4lpas \u00e5t i den krissituation som det isl\u00e4ndska vulkanaske-molnet f\u00f6rsatt halva Europa i.<\/p>\n<p>Varf\u00f6r g\u00f6rs inget liknande i Sverige? Som mest g\u00f6r vi en massa enskilda alternativ, via Facebook. Och dessa sm\u00e5 enskilda initiativ hyllas av v\u00e5ra sociala medierexperter, som <a href=\"http:\/\/www.newsmill.se\/artikel\/2010\/04\/17\/de-sociala-medierna-visar-sin-verkliga-styrka-under-flygstoppet\">Martin Gelin p\u00e5 Newsmill<\/a>:<\/p>\n<blockquote><p>Omedelbart efter att flygen b\u00f6rjade st\u00e4llas in i torsdags startades hundratals Facebook-grupper f\u00f6r sam\u00e5kning med bilar och bussar runtom i Europa. Under m\u00e5nga av de senaste \u00e5rens stora katastrofer har vi f\u00e5tt en glimt av den potential som finns i dessa nya teknologiska verktyg, om de anv\u00e4nds p\u00e5 r\u00e4tt s\u00e4tt.<\/p><\/blockquote>\n<p>Visst har han r\u00e4tt i att det finns enorma m\u00f6jligheter i och med de nya verktygen p\u00e5 webben. Men det som gjorts i Sverige \u00e4r en m\u00e4ngd sm\u00e5 initiativ, d\u00e4r visserligen folk kan hj\u00e4lpa varandra. Men en st\u00f6rre gemensam sajt skulle givetvis \u00f6ka m\u00e4nniskors chanser att hj\u00e4lpa varandra.<\/p>\n<p>Varf\u00f6r \u00e4n norrm\u00e4nnen s\u00e5 mycket b\u00e4ttre och snabbare \u00e4n vi p\u00e5 att samarbeta? Kan det bero p\u00e5 att landet varit i krig och d\u00e4rmed l\u00e4rt sig motst\u00e5ndskamp? Jag vet inte. Men varf\u00f6r drar ingen svensk stor redaktion snabbt ig\u00e5ng en s\u00e5dan webbplats d\u00e4r alla kan hj\u00e4lpas \u00e5t, d\u00e4r ocks\u00e5 de som inte finns p\u00e5 Facebook kan vara med?<\/p>\n<p>Relaterade artiklar om senaste l\u00e4get om askan och flyget:<br \/>\n<a href=\"http:\/\/www.vg.no\/nyheter\/innenriks\/artikkel.php?artid=10000129\">Tre av fyra flygplatser st\u00e4ngde i Europa.<\/a><br \/>\n<a href=\"http:\/\/www.vg.no\/nyheter\/utenriks\/artikkel.php?artid=10000120\">Verdens Gang<\/a>, <a href=\"http:\/\/www.aftonbladet.se\/nyheter\/article6973821.ab\">Aftonbladet 1<\/a>, <a href=\"http:\/\/www.aftonbladet.se\/nyheter\/article6974479.ab\">Aftonbladet 2<\/a>, <a href=\"http:\/\/www.dn.se\/nyheter\/sverige\/hyrbil-med-hemlangtan-klipp-for-resande-1.1079024\">Dagens Nyheter 1<\/a>, <a href=\"http:\/\/www.dn.se\/nyheter\/sverige\/askmolnet-och-flygtrafiken-dag-4-dnse-foljer-utvecklingen-1.1079101\">Dagens Nyheter 2<\/a>, <a href=\"http:\/\/www.expressen.se\/Nyheter\/1.1956179\/da-kommer-nasta-askvag-over-sverige\">Expressen 1<\/a>, <a href=\"http:\/\/www.expressen.se\/Nyheter\/1.1956310\/ingen-mojlighet-att-oppna-luftrummet\">Expressen 2<\/a>, <a href=\"http:\/\/www.svd.se\/nyheter\/utrikes\/plan-klarade-flygtest-i-askmolnet_4575149.svd\">Svenska Dagbladet 1<\/a> och <a href=\"http:\/\/www.svd.se\/nyheter\/utrikes\/dessa-flygplatser-ar-stangda_4579557.svd\">Svenska Dagbladet 2.<\/a><\/p>\n<p>L\u00e4s \u00e4ven andra bloggares \u00e5sikter om <a href=\"http:\/\/bloggar.se\/om\/Island\" rel=\"tag\">Island<\/a>, <a href=\"http:\/\/bloggar.se\/om\/sam%E5kning\" rel=\"tag\">sam\u00e5kning<\/a>, <a href=\"http:\/\/bloggar.se\/om\/Norge\" rel=\"tag\">Norge<\/a>, <a href=\"http:\/\/bloggar.se\/om\/medier\" rel=\"tag\">medier<\/a>, <a href=\"http:\/\/bloggar.se\/om\/vulkanutbrott\" rel=\"tag\">vulkanutbrott<\/a>, <a href=\"http:\/\/bloggar.se\/om\/vulkaner\" rel=\"tag\">vulkaner<\/a>, <a href=\"http:\/\/bloggar.se\/om\/ask\" rel=\"tag\">ask<\/a>, <a href=\"http:\/\/bloggar.se\/om\/askmoln\" rel=\"tag\">askmoln<\/a>, <a href=\"http:\/\/bloggar.se\/om\/flyg\" rel=\"tag\">flyg<\/a>, <a href=\"http:\/\/bloggar.se\/om\/inst%E4llt\" rel=\"tag\">inst\u00e4llt<\/a>, <a href=\"http:\/\/bloggar.se\/om\/liftcentral\" rel=\"tag\">liftcentral<\/a><\/p>\n","protected":false},"excerpt":{"rendered":"<p>Om du med bil ska k\u00f6ra n\u00e5gonstans i Europa kan du anm\u00e4la det till en norsk wbbbplats som den norska tidningen Verdens Gang lyfter fram stort p\u00e5 sin f\u00f6rsta sida: Haikecentralen. Om du beh\u00f6ver \u00e5ka n\u00e5nstans och flyget \u00e4r inst\u00e4llt kan du p\u00e5 Haikecentralen hitta n\u00e5gon som ska k\u00f6ra dit. Smidigt och smart s\u00e4tt att [&hellip;]<\/p>\n","protected":false},"author":2,"featured_media":0,"comment_status":"open","ping_status":"open","sticky":false,"template":"","format":"standard","meta":{"_genesis_hide_title":false,"_genesis_hide_breadcrumbs":false,"_genesis_hide_singular_image":false,"_genesis_hide_footer_widgets":false,"_genesis_custom_body_class":"","_genesis_custom_post_class":"","_genesis_layout":"","footnotes":""},"categories":[62],"tags":[2570,3582,4032,4932],"class_list":{"0":"post-19620","1":"post","2":"type-post","3":"status-publish","4":"format-standard","6":"category-medie-och-kulturpolitik","7":"tag-island","8":"tag-medier","9":"tag-norge","10":"tag-samakning","11":"entry"},"_links":{"self":[{"href":"https:\/\/kulturbloggen.com\/index.php?rest_route=\/wp\/v2\/posts\/19620","targetHints":{"allow":["GET"]}}],"collection":[{"href":"https:\/\/kulturbloggen.com\/index.php?rest_route=\/wp\/v2\/posts"}],"about":[{"href":"https:\/\/kulturbloggen.com\/index.php?rest_route=\/wp\/v2\/types\/post"}],"author":[{"embeddable":true,"href":"https:\/\/kulturbloggen.com\/index.php?rest_route=\/wp\/v2\/users\/2"}],"replies":[{"embeddable":true,"href":"https:\/\/kulturbloggen.com\/index.php?rest_route=%2Fwp%2Fv2%2Fcomments&post=19620"}],"version-history":[{"count":0,"href":"https:\/\/kulturbloggen.com\/index.php?rest_route=\/wp\/v2\/posts\/19620\/revisions"}],"wp:attachment":[{"href":"https:\/\/kulturbloggen.com\/index.php?rest_route=%2Fwp%2Fv2%2Fmedia&parent=19620"}],"wp:term":[{"taxonomy":"category","embeddable":true,"href":"https:\/\/kulturbloggen.com\/index.php?rest_route=%2Fwp%2Fv2%2Fcategories&post=19620"},{"taxonomy":"post_tag","embeddable":true,"href":"https:\/\/kulturbloggen.com\/index.php?rest_route=%2Fwp%2Fv2%2Ftags&post=19620"}],"curies":[{"name":"wp","href":"https:\/\/api.w.org\/{rel}","templated":true}]}}