{"id":195467,"date":"2025-07-31T08:47:03","date_gmt":"2025-07-31T07:47:03","guid":{"rendered":"https:\/\/kulturbloggen.com\/?p=195467"},"modified":"2025-07-31T08:48:20","modified_gmt":"2025-07-31T07:48:20","slug":"filmrecension-trans-memoria","status":"publish","type":"post","link":"https:\/\/kulturbloggen.com\/?p=195467","title":{"rendered":"Filmrecension: Trans Memoria &#8211; en av de mest \u00e4rliga dokument\u00e4rer jag sett"},"content":{"rendered":"<p><img loading=\"lazy\" decoding=\"async\" class=\"aligncenter size-full wp-image-186912\" src=\"https:\/\/kulturbloggen.com\/wp-content\/uploads\/2025\/07\/transmemoria-victoria-verseau-outplay-films-6-600x600-1.jpg\" alt=\"\" width=\"650\" height=\"340\" \/><\/p>\n<p>Trans Memoria<br \/>\nBetyg 3<br \/>\nSvensk biopremi\u00e4r 8 augusti 2025<br \/>\nRegi Victoria Verseau<\/p>\n<p>En djup drabbande film som k\u00e4nns som en av de mest \u00e4rliga dokument\u00e4rer jag sett. Trans Memoria f\u00f6r mig till en v\u00e4rld jag aldrig varit i men samtidigt bubblar de sv\u00e5ra existentiella fr\u00e5gorna under ytan som vi alla m\u00f6ter i v\u00e5rt liv. Det \u00e4r denna fantastiska styrka film, och all kultur har, att de b\u00e5de f\u00f6r oss till platser och situationer vi aldrig upplever sj\u00e4lva och samtidigt kan vi hitta och k\u00e4nna att det \u00e4r s\u00e5 mycket vi delar med varandra, alla vi varelser p\u00e5 denna jord.<\/p>\n<p>Filmskaparen Victoria Verseau genomgick en k\u00f6nsbekr\u00e4ftande operation 2012. Tillsammans med sin n\u00e4ra v\u00e4n Meril gick hon igenom en operation som tog bort hennes manliga k\u00f6nsorgan och gav henne en kvinnas k\u00f6nsorgan. De tv\u00e5 st\u00f6ttade varandra och delade b\u00e5de r\u00e4dslor och hopp. De bodde p\u00e5 ett hotell i Thailand d\u00e4r m\u00e5nga som g\u00e5r igenom samma slags operation bor.  Men idag \u00e4r Meril inte l\u00e4ngre i livet \u2013 hon valde att avsluta sitt.<\/p>\n<p>Victoria Verseau \u00e5terv\u00e4nde till hotellet och omr\u00e5det d\u00e4r omkring till mammans med tv\u00e5  Athena och Aamina, tv\u00e5 transkvinnor som \u00e4r mitt i sina egna transitioner. Staden d\u00e4r hotellet ligger \u00e4r en \u00f6dslig stad med m\u00e5nga milj\u00f6er som k\u00e4nns mer gr\u00e5a \u00e4n de bilder vi oftast f\u00e5r se fr\u00e5n Thailand.<\/p>\n<p>Vi f\u00e5r uppleva de tre kvinnornas samtal om deras f\u00f6rhoppningar och deras r\u00e4dslor, deras tankar om liv och om d\u00f6d. Hotellkorridorerna \u00e4r \u00f6dsliga och kunde vara fr\u00e5n m\u00e5nga l\u00e5gprishotell i Sverige ocks\u00e5. Hur \u00e4r det att ta beslut att l\u00e4mna det k\u00f6n man f\u00f6tts med f\u00f6r att genomg\u00e5 en s\u00e5 stor och sv\u00e5r operation? V\u00e4ldigt \u00f6ppet f\u00f6r vi m\u00f6ta deras k\u00e4nslor och upplevelser.<\/p>\n<p>Dokument\u00e4ren v\u00e4cker o\u00e4ndligt m\u00e5nga tankar och k\u00e4nslor och speciellt fr\u00e5gorna kring liv och d\u00f6d pockar p\u00e5 uppm\u00e4rksamhet. Meril orkade inte leva och tog sitt liv. N\u00e5got svar p\u00e5 varf\u00f6r \u00e4r givetvis om\u00f6jligt att f\u00e5. Victoria s\u00f6ker svar men vi kan m\u00f6jligtvis ana n\u00e5gra olika svar. Victoria Verseau \u00e4r djupt bedr\u00f6vad \u00f6ver att hon inte f\u00f6rstod att Meril skulle ta sitt liv. Det \u00e4r en k\u00e4nsla som m\u00e5nga som f\u00f6rlorat n\u00e5got kan k\u00e4nna igen sig i.<\/p>\n<p>Vi f\u00e5r en mycket konkret bild av hur det g\u00e5r till att byta k\u00f6n fr\u00e5n manligt till kvinnligt. Filmen \u00e4r rak, \u00f6ppen och \u00e4rlig och mycket drabbande men \u00e4nd\u00e5 l\u00e4mnar den m\u00e5nga fr\u00e5gor att fundera vidare p\u00e5, men det \u00e4r ocks\u00e5 en styrka. Varf\u00f6r skulle alla svar p\u00e5 livets fr\u00e5gor ges i en dokument\u00e4r. Trans Memoria s\u00e4tter ig\u00e5ng m\u00e5nga m\u00e5nga tankar och k\u00e4nslor och jag \u00e4r omskakad. Jag tror ingen kan se denna dokument\u00e4r och gl\u00f6mma den.  Vilken inst\u00e4llning eller kunskap man \u00e4n har om vad det inneb\u00e4r att leva som trans \u00e4r filmen en stark \u00f6gon-\u00f6ppnare.<\/p>\n<p>I ett pressmeddelande om filmen st\u00e5r:<br \/>\n<em>Trans Memoria \u00e4r en poetisk och djupt personlig film om v\u00e4nskap, f\u00f6rlust och det st\u00e4ndigt f\u00f6r\u00e4nderliga jaget.<\/em><\/p>\n<p>Jag kan inte annat \u00e4n h\u00e5lla med om den beskrivning, Filmen vann dessutom \u00e5rets Dragon Award Best Nordic Documentary vid G\u00f6teborg Film Festival 2025.<\/p>\n<p>Varf\u00f6r f\u00e5r den d\u00e5 inte \u00e4nnu h\u00f6gre betyg? Det \u00e4r nog rent personligt: f\u00f6r mig \u00e4r den allra viktigaste delen av filmen det som tar upp de existentiella fr\u00e5gorna om liv och d\u00f6d och d\u00e4r tycker jag att den sveper lite f\u00f6r mycket p\u00e5 ytan f\u00f6r att f\u00e5 \u00e4nnu h\u00f6gre betyg. Men betyg 3 \u00e4r \u00e4nd\u00e5 ett bra betyg.<\/p>\n<p><iframe loading=\"lazy\" width=\"560\" height=\"315\" src=\"https:\/\/www.youtube.com\/embed\/-XvthcUrutQ?si=uZic92l81rkiymNo\" title=\"YouTube video player\" frameborder=\"0\" allow=\"accelerometer; autoplay; clipboard-write; encrypted-media; gyroscope; picture-in-picture; web-share\" referrerpolicy=\"strict-origin-when-cross-origin\" allowfullscreen><\/iframe><\/p>\n","protected":false},"excerpt":{"rendered":"<p>Trans Memoria Betyg 3 Svensk biopremi\u00e4r 8 augusti 2025 Regi Victoria Verseau En djup drabbande film som k\u00e4nns som en av de mest \u00e4rliga dokument\u00e4rer jag sett. Trans Memoria f\u00f6r mig till en v\u00e4rld jag aldrig varit i men samtidigt bubblar de sv\u00e5ra existentiella fr\u00e5gorna under ytan som vi alla m\u00f6ter i v\u00e5rt liv. Det [&hellip;]<\/p>\n","protected":false},"author":2,"featured_media":195471,"comment_status":"closed","ping_status":"closed","sticky":false,"template":"","format":"standard","meta":{"_genesis_hide_title":false,"_genesis_hide_breadcrumbs":false,"_genesis_hide_singular_image":false,"_genesis_hide_footer_widgets":false,"_genesis_custom_body_class":"","_genesis_custom_post_class":"","_genesis_layout":"","footnotes":""},"categories":[50,51,16,20,13624],"tags":[1728,13809,15351,5700,15350,15352],"class_list":{"0":"post-195467","1":"post","2":"type-post","3":"status-publish","4":"format-standard","5":"has-post-thumbnail","7":"category-filmfilm","8":"category-filmer","9":"category-recension","10":"category-film","11":"category-toppnytt","12":"tag-filmkritik","13":"tag-filmrecnsion","14":"tag-folkets-bil","15":"tag-thailand","16":"tag-trans-memoria","17":"tag-victoria-verseau","18":"entry"},"_links":{"self":[{"href":"https:\/\/kulturbloggen.com\/index.php?rest_route=\/wp\/v2\/posts\/195467","targetHints":{"allow":["GET"]}}],"collection":[{"href":"https:\/\/kulturbloggen.com\/index.php?rest_route=\/wp\/v2\/posts"}],"about":[{"href":"https:\/\/kulturbloggen.com\/index.php?rest_route=\/wp\/v2\/types\/post"}],"author":[{"embeddable":true,"href":"https:\/\/kulturbloggen.com\/index.php?rest_route=\/wp\/v2\/users\/2"}],"replies":[{"embeddable":true,"href":"https:\/\/kulturbloggen.com\/index.php?rest_route=%2Fwp%2Fv2%2Fcomments&post=195467"}],"version-history":[{"count":15,"href":"https:\/\/kulturbloggen.com\/index.php?rest_route=\/wp\/v2\/posts\/195467\/revisions"}],"predecessor-version":[{"id":195495,"href":"https:\/\/kulturbloggen.com\/index.php?rest_route=\/wp\/v2\/posts\/195467\/revisions\/195495"}],"wp:featuredmedia":[{"embeddable":true,"href":"https:\/\/kulturbloggen.com\/index.php?rest_route=\/wp\/v2\/media\/195471"}],"wp:attachment":[{"href":"https:\/\/kulturbloggen.com\/index.php?rest_route=%2Fwp%2Fv2%2Fmedia&parent=195467"}],"wp:term":[{"taxonomy":"category","embeddable":true,"href":"https:\/\/kulturbloggen.com\/index.php?rest_route=%2Fwp%2Fv2%2Fcategories&post=195467"},{"taxonomy":"post_tag","embeddable":true,"href":"https:\/\/kulturbloggen.com\/index.php?rest_route=%2Fwp%2Fv2%2Ftags&post=195467"}],"curies":[{"name":"wp","href":"https:\/\/api.w.org\/{rel}","templated":true}]}}