{"id":195417,"date":"2025-07-17T09:57:17","date_gmt":"2025-07-17T08:57:17","guid":{"rendered":"https:\/\/kulturbloggen.com\/?p=195417"},"modified":"2025-07-17T09:57:18","modified_gmt":"2025-07-17T08:57:18","slug":"tomas-ledins-liv-i-utstallning-pa-hoga-kusten","status":"publish","type":"post","link":"https:\/\/kulturbloggen.com\/?p=195417","title":{"rendered":"Tomas Ledins liv i utst\u00e4llning p\u00e5 H\u00f6ga Kusten"},"content":{"rendered":"<p><img loading=\"lazy\" decoding=\"async\" class=\"aligncenter size-full wp-image-186912\" src=\"https:\/\/kulturbloggen.com\/wp-content\/uploads\/2025\/07\/unnamed-4.jpg\" alt=\"\" width=\"650\" height=\"340\" \/><\/p>\n<p>Utst\u00e4llningen \u201dFr\u00e5n L\u00f6vvik ut i v\u00e4rlden och tillbaka igen\u201d kan ses p\u00e5 promenadavst\u00e5nd fr\u00e5n H\u00f6ga Kusten Friluftsteater, d\u00e4r Tomas Ledins bygdespel \u201dH\u00f6ga kusten &#8211; sanningar och skr\u00f6nor p\u00e5 s\u00e5gverkens tid\u201d framf\u00f6rs under sommaren 2025, ber\u00e4ttar ett pressmeddelande:<\/p>\n<p>Bes\u00f6karna f\u00e5r se en underh\u00e5llande och gedigen genomg\u00e5ng av alla epoker i Tomas artistliv. Utst\u00e4llningen varvas med udda och ov\u00e4ntade saker som du s\u00e4kert inte visste om Tomas. P\u00e5 en bildsk\u00e4rm rullar super-8 filmer fr\u00e5n barndomens somrar, p\u00e5 en annan rullar h\u00f6jdpunkter fr\u00e5n en \u00f6ver 50-\u00e5r l\u00e5ng karri\u00e4r p\u00e5 scen och i TV, samtidigt som bes\u00f6karna f\u00e5r f\u00f6lja Tomas liv i kronologisk ordning via texter, foton, artiklar och l\u00f6psedlar. Fr\u00e5n barndomens somrar p\u00e5 H\u00f6ga kusten, genom Tomas ovanligt l\u00e5nga artistkarri\u00e4r och fram till den makal\u00f6sa succ\u00e9n med bygdespelet h\u00e4r i barndomens L\u00f6vvik.<\/p>\n<p>Tomas s\u00e4ger: &#8221;H\u00e4r tillbringade jag mina sommarlov under uppv\u00e4xten och jag k\u00e4nner en naturlig samh\u00f6righet med bygden. N\u00e4r fr\u00e5gan d\u00f6k upp om en utst\u00e4llning i samband med v\u00e5rt bygdespel s\u00e5 var svaret enkelt och sj\u00e4lvklart, det \u00e4r en stor \u00e4ra f\u00f6r mig\u201d.<\/p>\n<p>Utst\u00e4llningen \u00e4r kurerad av TV-producenten Mats Jankell och \u00e4r \u00f6ppen under hela sommaren.<\/p>\n<p>Plats: L\u00f6vviks Kulturrum, Sj\u00f6bodsviken i L\u00f6vvik, H\u00f6ga kusten.<\/p>\n<p>Datum: 2 juli till 3 augusti.<\/p>\n<p><a href=\"https:\/\/www.sjobodsviken.se\/sv\/\">H\u00e4r finns mer information om Sj\u00f6bodsviken.<\/a><\/p>\n","protected":false},"excerpt":{"rendered":"<p>Utst\u00e4llningen \u201dFr\u00e5n L\u00f6vvik ut i v\u00e4rlden och tillbaka igen\u201d kan ses p\u00e5 promenadavst\u00e5nd fr\u00e5n H\u00f6ga Kusten Friluftsteater, d\u00e4r Tomas Ledins bygdespel \u201dH\u00f6ga kusten &#8211; sanningar och skr\u00f6nor p\u00e5 s\u00e5gverkens tid\u201d framf\u00f6rs under sommaren 2025, ber\u00e4ttar ett pressmeddelande: Bes\u00f6karna f\u00e5r se en underh\u00e5llande och gedigen genomg\u00e5ng av alla epoker i Tomas artistliv. Utst\u00e4llningen varvas med udda [&hellip;]<\/p>\n","protected":false},"author":13,"featured_media":195423,"comment_status":"closed","ping_status":"closed","sticky":false,"template":"","format":"standard","meta":{"_genesis_hide_title":false,"_genesis_hide_breadcrumbs":false,"_genesis_hide_singular_image":false,"_genesis_hide_footer_widgets":false,"_genesis_custom_body_class":"","_genesis_custom_post_class":"","_genesis_layout":"","footnotes":""},"categories":[3,13624],"tags":[15342,7135],"class_list":{"0":"post-195417","1":"post","2":"type-post","3":"status-publish","4":"format-standard","5":"has-post-thumbnail","7":"category-litteratur","8":"category-toppnytt","9":"tag-hoga-kusten","10":"tag-tomas-ledin","11":"entry"},"_links":{"self":[{"href":"https:\/\/kulturbloggen.com\/index.php?rest_route=\/wp\/v2\/posts\/195417","targetHints":{"allow":["GET"]}}],"collection":[{"href":"https:\/\/kulturbloggen.com\/index.php?rest_route=\/wp\/v2\/posts"}],"about":[{"href":"https:\/\/kulturbloggen.com\/index.php?rest_route=\/wp\/v2\/types\/post"}],"author":[{"embeddable":true,"href":"https:\/\/kulturbloggen.com\/index.php?rest_route=\/wp\/v2\/users\/13"}],"replies":[{"embeddable":true,"href":"https:\/\/kulturbloggen.com\/index.php?rest_route=%2Fwp%2Fv2%2Fcomments&post=195417"}],"version-history":[{"count":6,"href":"https:\/\/kulturbloggen.com\/index.php?rest_route=\/wp\/v2\/posts\/195417\/revisions"}],"predecessor-version":[{"id":195426,"href":"https:\/\/kulturbloggen.com\/index.php?rest_route=\/wp\/v2\/posts\/195417\/revisions\/195426"}],"wp:featuredmedia":[{"embeddable":true,"href":"https:\/\/kulturbloggen.com\/index.php?rest_route=\/wp\/v2\/media\/195423"}],"wp:attachment":[{"href":"https:\/\/kulturbloggen.com\/index.php?rest_route=%2Fwp%2Fv2%2Fmedia&parent=195417"}],"wp:term":[{"taxonomy":"category","embeddable":true,"href":"https:\/\/kulturbloggen.com\/index.php?rest_route=%2Fwp%2Fv2%2Fcategories&post=195417"},{"taxonomy":"post_tag","embeddable":true,"href":"https:\/\/kulturbloggen.com\/index.php?rest_route=%2Fwp%2Fv2%2Ftags&post=195417"}],"curies":[{"name":"wp","href":"https:\/\/api.w.org\/{rel}","templated":true}]}}