{"id":195306,"date":"2025-07-05T14:50:40","date_gmt":"2025-07-05T13:50:40","guid":{"rendered":"https:\/\/kulturbloggen.com\/?p=195306"},"modified":"2025-07-05T14:56:26","modified_gmt":"2025-07-05T13:56:26","slug":"hazel-brugger-oppnar-stockholm-fringe-med-stand-up","status":"publish","type":"post","link":"https:\/\/kulturbloggen.com\/?p=195306","title":{"rendered":"Hazel Brugger \u00f6ppnar Stockholm Fringe med stand-up"},"content":{"rendered":"<p><img decoding=\"async\" class=\"aligncenter size-full wp-image-186912\" src=\"https:\/\/kulturbloggen.com\/wp-content\/uploads\/2025\/07\/unnamed.jpg\" alt=\"\" width=\"500\"\/><\/p>\n<p>Fr\u00e5n Eurovision till Stockholm Fringe \u2013 Hazel Brugger \u00f6ppnar festivalen Stockholm Fringe med stand-up, ber\u00e4ttar ett pressmeddelande:<\/p>\n<p>Stockholm Fringe Festival (#STOFF2025) invigs den 27 augusti 2025 p\u00e5 Scalateatern och \u00f6ppnar d\u00e4rmed upp f\u00f6r fyra intensiva dagar av scenkonst \u2013 med 50 unika akter och n\u00e4rmare 200 evenemang p\u00e5 scener runt om i Stockholm. Festivalen inleds med liveframtr\u00e4dande ur \u00e5rets program \u2013 f\u00f6ljt av stand-up med den hyllade komikern och Eurovisionv\u00e4rden Hazel Brugger.<\/p>\n<p>Kv\u00e4llen \u00e4r uppdelad i tv\u00e5 akter: I f\u00f6rsta akten h\u00e5lls en VIP-launch, d\u00e4r publiken bjuds p\u00e5 en kavalkad av nedslag och teasers fr\u00e5n \u00e5rets program \u2013 en rej\u00e4l uppladdning inf\u00f6r den 16:e upplagan av Stockholm Fringe Festival #STOFF2025. D\u00e4refter tar den andra akten vid med Hazel Brugger, som intar scenen med sin stand-up Still Awake. En sj\u00e4lvbiografisk f\u00f6rest\u00e4llning d\u00e4r hon ber\u00e4ttar om livet som sm\u00e5barnsmamma, egenf\u00f6retagare, poddare och tv-personlighet. Med sk\u00e4rpa och humor blottl\u00e4gger hon det absurda i det vardagliga. Hon \u00e4r mycket, och g\u00f6r mycket \u2013 men framf\u00f6r allt: hon \u00e4r fortfarande vaken.<\/p>\n<p>\u201cN\u00e4r jag ledde Eurovision Song Contest blev jag k\u00e4r i Sverige. S\u00e5 vad passar d\u00e5 b\u00e4ttre \u00e4n att omfamna den k\u00e4rleken genom att g\u00f6ra min allra f\u00f6rsta skandinaviska show i just Stockholm!\u201d, s\u00e4ger Hazel Brugger.<\/p>\n<p>Brugger \u00e4r en av Europas mest hyllade komiker, k\u00e4nd f\u00f6r sin kvicka humor och skarpa iakttagelsef\u00f6rm\u00e5ga. Hon har tilldelats flera prestigefyllda priser, d\u00e4ribland Deutscher Comedypreis, Swiss Comedy Award och Deutscher Kleinkunstpreis. Internationellt har hon n\u00e5tt en stor publik genom sin standup-special Hazel Brugger: Tropical p\u00e5 Netflix och som programledare f\u00f6r Eurovision Song Contest 2025 i Basel, d\u00e4r hon charmade tittarna med sin humoristiska sj\u00e4lvdistans.<\/p>\n","protected":false},"excerpt":{"rendered":"<p>Fr\u00e5n Eurovision till Stockholm Fringe \u2013 Hazel Brugger \u00f6ppnar festivalen Stockholm Fringe med stand-up, ber\u00e4ttar ett pressmeddelande: Stockholm Fringe Festival (#STOFF2025) invigs den 27 augusti 2025 p\u00e5 Scalateatern och \u00f6ppnar d\u00e4rmed upp f\u00f6r fyra intensiva dagar av scenkonst \u2013 med 50 unika akter och n\u00e4rmare 200 evenemang p\u00e5 scener runt om i Stockholm. Festivalen inleds [&hellip;]<\/p>\n","protected":false},"author":13,"featured_media":195310,"comment_status":"closed","ping_status":"closed","sticky":false,"template":"","format":"standard","meta":{"_genesis_hide_title":false,"_genesis_hide_breadcrumbs":false,"_genesis_hide_singular_image":false,"_genesis_hide_footer_widgets":false,"_genesis_custom_body_class":"","_genesis_custom_post_class":"","_genesis_layout":"","footnotes":""},"categories":[20],"tags":[15333,15335,15334],"class_list":{"0":"post-195306","1":"post","2":"type-post","3":"status-publish","4":"format-standard","5":"has-post-thumbnail","7":"category-film","8":"tag-stoff2025","9":"tag-hazel-brugger","10":"tag-stockholm-fringe","11":"entry"},"_links":{"self":[{"href":"https:\/\/kulturbloggen.com\/index.php?rest_route=\/wp\/v2\/posts\/195306","targetHints":{"allow":["GET"]}}],"collection":[{"href":"https:\/\/kulturbloggen.com\/index.php?rest_route=\/wp\/v2\/posts"}],"about":[{"href":"https:\/\/kulturbloggen.com\/index.php?rest_route=\/wp\/v2\/types\/post"}],"author":[{"embeddable":true,"href":"https:\/\/kulturbloggen.com\/index.php?rest_route=\/wp\/v2\/users\/13"}],"replies":[{"embeddable":true,"href":"https:\/\/kulturbloggen.com\/index.php?rest_route=%2Fwp%2Fv2%2Fcomments&post=195306"}],"version-history":[{"count":6,"href":"https:\/\/kulturbloggen.com\/index.php?rest_route=\/wp\/v2\/posts\/195306\/revisions"}],"predecessor-version":[{"id":195322,"href":"https:\/\/kulturbloggen.com\/index.php?rest_route=\/wp\/v2\/posts\/195306\/revisions\/195322"}],"wp:featuredmedia":[{"embeddable":true,"href":"https:\/\/kulturbloggen.com\/index.php?rest_route=\/wp\/v2\/media\/195310"}],"wp:attachment":[{"href":"https:\/\/kulturbloggen.com\/index.php?rest_route=%2Fwp%2Fv2%2Fmedia&parent=195306"}],"wp:term":[{"taxonomy":"category","embeddable":true,"href":"https:\/\/kulturbloggen.com\/index.php?rest_route=%2Fwp%2Fv2%2Fcategories&post=195306"},{"taxonomy":"post_tag","embeddable":true,"href":"https:\/\/kulturbloggen.com\/index.php?rest_route=%2Fwp%2Fv2%2Ftags&post=195306"}],"curies":[{"name":"wp","href":"https:\/\/api.w.org\/{rel}","templated":true}]}}