{"id":195273,"date":"2025-07-02T12:08:07","date_gmt":"2025-07-02T11:08:07","guid":{"rendered":"https:\/\/kulturbloggen.com\/?p=195273"},"modified":"2025-07-02T12:08:08","modified_gmt":"2025-07-02T11:08:08","slug":"sanger-i-sommarens-famn-anders-ekborg-aker-pa-sommarturne","status":"publish","type":"post","link":"https:\/\/kulturbloggen.com\/?p=195273","title":{"rendered":"&#8221;S\u00e5nger i sommarens famn&#8221; \u2013 Anders Ekborg \u00e5ker p\u00e5 sommarturn\u00e9"},"content":{"rendered":"<p><img loading=\"lazy\" decoding=\"async\" class=\"aligncenter size-full wp-image-186912\" src=\"hhttps:\/\/kulturbloggen.com\/wp-content\/uploads\/2025\/07\/unnamed-13.jpg\" alt=\"\" width=\"650\" height=\"340\" \/><\/p>\n<p>&#8221;S\u00e5nger i sommarens famn&#8221; \u2013 Anders Ekborg inleder sommarturn\u00e9 tillsammans med gitarrvirtuosen Bengt Magnusson. Turn\u00e9premi\u00e4ren f\u00f6r S\u00e5nger i sommarens famn \u00e4ger rum den 10 juli 2025 p\u00e5 Djur\u00f6n\u00e4set, och d\u00e4refter v\u00e4ntar 11 noggrant utvalda orter runt om i landet under sommaren 2025.<\/p>\n<p>Ett pressmeddelande:<\/p>\n<p>\u2013 Jag ser verkligen fram emot att f\u00e5 bes\u00f6ka alla fantastiska smultronst\u00e4llen runt om i landet. Det h\u00e4r kommer bli en varm och st\u00e4mningsfull turn\u00e9, s\u00e4ger Anders Ekborg.<\/p>\n<p>Turn\u00e9n &#8221;S\u00e5nger i sommarens famn&#8221; bjuder p\u00e5 en st\u00e4mningsfull konsertkv\u00e4ll med en dynamisk blandning ur Anders breda repertoar \u2013 fr\u00e5n Bellman och Taube, via Sting och Adele, till den \u00e4lskade l\u00e5tskatten av Bj\u00f6rn &#038; Benny. Allt kryddas med personliga anekdoter och dagsaktuella reflektioner som g\u00f6r varje kv\u00e4ll unik.<\/p>\n<p>Turn\u00e9plan 2025: Anders Ekborg &#8221;I sommarens famn&#8221;<br \/>\n10 juli Djur\u00f6n\u00e4set, Sj\u00f6boden<br \/>\n12 juli Tanumshede, Kville kyrka<br \/>\n16 juli \u00c5m\u00e5l, \u00c5m\u00e5ls kyrka<br \/>\n22 juli Uddevalla, Hafsten Resort<br \/>\n26 juli Ell\u00f6s, Flat\u00f6 kyrka<br \/>\n31 juli V\u00e4stervik, Bryggaren<br \/>\n4 augusti Tyl\u00f6sand, S:t Olofs kapell<br \/>\n6 augusti Trosa, Trosa Kyrka<br \/>\n9 augusti J\u00e4ttendal, Mellanfj\u00e4rdens Teater<br \/>\n11 augusti Ed, Dals-Eds kyrka<br \/>\n28 augusti Kungs\u00f6r, Malmberga Loge<\/p>\n","protected":false},"excerpt":{"rendered":"<p>&#8221;S\u00e5nger i sommarens famn&#8221; \u2013 Anders Ekborg inleder sommarturn\u00e9 tillsammans med gitarrvirtuosen Bengt Magnusson. Turn\u00e9premi\u00e4ren f\u00f6r S\u00e5nger i sommarens famn \u00e4ger rum den 10 juli 2025 p\u00e5 Djur\u00f6n\u00e4set, och d\u00e4refter v\u00e4ntar 11 noggrant utvalda orter runt om i landet under sommaren 2025. Ett pressmeddelande: \u2013 Jag ser verkligen fram emot att f\u00e5 bes\u00f6ka alla fantastiska [&hellip;]<\/p>\n","protected":false},"author":13,"featured_media":195278,"comment_status":"closed","ping_status":"closed","sticky":false,"template":"","format":"standard","meta":{"_genesis_hide_title":false,"_genesis_hide_breadcrumbs":false,"_genesis_hide_singular_image":false,"_genesis_hide_footer_widgets":false,"_genesis_custom_body_class":"","_genesis_custom_post_class":"","_genesis_layout":"","footnotes":""},"categories":[7,13624],"tags":[259,12282,5264],"class_list":{"0":"post-195273","1":"post","2":"type-post","3":"status-publish","4":"format-standard","5":"has-post-thumbnail","7":"category-musik","8":"category-toppnytt","9":"tag-anders-ekborg","10":"tag-musik","11":"tag-sommarturne","12":"entry"},"_links":{"self":[{"href":"https:\/\/kulturbloggen.com\/index.php?rest_route=\/wp\/v2\/posts\/195273","targetHints":{"allow":["GET"]}}],"collection":[{"href":"https:\/\/kulturbloggen.com\/index.php?rest_route=\/wp\/v2\/posts"}],"about":[{"href":"https:\/\/kulturbloggen.com\/index.php?rest_route=\/wp\/v2\/types\/post"}],"author":[{"embeddable":true,"href":"https:\/\/kulturbloggen.com\/index.php?rest_route=\/wp\/v2\/users\/13"}],"replies":[{"embeddable":true,"href":"https:\/\/kulturbloggen.com\/index.php?rest_route=%2Fwp%2Fv2%2Fcomments&post=195273"}],"version-history":[{"count":4,"href":"https:\/\/kulturbloggen.com\/index.php?rest_route=\/wp\/v2\/posts\/195273\/revisions"}],"predecessor-version":[{"id":195281,"href":"https:\/\/kulturbloggen.com\/index.php?rest_route=\/wp\/v2\/posts\/195273\/revisions\/195281"}],"wp:featuredmedia":[{"embeddable":true,"href":"https:\/\/kulturbloggen.com\/index.php?rest_route=\/wp\/v2\/media\/195278"}],"wp:attachment":[{"href":"https:\/\/kulturbloggen.com\/index.php?rest_route=%2Fwp%2Fv2%2Fmedia&parent=195273"}],"wp:term":[{"taxonomy":"category","embeddable":true,"href":"https:\/\/kulturbloggen.com\/index.php?rest_route=%2Fwp%2Fv2%2Fcategories&post=195273"},{"taxonomy":"post_tag","embeddable":true,"href":"https:\/\/kulturbloggen.com\/index.php?rest_route=%2Fwp%2Fv2%2Ftags&post=195273"}],"curies":[{"name":"wp","href":"https:\/\/api.w.org\/{rel}","templated":true}]}}