{"id":195094,"date":"2025-06-25T09:48:26","date_gmt":"2025-06-25T08:48:26","guid":{"rendered":"https:\/\/kulturbloggen.com\/?p=195094"},"modified":"2025-06-25T09:50:56","modified_gmt":"2025-06-25T08:50:56","slug":"stadsvandring-i-ronneby-anno-1658-under-en-hardfor-forsvenkningsprocess","status":"publish","type":"post","link":"https:\/\/kulturbloggen.com\/?p=195094","title":{"rendered":"Teaterrecension: Stadsvandring i Ronneby anno 1658 under en h\u00e5rdf\u00f6r f\u00f6rsvenskningsprocess.."},"content":{"rendered":"\n<figure class=\"wp-block-image size-full\"><img loading=\"lazy\" decoding=\"async\" width=\"650\" height=\"650\" src=\"https:\/\/kulturbloggen.com\/wp-content\/uploads\/2025\/06\/FB_IMG_1750838537182.jpg\" alt=\"\" class=\"wp-image-195095\" srcset=\"https:\/\/kulturbloggen.com\/wp-content\/uploads\/2025\/06\/FB_IMG_1750838537182.jpg 650w, https:\/\/kulturbloggen.com\/wp-content\/uploads\/2025\/06\/FB_IMG_1750838537182-300x300.jpg 300w, https:\/\/kulturbloggen.com\/wp-content\/uploads\/2025\/06\/FB_IMG_1750838537182-150x150.jpg 150w\" sizes=\"auto, (max-width: 650px) 100vw, 650px\" \/><figcaption class=\"wp-element-caption\">(Ronneby anno 1658 och \u00e5rtionden d\u00e4refter &#8211; Ronneby folkteaters stadsvandring 2025 &#8211; foto: Visit Ronneby)<\/figcaption><\/figure>\n\n\n\n<p>Betyg: 4<\/p>\n\n\n\n<p>PREMI\u00c4R<br>Tisdag den 24 juni kl. 18.00 samling utanf\u00f6r Turistinformationen, Ronneby Torg<br>Vandringen tar cirka en och en halvtimme.<br>Guide: Anneli Vik, tisdagen den 22 juli guidar Urban J\u00f6nsson.<\/p>\n\n\n\n<p>\u00d6VRIGA DATUM<br>Tisdagar: 24\/6, 1\/7, 8\/7, 15\/7, 22\/7, 29\/7, 5\/8, 12\/8. (eventuellt en extra vandring den 19\/8)<\/p>\n\n\n\n<p>Tid: kl. 18.00<br>Antal platser per vandring: 60 personer<\/p>\n\n\n\n<p>Ig\u00e5r kv\u00e4ll den 24e juni, var det premi\u00e4r f\u00f6r \u00e5rets dramatiserade stadsvandringar av Ronneby folkteater. Startpunkten var inte som tidigare \u00e5rs sommarkv\u00e4llar p\u00e5 Torget i Ronneby, utan vid den vackert nym\u00e5lade byggnaden d\u00e4r Turistinformation sitter och \u00e5rets dramatiserade stadsvandring fokuserar man p\u00e5 det historisk dramatiska \u00e5ret 1658 och decennierna d\u00e4refter. F\u00f6r d\u00e5 skedde det s\u00e5 pass p\u00e5tagliga och p\u00e5dyvlade f\u00f6r\u00e4ndringar i vardagen, som \u00e4n i dessa dagar ligger i bakgrunden.<\/p>\n\n\n\n<p>Stadsvandringen sker under en tid n\u00e4r svenskarna bl a er\u00f6vrade Blekinge och inledde en h\u00e5rdf\u00f6r f\u00f6rsvenskningsprocess. Det kom definitivt att m\u00e4rkas i Ronneby, staden vid \u00e5kr\u00f6ken. Ta t ex n\u00e4r pr\u00e4sterna pl\u00f6tsligt skulle predika p\u00e5 svenska, och liturgin var inte som under dansktiden. Eftersom kyrkan vid den h\u00e4r tiden var n\u00e5got alla bara skulle g\u00e5 till om s\u00f6ndagarna, kom nyordningen i gudtj\u00e4nstfirandet att bli sv\u00e5rsm\u00e4lt f\u00f6r inv\u00e5narna i handelsstaden n\u00e4stintill mitt i Blekinge.<\/p>\n\n\n\n<p>Men det kom inte att bara stanna vid det, f\u00f6ljderna f\u00f6r Ronnebyborna n\u00e4r svenske kungen Karl XI 1679 grundade en ny stad p\u00e5 en \u00f6 i sk\u00e4rg\u00e5rden drygt tre mil \u00f6sterut blev \u00e4nnu bistrare \u00e4n f\u00f6r\u00e4ndringar i hur kyrkans predikan kom att inneb\u00e4ra. Det var bra sk\u00e5despelarinsatser fr\u00e5n Folkteaterns emsemble och man kan tydligt f\u00f6rst\u00e5 hur milit\u00e4r er\u00f6vring av landomr\u00e5den s\u00e5 brutalt sl\u00e5r mot civilbefolkningen i \u00e5rtionden efter\u00e5t. Tiden l\u00e4ker alla s\u00e5r, nja kanske det. Rekommenderar att man f\u00f6ljer med p\u00e5 <a href=\"https:\/\/www.visitblekinge.se\/dramatiserade-stadsvandringar-2025\">Ronneby folkteaters <\/a>stadsvandring anno 2025.<\/p>\n","protected":false},"excerpt":{"rendered":"<p>Betyg: 4 PREMI\u00c4RTisdag den 24 juni kl. 18.00 samling utanf\u00f6r Turistinformationen, Ronneby TorgVandringen tar cirka en och en halvtimme.Guide: Anneli Vik, tisdagen den 22 juli guidar Urban J\u00f6nsson. \u00d6VRIGA DATUMTisdagar: 24\/6, 1\/7, 8\/7, 15\/7, 22\/7, 29\/7, 5\/8, 12\/8. (eventuellt en extra vandring den 19\/8) Tid: kl. 18.00Antal platser per vandring: 60 personer Ig\u00e5r kv\u00e4ll den [&hellip;]<\/p>\n","protected":false},"author":57,"featured_media":195095,"comment_status":"closed","ping_status":"closed","sticky":false,"template":"","format":"standard","meta":{"_genesis_hide_title":false,"_genesis_hide_breadcrumbs":false,"_genesis_hide_singular_image":false,"_genesis_hide_footer_widgets":false,"_genesis_custom_body_class":"","_genesis_custom_post_class":"","_genesis_layout":"","footnotes":""},"categories":[16,20,30,31,13624],"tags":[13006,2277,3084,12285,4832,13007,5257,13714,7643],"class_list":{"0":"post-195094","1":"post","2":"type-post","3":"status-publish","4":"format-standard","5":"has-post-thumbnail","7":"category-recension","8":"category-film","9":"category-teater","10":"category-teaterrecension","11":"category-toppnytt","12":"tag-blekinge","13":"tag-historia","14":"tag-kulturbloggen","15":"tag-recension","16":"tag-ronneby","17":"tag-ronneby-folkteater","18":"tag-sommar","19":"tag-stadsvandring","20":"tag-teaterkritik","21":"entry"},"_links":{"self":[{"href":"https:\/\/kulturbloggen.com\/index.php?rest_route=\/wp\/v2\/posts\/195094","targetHints":{"allow":["GET"]}}],"collection":[{"href":"https:\/\/kulturbloggen.com\/index.php?rest_route=\/wp\/v2\/posts"}],"about":[{"href":"https:\/\/kulturbloggen.com\/index.php?rest_route=\/wp\/v2\/types\/post"}],"author":[{"embeddable":true,"href":"https:\/\/kulturbloggen.com\/index.php?rest_route=\/wp\/v2\/users\/57"}],"replies":[{"embeddable":true,"href":"https:\/\/kulturbloggen.com\/index.php?rest_route=%2Fwp%2Fv2%2Fcomments&post=195094"}],"version-history":[{"count":15,"href":"https:\/\/kulturbloggen.com\/index.php?rest_route=\/wp\/v2\/posts\/195094\/revisions"}],"predecessor-version":[{"id":195110,"href":"https:\/\/kulturbloggen.com\/index.php?rest_route=\/wp\/v2\/posts\/195094\/revisions\/195110"}],"wp:featuredmedia":[{"embeddable":true,"href":"https:\/\/kulturbloggen.com\/index.php?rest_route=\/wp\/v2\/media\/195095"}],"wp:attachment":[{"href":"https:\/\/kulturbloggen.com\/index.php?rest_route=%2Fwp%2Fv2%2Fmedia&parent=195094"}],"wp:term":[{"taxonomy":"category","embeddable":true,"href":"https:\/\/kulturbloggen.com\/index.php?rest_route=%2Fwp%2Fv2%2Fcategories&post=195094"},{"taxonomy":"post_tag","embeddable":true,"href":"https:\/\/kulturbloggen.com\/index.php?rest_route=%2Fwp%2Fv2%2Ftags&post=195094"}],"curies":[{"name":"wp","href":"https:\/\/api.w.org\/{rel}","templated":true}]}}