{"id":19484,"date":"2010-04-12T21:12:07","date_gmt":"2010-04-12T20:12:07","guid":{"rendered":"http:\/\/kulturbloggen.com\/?p=19484"},"modified":"2010-04-12T21:12:07","modified_gmt":"2010-04-12T20:12:07","slug":"att-det-ska-vara-sa-svart-att-filmatisera-kommissarie-winter","status":"publish","type":"post","link":"https:\/\/kulturbloggen.com\/?p=19484","title":{"rendered":"Att det ska vara s\u00e5 sv\u00e5rt att filmatisera kommissarie Winter"},"content":{"rendered":"<p><a href=\"http:\/\/kulturbloggen.com\/wp-content\/uploads\/2010\/04\/kommisariewinter_5.jpg\"><img loading=\"lazy\" decoding=\"async\" src=\"http:\/\/kulturbloggen.com\/wp-content\/uploads\/2010\/04\/kommisariewinter_5-300x225.jpg\" alt=\"\" title=\"kommisariewinter_5\" width=\"300\" height=\"225\" class=\"aligncenter size-medium wp-image-19492\" \/><\/a><br \/>\n\u00c5ke Edwardsson deckare om kriminalkommissarie Winter \u00e4r en av mina favoriter bland kriminalromaner.<br \/>\nJag gillar f\u00f6rst\u00e5s att handlingen utspelar sig i G\u00f6teborg och att Edwardsson kriminalromaner beskriver samh\u00e4llet. De \u00e4r sp\u00e4nnande men samtidigt skildrar det livet i Sverige i v\u00e5r tid.<br \/>\nJag gillar karakt\u00e4ren Winter, som \u00e4r en filosof men inte s\u00e5 d\u00e4r medel\u00e5lders hoppl\u00f6s som Wallander och andra i den stilen.<\/p>\n<p>Jag hade l\u00e4ngtat efter premi\u00e4ren av fyra b\u00f6cker <a href=\"http:\/\/svt.se\/2.120345\/kommissarie_winter\">filmatiserade i \u00e5tta avsnitt med start nu p\u00e5 m\u00e5ndagskv\u00e4llen i SVT<\/a>.<\/p>\n<p>Men f\u00f6rsta avsnittet var segt och det var r\u00f6rigt.<br \/>\nJag l\u00e4ste att Krepper som spelar Winter f\u00e5tt fria h\u00e4nder att \u00e4ndra lite i Winters stil, att han gjort Winter mindre kl\u00e4dmedveten. Hmm, var det tvunget att g\u00f6ra Winter till en slashas som g\u00e5r omkring i en linnekostym som ser ut som om han \u00e4r dagen-efter hela tiden?<\/p>\n<p>Magnus Krepper \u00e4r v\u00e4ldigt bra i den roll han g\u00f6r i Solsidan, men fr\u00e5gan \u00e4r om han \u00e4r r\u00e4tt som kommissarie Winter. Vi f\u00e5r se. Ett avsnitt ger inte  helhetsintrycket.<\/p>\n<p><a href=\"http:\/\/www.svd.se\/kulturnoje\/nyheter\/krepper-ar-kvar-i-winter_4552659.svd\">Intervju med Magnus Krepper som spelar kommissarie Winter.<\/a><\/p>\n<p>L\u00e4s \u00e4ven andra bloggares \u00e5sikter om <a href=\"http:\/\/bloggar.se\/om\/deckare\" rel=\"tag\">deckare<\/a>, <a href=\"http:\/\/bloggar.se\/om\/tv\" rel=\"tag\">tv<\/a>, <a href=\"http:\/\/bloggar.se\/om\/G%F6teborg\" rel=\"tag\">G\u00f6teborg<\/a>, <a href=\"http:\/\/bloggar.se\/om\/Winter\" rel=\"tag\">Winter<\/a><\/p>\n","protected":false},"excerpt":{"rendered":"<p>\u00c5ke Edwardsson deckare om kriminalkommissarie Winter \u00e4r en av mina favoriter bland kriminalromaner. Jag gillar f\u00f6rst\u00e5s att handlingen utspelar sig i G\u00f6teborg och att Edwardsson kriminalromaner beskriver samh\u00e4llet. De \u00e4r sp\u00e4nnande men samtidigt skildrar det livet i Sverige i v\u00e5r tid. Jag gillar karakt\u00e4ren Winter, som \u00e4r en filosof men inte s\u00e5 d\u00e4r medel\u00e5lders hoppl\u00f6s [&hellip;]<\/p>\n","protected":false},"author":2,"featured_media":0,"comment_status":"open","ping_status":"open","sticky":false,"template":"","format":"standard","meta":{"_genesis_hide_title":false,"_genesis_hide_breadcrumbs":false,"_genesis_hide_singular_image":false,"_genesis_hide_footer_widgets":false,"_genesis_custom_body_class":"","_genesis_custom_post_class":"","_genesis_layout":"","footnotes":""},"categories":[20],"tags":[1197,2159,6012],"class_list":{"0":"post-19484","1":"post","2":"type-post","3":"status-publish","4":"format-standard","6":"category-film","7":"tag-deckare","8":"tag-goteborg","9":"tag-tv","10":"entry"},"_links":{"self":[{"href":"https:\/\/kulturbloggen.com\/index.php?rest_route=\/wp\/v2\/posts\/19484","targetHints":{"allow":["GET"]}}],"collection":[{"href":"https:\/\/kulturbloggen.com\/index.php?rest_route=\/wp\/v2\/posts"}],"about":[{"href":"https:\/\/kulturbloggen.com\/index.php?rest_route=\/wp\/v2\/types\/post"}],"author":[{"embeddable":true,"href":"https:\/\/kulturbloggen.com\/index.php?rest_route=\/wp\/v2\/users\/2"}],"replies":[{"embeddable":true,"href":"https:\/\/kulturbloggen.com\/index.php?rest_route=%2Fwp%2Fv2%2Fcomments&post=19484"}],"version-history":[{"count":0,"href":"https:\/\/kulturbloggen.com\/index.php?rest_route=\/wp\/v2\/posts\/19484\/revisions"}],"wp:attachment":[{"href":"https:\/\/kulturbloggen.com\/index.php?rest_route=%2Fwp%2Fv2%2Fmedia&parent=19484"}],"wp:term":[{"taxonomy":"category","embeddable":true,"href":"https:\/\/kulturbloggen.com\/index.php?rest_route=%2Fwp%2Fv2%2Fcategories&post=19484"},{"taxonomy":"post_tag","embeddable":true,"href":"https:\/\/kulturbloggen.com\/index.php?rest_route=%2Fwp%2Fv2%2Ftags&post=19484"}],"curies":[{"name":"wp","href":"https:\/\/api.w.org\/{rel}","templated":true}]}}