{"id":194747,"date":"2025-06-11T11:52:36","date_gmt":"2025-06-11T10:52:36","guid":{"rendered":"https:\/\/kulturbloggen.com\/?p=194747"},"modified":"2025-06-11T11:52:37","modified_gmt":"2025-06-11T10:52:37","slug":"en-helg-for-cornelis-en-hyllningshelg-till-en-svensk-ikon-i-november-2025","status":"publish","type":"post","link":"https:\/\/kulturbloggen.com\/?p=194747","title":{"rendered":"En helg f\u00f6r Cornelis \u2013 En hyllningshelg till en svensk ikon i november 2025"},"content":{"rendered":"<p><img decoding=\"async\" class=\"aligncenter size-full wp-image-186912\" src=\"https:\/\/kulturbloggen.com\/wp-content\/uploads\/2025\/06\/unnamed-8.jpg\" alt=\"\" width=\"650\" \/><\/p>\n<p>Aldrig tidigare har Cornelis Vreeswijks konstn\u00e4rskap hyllats i en s\u00e5dan skala. Den 27\u201329 november 2025 samlas n\u00e5gra av Sveriges mest \u00e4lskade artister p\u00e5 Cirkus i Stockholm f\u00f6r att hedra poeten, provokat\u00f6ren och romantikern Cornelis \u2013 i ord, musik och anda.<\/p>\n<p>Ett pressmeddelande ber\u00e4ttar:<\/p>\n<p>Cornelis Vreeswijk \u00e4r en av Sveriges mest inflytelserika viss\u00e5ngare. Med kompromissl\u00f6s \u00e4rlighet, spr\u00e5klig sk\u00e4rpa, varm humor och politiskt mod tog han sig rakt in i b\u00e5de hj\u00e4rtat och samh\u00e4llets \u00f6mma punkter. Hans s\u00e5nger \u00e4r lika aktuella idag som n\u00e4r de skrevs \u2013 om inte mer.<\/p>\n<p>Under tre konserter f\u00e5r publiken m\u00f6ta tre sidor av Cornelis \u2013 romantikern, samh\u00e4llskritikern och den roliga j\u00e4veln. Helgen avslutas med en priskonsert, d\u00e4r \u00e5rets Cornelispris delas ut. Priset har delats ut sedan 1988 till artister och l\u00e5tskrivare som verkar i Cornelis anda \u2013 med integritet, konstn\u00e4rlig sk\u00e4rpa och ett personligt uttryck som inte v\u00e4jer f\u00f6r livets skav. Pristagaren annonseras senare.<\/p>\n<p>&#8221;Cornelispriset har i \u00f6ver tre decennier bel\u00f6nat artister och konstn\u00e4rer som med sin kreativitet och sitt uttryck forts\u00e4tter att f\u00f6rnya och berika den svenska kulturscenen. Med den h\u00e4r helgen vill vi ge priset den uppm\u00e4rksamhet det f\u00f6rtj\u00e4nar och samtidigt visa hur levande och relevant Cornelis arv \u00e4r \u00e4n idag,&#8221; s\u00e4ger Anton Strand, advokat och ordf\u00f6rande f\u00f6r Cornelispriset.<\/p>\n<p>Syftet med helgen \u00e4r att lyfta Cornelispriset till den niv\u00e5 det f\u00f6rtj\u00e4nar och etablera ett \u00e5terkommande kulturevenemang med en sj\u00e4lvklar plats i svenskt musikliv. Konserterna arrangeras av Jubel och Lifeline i samarbete med Cornelispriset och Stockholm Stadsmission.<\/p>\n<p>&#8221;Vi beundrar och respekterar Stadsmissionens st\u00e4ndiga arbete f\u00f6r m\u00e4nniskor i en utsatt livssituation, och \u00e4r \u00f6vertygad om att Cornelis hade tyckt detsamma. Vi har d\u00e4rf\u00f6r valt att samarbeta med Stadsmissionen, inklusive att en viss del av biljettint\u00e4kterna sk\u00e4nks till dessa&#8221;, s\u00e4ger Olivia Welding p\u00e5 Jubel och Michael Henriksson p\u00e5 Lifeline, som st\u00e5r bakom &#8221;En helg f\u00f6r Cornelis&#8221;.<\/p>\n<p><strong>Program \u2013 En helg f\u00f6r Cornelis 2025<\/strong><\/p>\n<p><strong>27 november \u2013 Romantikern<\/strong><br \/>\nHelen Sj\u00f6holm<br \/>\nAlbin Lee Meldau<br \/>\nSimon Superti<br \/>\nOlle J\u00f6nsson<br \/>\nMagnus Carlson<\/p>\n<p><strong>28 november \u2013 Samh\u00e4llskritikern<\/strong><br \/>\nStefan Sundstr\u00f6m<br \/>\nMaxida M\u00e4rak<br \/>\nTensta Gospel Choir<br \/>\nSimon Superti<\/p>\n<p><strong>29 november (matin\u00e9) \u2013 Den roliga j\u00e4veln<\/strong><br \/>\nLill Lindfors<br \/>\nMoonica Mac<br \/>\nLina Hedlund<br \/>\nSimon Superti<br \/>\nSofia Karlsson<\/p>\n<p><strong>29 november (kv\u00e4ll) \u2013 Cornelispriset &#8211; priskonsert<\/strong><br \/>\nBj\u00f6rn Dixg\u00e5rd<br \/>\nTomas Andersson Wij<br \/>\nSimon Superti<br \/>\nRebecka T\u00f6rnqvist<\/p>\n<p>Fler artister tillkommer.<\/p>\n","protected":false},"excerpt":{"rendered":"<p>Aldrig tidigare har Cornelis Vreeswijks konstn\u00e4rskap hyllats i en s\u00e5dan skala. Den 27\u201329 november 2025 samlas n\u00e5gra av Sveriges mest \u00e4lskade artister p\u00e5 Cirkus i Stockholm f\u00f6r att hedra poeten, provokat\u00f6ren och romantikern Cornelis \u2013 i ord, musik och anda. Ett pressmeddelande ber\u00e4ttar: Cornelis Vreeswijk \u00e4r en av Sveriges mest inflytelserika viss\u00e5ngare. Med kompromissl\u00f6s \u00e4rlighet, [&hellip;]<\/p>\n","protected":false},"author":13,"featured_media":194751,"comment_status":"closed","ping_status":"closed","sticky":false,"template":"","format":"standard","meta":{"_genesis_hide_title":false,"_genesis_hide_breadcrumbs":false,"_genesis_hide_singular_image":false,"_genesis_hide_footer_widgets":false,"_genesis_custom_body_class":"","_genesis_custom_post_class":"","_genesis_layout":"","footnotes":""},"categories":[7,13624],"tags":[14739,15319],"class_list":{"0":"post-194747","1":"post","2":"type-post","3":"status-publish","4":"format-standard","5":"has-post-thumbnail","7":"category-musik","8":"category-toppnytt","9":"tag-cornelis-vreeswijk-2","10":"tag-hyllningskonsert","11":"entry"},"_links":{"self":[{"href":"https:\/\/kulturbloggen.com\/index.php?rest_route=\/wp\/v2\/posts\/194747","targetHints":{"allow":["GET"]}}],"collection":[{"href":"https:\/\/kulturbloggen.com\/index.php?rest_route=\/wp\/v2\/posts"}],"about":[{"href":"https:\/\/kulturbloggen.com\/index.php?rest_route=\/wp\/v2\/types\/post"}],"author":[{"embeddable":true,"href":"https:\/\/kulturbloggen.com\/index.php?rest_route=\/wp\/v2\/users\/13"}],"replies":[{"embeddable":true,"href":"https:\/\/kulturbloggen.com\/index.php?rest_route=%2Fwp%2Fv2%2Fcomments&post=194747"}],"version-history":[{"count":6,"href":"https:\/\/kulturbloggen.com\/index.php?rest_route=\/wp\/v2\/posts\/194747\/revisions"}],"predecessor-version":[{"id":194757,"href":"https:\/\/kulturbloggen.com\/index.php?rest_route=\/wp\/v2\/posts\/194747\/revisions\/194757"}],"wp:featuredmedia":[{"embeddable":true,"href":"https:\/\/kulturbloggen.com\/index.php?rest_route=\/wp\/v2\/media\/194751"}],"wp:attachment":[{"href":"https:\/\/kulturbloggen.com\/index.php?rest_route=%2Fwp%2Fv2%2Fmedia&parent=194747"}],"wp:term":[{"taxonomy":"category","embeddable":true,"href":"https:\/\/kulturbloggen.com\/index.php?rest_route=%2Fwp%2Fv2%2Fcategories&post=194747"},{"taxonomy":"post_tag","embeddable":true,"href":"https:\/\/kulturbloggen.com\/index.php?rest_route=%2Fwp%2Fv2%2Ftags&post=194747"}],"curies":[{"name":"wp","href":"https:\/\/api.w.org\/{rel}","templated":true}]}}