{"id":194705,"date":"2025-06-10T17:26:22","date_gmt":"2025-06-10T16:26:22","guid":{"rendered":"https:\/\/kulturbloggen.com\/?p=194705"},"modified":"2025-06-10T17:34:11","modified_gmt":"2025-06-10T16:34:11","slug":"filmrecension-the-ugly-stepsister","status":"publish","type":"post","link":"https:\/\/kulturbloggen.com\/?p=194705","title":{"rendered":"Filmrecension: The Ugly Stepsister &#8211; blodet sprutar n\u00e4r sk\u00f6nhetsidealen attackeras"},"content":{"rendered":"<p><img loading=\"lazy\" decoding=\"async\" class=\"aligncenter size-full wp-image-186912\" src=\"https:\/\/kulturbloggen.com\/wp-content\/uploads\/2025\/06\/unnamed-7.jpg\" alt=\"\" width=\"650\" height=\"340\" \/><\/p>\n<p>The Ugly Stepsister<br \/>\nBetyg 2<br \/>\nSvensk biopremi\u00e4r  13 juni 2025<br \/>\nRegi Emilie Blichfeldt<\/p>\n<p>En annorlunda version av Askungen, med mycket blod och andra kroppsv\u00e4tskor och annat som \u00e4r \u00e4ckligt att se. Jag f\u00f6rst\u00e5r mig inte p\u00e5 denna genre, body-horror. Vad \u00e4r det intressanta med att i n\u00e4rbild se blodiga scener som g\u00f6r att jag m\u00e5r illa? Ja vi \u00e4r alla olika och det \u00e4r f\u00f6rst\u00e5s d\u00e4rf\u00f6r det finns en publik f\u00f6r denna film ocks\u00e5.<\/p>\n<p>Handlingen ber\u00e4ttas framf\u00f6r allt utifr\u00e5n Elvira, vi f\u00f6ljer handlingen ur en av de elaka styvsystrarnas perspektiv. Elvira \u00e4r inte alltigenom elak, hon \u00e4r sj\u00e4lv ett offer f\u00f6r sin mammas planer. Elvira \u00e4r d\u00e4remot mesig och har inte mod att p\u00e5 n\u00e5got s\u00e4tt s\u00e4tta sig emot allt hon uts\u00e4tts f\u00f6r. Elvira \u00e4r inte vacker enligt de traditionella sk\u00f6nhetsidealen och hon uts\u00e4tts f\u00f6r sm\u00e4rtsamma ingrepp f\u00f6r att f\u00f6rvandlas till en \u00e5tr\u00e5v\u00e4rd kvinna bland adelsm\u00e4nnen och mest av allt f\u00f6r att bli intressant f\u00f6r prinsen.<\/p>\n<p>Filmen g\u00e5r till storms mot ytliga sk\u00f6nhetsideal som g\u00f6r att kvinnor uts\u00e4tter sig f\u00f6r riskabla plastikoperationer &#8211; ett ideal som ocks\u00e5 kan ge \u00e4tst\u00f6rningar.<\/p>\n<p>Filmens regiss\u00f6r Emilie Blichfeldt f\u00f6rklarar att The Ugly Stepsister \u00e4r inspirerad av s\u00e5v\u00e4l br\u00f6derna Grimms i sig r\u00e4tt brutala version av Askungesagan som hennes personliga kamp med sin kroppsuppfattning:<br \/>\n<em>&#8211; Jag vill framkalla s\u00e5v\u00e4l empati som obehag och inspirera publiken till att reflektera \u00f6ver sin uppfattning om, och f\u00f6rh\u00e5llande till, sk\u00f6nhet.<\/em><\/p>\n<p>Elvira och hennes syster Alma flyttar till en fin herrg\u00e5rd tillsammans med sin mamma som gift sig med en adlig \u00e4nkeman som har en dotter, Agnes (Thea Sofie Loch N\u00e6ss, Ondskan), som blir deras styvsyster. Agnes \u00e4r naturligt vacker, b\u00e5de inifr\u00e5n och ut\u00e5t. Men Agnes pappa d\u00f6r strax efter br\u00f6llopet och Agnes m\u00e5ste d\u00e5 leva med sin styvmamma och styrsystrar. Systrarna \u00e4r inte speciellt elaka utan det \u00e4r mamman som \u00e4r vidrig. Men allt st\u00e4lls p\u00e5 sin spets n\u00e4r landets prins Julian (Isac Calmroth, Ondskan) bjuder in alla adliga unga kvinnor till en bal. Prinsen ska utse sin fru under balen. Elviras mamma best\u00e4mmer att Elvira ska utf\u00f6ra flera hemska ingrepp f\u00f6r att bli attraktiv.<\/p>\n<p>Agnes d\u00e4remot bryr sig egentligen inte om att gifta sig med prinsen, hon \u00e4r f\u00f6r\u00e4lskad i en annan ung man. Men f\u00f6r styvmamman \u00e4r Agnes ett hot mot hennes planer f\u00f6r Elvira. Agnes f\u00f6rpassas till tj\u00e4nstefolket.<\/p>\n<p>Jag \u00e4r inte den enda som har sv\u00e5rt f\u00f6r den h\u00e4r filmens blodiga och slaskiga scener. Midnattsvisningen av The Ugly Stepsister p\u00e5 Sundance-festivalen blev omtalad bland annat f\u00f6r att en av bes\u00f6karna spydde under den. Filmen ses som ett effektivt inl\u00e4gg i debatten om den st\u00e4ndiga pressen p\u00e5 kvinnor att alltid vara perfekta. Men f\u00f6r min del blir det f\u00f6r mycket, f\u00f6r \u00f6vertydligt.<\/p>\n<p>Filmens regiss\u00f6r Emilie Blichfeldt har flera g\u00e5ngen tidigare tagit sig an problemen med sk\u00f6nhetshets genom debattartiklar och kortfilm. P\u00e5 s\u00e4tt och vis har v\u00e4l alla filmer n\u00e5gon sorts budskap, mer eller mindre dolt. Visst, sagan om Askungen \u00e4r i sig liksom m\u00e5nga sagor ganska brutala och grymma, men hur skr\u00e4ckfyllda de \u00e4r beror p\u00e5 hur de framf\u00f6rs och hur ber\u00e4ttelsen fokuserar p\u00e5 det \u00e4ckliga och det blodiga. F\u00f6r mig blev det f\u00f6r mycket f\u00f6r att det skulle vara njutbart.<\/p>\n<p>Emilie Blichfeldt s\u00e4ger i ett pressmeddelande:<br \/>\n<em>&#8211; Budskapet \u00e4r kanske inte s\u00e5 v\u00e4l dolt i filmen, men inte p\u00e5 bekostnad av bioupplevelsen. Det spelar ingen roll vad man vill s\u00e4ga, det m\u00e5ste f\u00f6rst och fr\u00e4mst vara en j\u00e4kligt bra film.<\/em><\/p>\n<p>Och nej, f\u00f6r mig \u00e4r det inte en j\u00e4kligt bra film, trots det goda syftet. Jag vill tycka om den men det g\u00e5r inte: Trots en l\u00e5ng rad duktiga sk\u00e5despelare, till exempel Adam Lundgren, Malte G\u00e5rdinger (Young Royals), Cecilia Forss, Ralph Carlsson och Ane Dahl Torp (Charter) som jag g\u00e4rna skulle vilja ge h\u00f6gre betyg. Helheten blir dock f\u00f6r osmaklig och f\u00f6r seg.<\/p>\n<p><iframe loading=\"lazy\" width=\"560\" height=\"315\" src=\"https:\/\/www.youtube.com\/embed\/m_6gKTTIGvA?si=uKHDjIxzHk87Fate\" title=\"YouTube video player\" frameborder=\"0\" allow=\"accelerometer; autoplay; clipboard-write; encrypted-media; gyroscope; picture-in-picture; web-share\" referrerpolicy=\"strict-origin-when-cross-origin\" allowfullscreen><\/iframe><\/p>\n","protected":false},"excerpt":{"rendered":"<p>The Ugly Stepsister Betyg 2 Svensk biopremi\u00e4r 13 juni 2025 Regi Emilie Blichfeldt En annorlunda version av Askungen, med mycket blod och andra kroppsv\u00e4tskor och annat som \u00e4r \u00e4ckligt att se. Jag f\u00f6rst\u00e5r mig inte p\u00e5 denna genre, body-horror. Vad \u00e4r det intressanta med att i n\u00e4rbild se blodiga scener som g\u00f6r att jag m\u00e5r [&hellip;]<\/p>\n","protected":false},"author":2,"featured_media":194707,"comment_status":"closed","ping_status":"closed","sticky":false,"template":"","format":"standard","meta":{"_genesis_hide_title":false,"_genesis_hide_breadcrumbs":false,"_genesis_hide_singular_image":false,"_genesis_hide_footer_widgets":false,"_genesis_custom_body_class":"","_genesis_custom_post_class":"","_genesis_layout":"","footnotes":""},"categories":[50,51,16,20,13624],"tags":[15316,15318,1728,1738,13855,15317],"class_list":{"0":"post-194705","1":"post","2":"type-post","3":"status-publish","4":"format-standard","5":"has-post-thumbnail","7":"category-filmfilm","8":"category-filmer","9":"category-recension","10":"category-film","11":"category-toppnytt","12":"tag-askungen","13":"tag-body-horror","14":"tag-filmkritik","15":"tag-filmrecension","16":"tag-skrackfilm","17":"tag-the-ugly-stepsister","18":"entry"},"_links":{"self":[{"href":"https:\/\/kulturbloggen.com\/index.php?rest_route=\/wp\/v2\/posts\/194705","targetHints":{"allow":["GET"]}}],"collection":[{"href":"https:\/\/kulturbloggen.com\/index.php?rest_route=\/wp\/v2\/posts"}],"about":[{"href":"https:\/\/kulturbloggen.com\/index.php?rest_route=\/wp\/v2\/types\/post"}],"author":[{"embeddable":true,"href":"https:\/\/kulturbloggen.com\/index.php?rest_route=\/wp\/v2\/users\/2"}],"replies":[{"embeddable":true,"href":"https:\/\/kulturbloggen.com\/index.php?rest_route=%2Fwp%2Fv2%2Fcomments&post=194705"}],"version-history":[{"count":29,"href":"https:\/\/kulturbloggen.com\/index.php?rest_route=\/wp\/v2\/posts\/194705\/revisions"}],"predecessor-version":[{"id":194737,"href":"https:\/\/kulturbloggen.com\/index.php?rest_route=\/wp\/v2\/posts\/194705\/revisions\/194737"}],"wp:featuredmedia":[{"embeddable":true,"href":"https:\/\/kulturbloggen.com\/index.php?rest_route=\/wp\/v2\/media\/194707"}],"wp:attachment":[{"href":"https:\/\/kulturbloggen.com\/index.php?rest_route=%2Fwp%2Fv2%2Fmedia&parent=194705"}],"wp:term":[{"taxonomy":"category","embeddable":true,"href":"https:\/\/kulturbloggen.com\/index.php?rest_route=%2Fwp%2Fv2%2Fcategories&post=194705"},{"taxonomy":"post_tag","embeddable":true,"href":"https:\/\/kulturbloggen.com\/index.php?rest_route=%2Fwp%2Fv2%2Ftags&post=194705"}],"curies":[{"name":"wp","href":"https:\/\/api.w.org\/{rel}","templated":true}]}}