{"id":194686,"date":"2025-06-09T11:23:54","date_gmt":"2025-06-09T10:23:54","guid":{"rendered":"https:\/\/kulturbloggen.com\/?p=194686"},"modified":"2025-06-09T11:25:40","modified_gmt":"2025-06-09T10:25:40","slug":"titta-thomas-stenstrom-for-sverige-i-tiden","status":"publish","type":"post","link":"https:\/\/kulturbloggen.com\/?p=194686","title":{"rendered":"Titta: Thomas Stenstr\u00f6m &#8211; F\u00f6r Sverige i tiden"},"content":{"rendered":"<p><img loading=\"lazy\" decoding=\"async\" class=\"aligncenter size-full wp-image-186912\" src=\"https:\/\/kulturbloggen.com\/wp-content\/uploads\/2025\/06\/Skarmavbild-2025-06-09-kl.-12.01.22-2.jpg\" alt=\"\" width=\"650\" height=\"340\" \/><\/p>\n<p>Thomas Stenstr\u00f6m har sl\u00e4ppt musikvideo till F\u00f6r Sverige i tiden.<\/p>\n<p>P\u00e5 Sveriges nationaldag sl\u00e4ppte Thomas Stenstr\u00f6m F\u00f6r Sverige i tiden &#8211; ett musikaliskt st\u00e4llningstagande och fj\u00e4rde l\u00e5ten fr\u00e5n det kommande albumet SVERIGE som sl\u00e4pps den 22 augusti 2025.<\/p>\n<p>Den 9 juni sl\u00e4pptes en filmisk musikvideo regisserad av Salom\u00e9 Elliot. Thomas Stenstr\u00f6m s\u00e4ger:<br \/>\n<em>&#8211; Med den h\u00e4r l\u00e5ten ville jag f\u00e5nga det som bara p\u00e5g\u00e5r. Det som h\u00e4nder n\u00e5gon annanstans och framf\u00f6r \u00f6gonen, stort och litet, vackert och fult, sorgligt och glatt. Vardagen. Den h\u00e4r videon hj\u00e4lper till att f\u00e5nga den k\u00e4nslan. Tack Salom\u00e9 Elliot, Petrovsky, Jaqueline Al Amiri och Miles Lembke f\u00f6r hj\u00e4lpen!<\/em><\/p>\n<p>Den 23 augusti 2025 g\u00f6r Thomas sin enda spelning i \u00e5r, p\u00e5 Zinkensdamm IP i Stockholm.<\/p>\n<p><img loading=\"lazy\" decoding=\"async\" class=\"alignright size-medium wp-image-186119\" src=\"https:\/\/kulturbloggen.com\/wp-content\/uploads\/2025\/06\/thomastenstrom.jpg\" alt=\"\" width=\"300\" height=\"200\" \/><\/p>\n<p>Ett pressmeddelande ber\u00e4ttar:<br \/>\nThomas Stenstr\u00f6m har bef\u00e4st sig som en av v\u00e5ra mest \u00e4lskade artister. 2023 sl\u00e4ppte han sitt kritikerrosade album Superlativ 97, med bland annat superhiten Andas in andas ut, som gick direkt upp p\u00e5 f\u00f6rstaplatsen p\u00e5 topplistan f\u00f6r album. F\u00f6r framg\u00e5ngarna tilldelades han pris f\u00f6r \u00c5rets Artist och \u00c5rets Pop p\u00e5 Grammisgalan 2024, och vann \u00c5rets L\u00e5t f\u00f6r Andas in andas ut P3 Guld samma \u00e5r. Hans Dreamer Tour omvandlades till Superlativ Tour, med storslagna konserter p\u00e5 Tele2 Arena, Malm\u00f6 Arena, Scandinavium och Spectrum (Oslo), som fortsatte in i en \u00e4nnu st\u00f6rre sommarturn\u00e9 \u00f6ver hela landet.<\/p>\n<p><iframe loading=\"lazy\" width=\"560\" height=\"315\" src=\"https:\/\/www.youtube.com\/embed\/WsTV_eJTp3U?si=hhBFTa-LwXGlDT3X\" title=\"YouTube video player\" frameborder=\"0\" allow=\"accelerometer; autoplay; clipboard-write; encrypted-media; gyroscope; picture-in-picture; web-share\" referrerpolicy=\"strict-origin-when-cross-origin\" allowfullscreen><\/iframe><\/p>\n","protected":false},"excerpt":{"rendered":"<p>Thomas Stenstr\u00f6m har sl\u00e4ppt musikvideo till F\u00f6r Sverige i tiden. P\u00e5 Sveriges nationaldag sl\u00e4ppte Thomas Stenstr\u00f6m F\u00f6r Sverige i tiden &#8211; ett musikaliskt st\u00e4llningstagande och fj\u00e4rde l\u00e5ten fr\u00e5n det kommande albumet SVERIGE som sl\u00e4pps den 22 augusti 2025. Den 9 juni sl\u00e4pptes en filmisk musikvideo regisserad av Salom\u00e9 Elliot. Thomas Stenstr\u00f6m s\u00e4ger: &#8211; Med den [&hellip;]<\/p>\n","protected":false},"author":13,"featured_media":194700,"comment_status":"closed","ping_status":"closed","sticky":false,"template":"","format":"standard","meta":{"_genesis_hide_title":false,"_genesis_hide_breadcrumbs":false,"_genesis_hide_singular_image":false,"_genesis_hide_footer_widgets":false,"_genesis_custom_body_class":"","_genesis_custom_post_class":"","_genesis_layout":"","footnotes":""},"categories":[7,20,13624],"tags":[2467,3387,12282,4436,5533,7218,13618,6230],"class_list":{"0":"post-194686","1":"post","2":"type-post","3":"status-publish","4":"format-standard","5":"has-post-thumbnail","7":"category-musik","8":"category-film","9":"category-toppnytt","10":"tag-indie","11":"tag-lyssna","12":"tag-musik","13":"tag-popmusik","14":"tag-sverige","15":"tag-thomas-stenstrom","16":"tag-titta","17":"tag-video","18":"entry"},"_links":{"self":[{"href":"https:\/\/kulturbloggen.com\/index.php?rest_route=\/wp\/v2\/posts\/194686","targetHints":{"allow":["GET"]}}],"collection":[{"href":"https:\/\/kulturbloggen.com\/index.php?rest_route=\/wp\/v2\/posts"}],"about":[{"href":"https:\/\/kulturbloggen.com\/index.php?rest_route=\/wp\/v2\/types\/post"}],"author":[{"embeddable":true,"href":"https:\/\/kulturbloggen.com\/index.php?rest_route=\/wp\/v2\/users\/13"}],"replies":[{"embeddable":true,"href":"https:\/\/kulturbloggen.com\/index.php?rest_route=%2Fwp%2Fv2%2Fcomments&post=194686"}],"version-history":[{"count":11,"href":"https:\/\/kulturbloggen.com\/index.php?rest_route=\/wp\/v2\/posts\/194686\/revisions"}],"predecessor-version":[{"id":194701,"href":"https:\/\/kulturbloggen.com\/index.php?rest_route=\/wp\/v2\/posts\/194686\/revisions\/194701"}],"wp:featuredmedia":[{"embeddable":true,"href":"https:\/\/kulturbloggen.com\/index.php?rest_route=\/wp\/v2\/media\/194700"}],"wp:attachment":[{"href":"https:\/\/kulturbloggen.com\/index.php?rest_route=%2Fwp%2Fv2%2Fmedia&parent=194686"}],"wp:term":[{"taxonomy":"category","embeddable":true,"href":"https:\/\/kulturbloggen.com\/index.php?rest_route=%2Fwp%2Fv2%2Fcategories&post=194686"},{"taxonomy":"post_tag","embeddable":true,"href":"https:\/\/kulturbloggen.com\/index.php?rest_route=%2Fwp%2Fv2%2Ftags&post=194686"}],"curies":[{"name":"wp","href":"https:\/\/api.w.org\/{rel}","templated":true}]}}