{"id":194530,"date":"2025-06-03T12:39:14","date_gmt":"2025-06-03T11:39:14","guid":{"rendered":"https:\/\/kulturbloggen.com\/?p=194530"},"modified":"2025-06-03T12:40:47","modified_gmt":"2025-06-03T11:40:47","slug":"filmrecension-young-hearts-imponerande","status":"publish","type":"post","link":"https:\/\/kulturbloggen.com\/?p=194530","title":{"rendered":"Filmrecension: Young Hearts &#8211; imponerande"},"content":{"rendered":"<p><img decoding=\"async\" class=\"aligncenter size-full wp-image-186912\" src=\"https:\/\/kulturbloggen.com\/wp-content\/uploads\/2025\/06\/youghearts.jpg\" alt=\"\" width=\"650\"\/><\/p>\n<p>Young Hearts<br \/>\nBetyg 4<br \/>\nSvensk biopremi\u00e4r 6 juni 2025<br \/>\nRegi Anthony Schatteman<br \/>\nRollerna Lou Goossens som Elias, Marius de Saeger som Alexander, Saar Rogiers som Valerie, Emilie De Roo som Elias mamma, Geert Van Rampelberg som Elias pappa och Dirk van Dijck som Elias morfar.<\/p>\n<p>Elias som \u00e4r 14 \u00e5r bor p\u00e5 den belgiska landbyggden tillsammans med sin familj. En dag flyttar Alexander som \u00e4r lika gammal in i huset mittemot. Det visar sig att de g\u00e5r i samma klass. De b\u00f6rjar umg\u00e5s och deras v\u00e4nskap blir starkare och starkare. N\u00e4r de under en cykeltur stannar till b\u00f6rjar Alexander ber\u00e4tta om sin f\u00f6rsta k\u00e4rlek och s\u00e4ger att k\u00e4rlek \u00e4r v\u00e4rldens b\u00e4sta k\u00e4nsla. P\u00e5 Elias fr\u00e5ga vem hon var svarar Alexander att det var en han. Det f\u00e5r Elias att oroligt b\u00f6rja fundera \u00f6ver sina framv\u00e4xande k\u00e4nslor f\u00f6r den nya v\u00e4nnen och j\u00e4mf\u00f6ra de nya k\u00e4nslorna med sina k\u00e4nslor f\u00f6r Valerie som han ser som sin flickv\u00e4n. Efter den f\u00f6rsta korta kyssen, som Alexander tar initiativ till, b\u00f6rjar Elias funder \u00f6ver vem han egentligen \u00e4r och vad han ska g\u00f6ra med alla sina k\u00e4nslor som bara v\u00e4ller fram. S\u00e4rskilt sv\u00e5rt blir det n\u00e4r den fest som han har planerat att g\u00e5 till tillsammans med Valerie b\u00f6rjar n\u00e4rma sig. Nu vill han hellre g\u00e5 med Alexander och kl\u00e4 ut sig tillsammans med honom. <\/p>\n<p>Det han b\u00f6rjar k\u00e4nna f\u00f6r Alexander \u00e4r n\u00e5got helt annat \u00e4n vad han k\u00e4nner f\u00f6r Valerie. \u00c4r det v\u00e4rldens b\u00e4sta k\u00e4nsla, hans f\u00f6rst riktiga k\u00e4rlek. Det slutar trots allt med att han g\u00e5r p\u00e5 festen tillsammans med Valerie.  Men Valerie m\u00e4rker mer och mer att Elias distanserar sig fr\u00e5n henne och att det \u00e4r n\u00e5got mellan Elias och Alexander. <\/p>\n<p>Allt st\u00e4lls p\u00e5 sin spets n\u00e4r han f\u00f6ljer med till Alexanders sl\u00e4ktingar i Bryssel och Alexander presenterar honom som sin pojkv\u00e4n. Elias som blir b\u00e5de glad och r\u00e4dd v\u00e5gar inte visa k\u00e4rleken till Alexander \u00f6ppet f\u00f6r andra i byn. Alexander undrar om Elias sk\u00e4ms f\u00f6r honom och drar sig tillbaka. \u00c4ven Valeria drar sig undan. Elias blir tystare och tystare och irriterad p\u00e5 allt och alla. Mamman f\u00f6rs\u00f6ker prata med honom men m\u00f6ts bara av tystnad. Efter ett br\u00e5k med familjen, s\u00e4rskilt med pappan, flyr Elias till sin morfar som bor p\u00e5 landet. Morfar m\u00e4rker ocks\u00e5 att det \u00e4r n\u00e5got som inte \u00e4r som de brukar vara. S\u00e4rskilt som Elias s\u00e4ger att han helst vill f\u00f6rsvinna och d\u00f6. Morfar f\u00f6resl\u00e5r att Elias ska bo n\u00e5gra dagar hos honom och att de ska vandra i Ardennerna d\u00e4r morfadern brukade vandra med sin fru, Elias d\u00f6da mormor. N\u00e4r Alexander fr\u00e5gar morfadern om han saknar sin fru svarar han, jag g\u00f6r det varje dag. Samtalet g\u00f6r att Elias f\u00f6rsiktigt v\u00e5gar b\u00f6rja ber\u00e4tta om sina k\u00e4nslor f\u00f6r Alexander och hur sv\u00e5rt det \u00e4r f\u00f6r honom att k\u00e4nna s\u00e5 samtidigt som det \u00e4r det enda han vill. Morfar s\u00e4ger att han inte skall t\u00e4nka f\u00f6r mycket utan att han bara ska njuta av sina k\u00e4nslor, att han ska vara glad f\u00f6r att han kan k\u00e4nna s\u00e5.<\/p>\n<p>N\u00e4r de \u00e5terv\u00e4nder hem m\u00f6ter Elias mamma och bror dem vid t\u00e5get. Under bilf\u00e4rden hem ber Elias pl\u00f6tsligt sin mamma att stanna bilen. Uppmuntrad av sin morfar ber\u00e4ttar han om sina k\u00e4nslor f\u00f6r Alexander och att han inte kan l\u00e5ta bli att k\u00e4nna s\u00e5 trots att han f\u00f6rs\u00f6ker \u00e4ndra p\u00e5 sig och intala sig sj\u00e4lv att det \u00e4r Valerie han \u00e4lskar. Mamman s\u00e4tter sig i baks\u00e4tet tillsammans med Elias, kramar honom och s\u00e4ger, du ska inte \u00e4ndra p\u00e5 dig, vi \u00e4lskar dig, vi \u00e4r stolta \u00f6ver dig. <\/p>\n<p>N\u00e5gra dagar senare \u00e4r det sk\u00f6rdefest i byn. Med tvekan g\u00e5r Elias dit tillsammans med n\u00e5gra v\u00e4nner. Alexander verkar inte vara d\u00e4r, men efter en stund f\u00e5r Elia syn p\u00e5 honom och s\u00f6ker upp honom med tveksam beslutsamhet.<br \/>\nDet \u00e4r en vacker film om dem f\u00f6rsta k\u00e4rlekens i de tidiga ton\u00e5ren. Det handlar om att s\u00f6ka sin identitet bortom skuld och skam och om hur man skall f\u00f6rh\u00e5lla sig till andra. Den handlar om att m\u00f6ta sina egna f\u00f6rdomar snarare \u00e4n andras.  <\/p>\n<p>K\u00e4rlek \u00e4r helt enkelt k\u00e4rlek, hur skulle det kunna vara n\u00e5got annat. Elias och Alexanders insatser som sk\u00e5despelare \u00e4r imponerande. I de trov\u00e4rdiga r\u00f6relserna mot och fr\u00e5n varandra, n\u00e4rhet och avst\u00e5nd. Deras ansiktets minspel, k\u00e4nslouttryck och k\u00e4nslospel. En av filmens styrkor \u00e4r det vackra fotot \u00f6ver det belgiska landskapet, det \u00e4r n\u00e4stan som om man som \u00e5sk\u00e5dare tycker att man \u00e4r d\u00e4r.<\/p>\n<p><iframe loading=\"lazy\" width=\"560\" height=\"315\" src=\"https:\/\/www.youtube.com\/embed\/p4YlDNbRASo?si=3uJF7WM8_3HKyGRy\" title=\"YouTube video player\" frameborder=\"0\" allow=\"accelerometer; autoplay; clipboard-write; encrypted-media; gyroscope; picture-in-picture; web-share\" referrerpolicy=\"strict-origin-when-cross-origin\" allowfullscreen><\/iframe><\/p>\n","protected":false},"excerpt":{"rendered":"<p>Young Hearts Betyg 4 Svensk biopremi\u00e4r 6 juni 2025 Regi Anthony Schatteman Rollerna Lou Goossens som Elias, Marius de Saeger som Alexander, Saar Rogiers som Valerie, Emilie De Roo som Elias mamma, Geert Van Rampelberg som Elias pappa och Dirk van Dijck som Elias morfar. Elias som \u00e4r 14 \u00e5r bor p\u00e5 den belgiska landbyggden [&hellip;]<\/p>\n","protected":false},"author":85,"featured_media":194532,"comment_status":"closed","ping_status":"closed","sticky":false,"template":"","format":"standard","meta":{"_genesis_hide_title":false,"_genesis_hide_breadcrumbs":false,"_genesis_hide_singular_image":false,"_genesis_hide_footer_widgets":false,"_genesis_custom_body_class":"","_genesis_custom_post_class":"","_genesis_layout":"","footnotes":""},"categories":[50,51,16,20,13624],"tags":[1728,1738,15307],"class_list":{"0":"post-194530","1":"post","2":"type-post","3":"status-publish","4":"format-standard","5":"has-post-thumbnail","7":"category-filmfilm","8":"category-filmer","9":"category-recension","10":"category-film","11":"category-toppnytt","12":"tag-filmkritik","13":"tag-filmrecension","14":"tag-young-hearts","15":"entry"},"_links":{"self":[{"href":"https:\/\/kulturbloggen.com\/index.php?rest_route=\/wp\/v2\/posts\/194530","targetHints":{"allow":["GET"]}}],"collection":[{"href":"https:\/\/kulturbloggen.com\/index.php?rest_route=\/wp\/v2\/posts"}],"about":[{"href":"https:\/\/kulturbloggen.com\/index.php?rest_route=\/wp\/v2\/types\/post"}],"author":[{"embeddable":true,"href":"https:\/\/kulturbloggen.com\/index.php?rest_route=\/wp\/v2\/users\/85"}],"replies":[{"embeddable":true,"href":"https:\/\/kulturbloggen.com\/index.php?rest_route=%2Fwp%2Fv2%2Fcomments&post=194530"}],"version-history":[{"count":6,"href":"https:\/\/kulturbloggen.com\/index.php?rest_route=\/wp\/v2\/posts\/194530\/revisions"}],"predecessor-version":[{"id":194539,"href":"https:\/\/kulturbloggen.com\/index.php?rest_route=\/wp\/v2\/posts\/194530\/revisions\/194539"}],"wp:featuredmedia":[{"embeddable":true,"href":"https:\/\/kulturbloggen.com\/index.php?rest_route=\/wp\/v2\/media\/194532"}],"wp:attachment":[{"href":"https:\/\/kulturbloggen.com\/index.php?rest_route=%2Fwp%2Fv2%2Fmedia&parent=194530"}],"wp:term":[{"taxonomy":"category","embeddable":true,"href":"https:\/\/kulturbloggen.com\/index.php?rest_route=%2Fwp%2Fv2%2Fcategories&post=194530"},{"taxonomy":"post_tag","embeddable":true,"href":"https:\/\/kulturbloggen.com\/index.php?rest_route=%2Fwp%2Fv2%2Ftags&post=194530"}],"curies":[{"name":"wp","href":"https:\/\/api.w.org\/{rel}","templated":true}]}}