{"id":194486,"date":"2025-06-02T13:05:50","date_gmt":"2025-06-02T12:05:50","guid":{"rendered":"https:\/\/kulturbloggen.com\/?p=194486"},"modified":"2025-06-02T13:05:50","modified_gmt":"2025-06-02T12:05:50","slug":"tomas-eneroth-utan-folkbildning-tystnar-sverige","status":"publish","type":"post","link":"https:\/\/kulturbloggen.com\/?p=194486","title":{"rendered":"Tomas Eneroth: Utan folkbildning tystnar Sverige"},"content":{"rendered":"<p><img loading=\"lazy\" decoding=\"async\" class=\"aligncenter size-full wp-image-186912\" src=\"https:\/\/kulturbloggen.com\/wp-content\/uploads\/2025\/06\/Pressbild-1.jpg\" alt=\"\" width=\"650\" height=\"340\" \/><\/p>\n<p>En stor snackis p\u00e5 Socialdemokraternas partikongress som avslutades 1 juni 2025 var en film som ABF premi\u00e4rvisade i kongressalen f\u00f6r alla ombud och g\u00e4ster under l\u00f6rdagen. Filmen visar den verksamhet som genomf\u00f6rs hos ABF en vanlig dag, \u00e5ret om och i hela landet. Men filmen lyfter \u00e4ven fram konsekvenserna av Tid\u00f6partiernas nedsk\u00e4rningar p\u00e5 studief\u00f6rbunden. N\u00e4r var tredje statlig krona f\u00f6rsvinner kommer sladden till otaliga ABF-skyltar p\u00e5 landets husfasader att dras ut och den tydligg\u00f6r den politiska v\u00e4gsk\u00e4l Sverige st\u00e5r inf\u00f6r. <\/p>\n<p>Ett pressmeddelande skriver:<br \/>\nEfter filmvisningen h\u00f6ll ABFs nyvalde ordf\u00f6rande Tomas Eneroth ett brandtal f\u00f6r folkbildningen. Ett tal d\u00e4r han gick till h\u00e5rt angrepp mot regeringens attacker mot folkbildningen och civilsamh\u00e4llet, men ocks\u00e5 riktade sig till de egna partiv\u00e4nnerna i salen med en skarp uppmaning.<\/p>\n<p>\u2013 N\u00e4r vi vinner valet vill jag att den h\u00e4r filmen spelas upp bakl\u00e4nges. F\u00f6r s\u00e5 som den h\u00e4r filmen slutar, d\u00e4r kommer vi vara d\u00e5, sa Tomas Eneroth och fortsatte:<br \/>\n\u2013 Mina krav p\u00e5 er \u2013 v\u00e5r f\u00f6rhoppning, v\u00e5r l\u00e4ngtan \u2013 \u00e4r att ni minns hur filmen b\u00f6rjar. Att ni delar visionen av vad folkbildningen kan vara f\u00f6r samh\u00e4llet, f\u00f6r m\u00e4nniskor \u2013 och att vi styr samh\u00e4llet \u00e5t det h\u00e5llet. Att vi \u00f6ppnar replokaler, erbjuder fler spr\u00e5kundervisning, startar fler bokcirklar \u2013 bildar oss, skapar tillsammans, bygger n\u00e4tverk, relationer, solidaritet. F\u00f6r utan folkbildning tystnar Sverige.<br \/>\nI dag sl\u00e4pps ABF:s kampanjfilm, &#8221;Utan folkbildning tystnar Sverige\u201d p\u00e5 abf.se, YouTube och i ABF:s socialamediekanaler.<br \/>\nDen blir startskottet f\u00f6r ABFs nya kampanj och p\u00e5verkansarbete. ABF \u00e4r fast beslutna om att folkbildningen ska bli en valfr\u00e5ga i n\u00e4sta \u00e5rs riksdagsval och Tomas Eneroth kavlar nu upp skjort\u00e4rmarna f\u00f6r att efter 30 \u00e5r i riksdagen med full kraft ta sig an sitt nya uppdrag.<\/p>\n<p><iframe loading=\"lazy\" width=\"560\" height=\"315\" src=\"https:\/\/www.youtube.com\/embed\/V_8rbaU-wFg?si=1OIycr8fBFUGtCtx\" title=\"YouTube video player\" frameborder=\"0\" allow=\"accelerometer; autoplay; clipboard-write; encrypted-media; gyroscope; picture-in-picture; web-share\" referrerpolicy=\"strict-origin-when-cross-origin\" allowfullscreen><\/iframe><\/p>\n","protected":false},"excerpt":{"rendered":"<p>En stor snackis p\u00e5 Socialdemokraternas partikongress som avslutades 1 juni 2025 var en film som ABF premi\u00e4rvisade i kongressalen f\u00f6r alla ombud och g\u00e4ster under l\u00f6rdagen. Filmen visar den verksamhet som genomf\u00f6rs hos ABF en vanlig dag, \u00e5ret om och i hela landet. Men filmen lyfter \u00e4ven fram konsekvenserna av Tid\u00f6partiernas nedsk\u00e4rningar p\u00e5 studief\u00f6rbunden. N\u00e4r [&hellip;]<\/p>\n","protected":false},"author":13,"featured_media":194493,"comment_status":"closed","ping_status":"closed","sticky":false,"template":"","format":"standard","meta":{"_genesis_hide_title":false,"_genesis_hide_breadcrumbs":false,"_genesis_hide_singular_image":false,"_genesis_hide_footer_widgets":false,"_genesis_custom_body_class":"","_genesis_custom_post_class":"","_genesis_layout":"","footnotes":""},"categories":[62,13624],"tags":[],"class_list":{"0":"post-194486","1":"post","2":"type-post","3":"status-publish","4":"format-standard","5":"has-post-thumbnail","7":"category-medie-och-kulturpolitik","8":"category-toppnytt","9":"entry"},"_links":{"self":[{"href":"https:\/\/kulturbloggen.com\/index.php?rest_route=\/wp\/v2\/posts\/194486","targetHints":{"allow":["GET"]}}],"collection":[{"href":"https:\/\/kulturbloggen.com\/index.php?rest_route=\/wp\/v2\/posts"}],"about":[{"href":"https:\/\/kulturbloggen.com\/index.php?rest_route=\/wp\/v2\/types\/post"}],"author":[{"embeddable":true,"href":"https:\/\/kulturbloggen.com\/index.php?rest_route=\/wp\/v2\/users\/13"}],"replies":[{"embeddable":true,"href":"https:\/\/kulturbloggen.com\/index.php?rest_route=%2Fwp%2Fv2%2Fcomments&post=194486"}],"version-history":[{"count":8,"href":"https:\/\/kulturbloggen.com\/index.php?rest_route=\/wp\/v2\/posts\/194486\/revisions"}],"predecessor-version":[{"id":194495,"href":"https:\/\/kulturbloggen.com\/index.php?rest_route=\/wp\/v2\/posts\/194486\/revisions\/194495"}],"wp:featuredmedia":[{"embeddable":true,"href":"https:\/\/kulturbloggen.com\/index.php?rest_route=\/wp\/v2\/media\/194493"}],"wp:attachment":[{"href":"https:\/\/kulturbloggen.com\/index.php?rest_route=%2Fwp%2Fv2%2Fmedia&parent=194486"}],"wp:term":[{"taxonomy":"category","embeddable":true,"href":"https:\/\/kulturbloggen.com\/index.php?rest_route=%2Fwp%2Fv2%2Fcategories&post=194486"},{"taxonomy":"post_tag","embeddable":true,"href":"https:\/\/kulturbloggen.com\/index.php?rest_route=%2Fwp%2Fv2%2Ftags&post=194486"}],"curies":[{"name":"wp","href":"https:\/\/api.w.org\/{rel}","templated":true}]}}