{"id":19417,"date":"2010-04-10T09:50:26","date_gmt":"2010-04-10T08:50:26","guid":{"rendered":"http:\/\/kulturbloggen.com\/?p=19417"},"modified":"2010-04-10T09:50:26","modified_gmt":"2010-04-10T08:50:26","slug":"r-i-p-kerstin-thorvall","status":"publish","type":"post","link":"https:\/\/kulturbloggen.com\/?p=19417","title":{"rendered":"R.I.P Kerstin Thorvall"},"content":{"rendered":"<p><a href=\"http:\/\/kulturbloggen.com\/wp-content\/uploads\/2010\/04\/kerstinthorvall.jpg\"><img loading=\"lazy\" decoding=\"async\" src=\"http:\/\/kulturbloggen.com\/wp-content\/uploads\/2010\/04\/kerstinthorvall-300x225.jpg\" alt=\"\" title=\"kerstinthorvall\" width=\"300\" height=\"225\" class=\"aligncenter size-medium wp-image-19419\" \/><\/a><br \/>\nKerstin Thorvall har avlidit.<br \/>\nS\u00e5g det <a href=\"http:\/\/www.aftonbladet.se\/nyheter\/article6929760.ab\">p\u00e5 Twitter<\/a> och <a href=\"http:\/\/www.dn.se\/nyheter\/sverige\/kerstin-thorvall-dod-1.1075589\">nu i DN<\/a>.<\/p>\n<p>Kerstin Thorvall \u00e4r en av de kvinnor som v\u00e5gar bryta med str\u00f6mmen, v\u00e5gat st\u00e5 upp och vara sig sj\u00e4lv och st\u00e5 f\u00f6r det.<\/p>\n<p>Jag har inte h\u00e5llit med henne om allt. Vem h\u00e5ller vi med om allt? D\u00e5 borde vi fundera p\u00e5 om vi hittat oss sj\u00e4lva \u00e4n?<\/p>\n<p>Kerstin Thorvall \u00e4r en av de kvinnor som varit en f\u00f6rebild f\u00f6r mig och m\u00e5nga andra i och med att hon alltid v\u00e5gade g\u00e5 sin egen v\u00e4g och st\u00e5 f\u00f6r vem hon var.<\/p>\n<p>Nu var hon 84 \u00e5r, s\u00e5 det \u00e4r en \u00e5lder d\u00e5 kr\u00e4mpor kommer och det kan vara OK att vandra vidare, vart det nu \u00e4r vi vandrar efter livet.<br \/>\n<a href=\"http:\/\/www.svd.se\/kulturnoje\/nyheter\/kerstin-thorvall-har-avlidit_4547907.svd\"><br \/>\nUr Svenska Dagbladet:<\/a><\/p>\n<blockquote><p>Kerstin Thorvall f\u00f6ddes i Eskilstuna 1925 och utbildade sig till tecknare. 1959 debuterade hon som sk\u00f6nlitter\u00e4r f\u00f6rfattare med Boken till dig &#8211; en \u00e4lskad ton\u00e5rsbok. Under \u00e5ren f\u00f6ljde en l\u00e5ng rad b\u00f6cker, f\u00f6r b\u00e5de sm\u00e5 och stora l\u00e4sare. Bland hennes mest uppm\u00e4rksammade b\u00f6cker finns Det mest f\u00f6rbjudna och N\u00e4r man skjuter arbetare, som bel\u00f6nades med Moa Martinson-priset.<\/p><\/blockquote>\n<p>Relaterat: <a href=\"http:\/\/www.svd.se\/nyheter\/inrikes\/hon-brot-ny-mark_4548129.svd\">Svenska Dagbladet<\/a> och <a href=\"http:\/\/www.aftonbladet.se\/nyheter\/article6929628.ab\">Aftonbladet<\/a>.<\/p>\n<p>L\u00e4s \u00e4ven andra bloggares \u00e5sikter om <a href=\"http:\/\/bloggar.se\/om\/d%F6dsfall\" rel=\"tag\">d\u00f6dsfall<\/a>, <a href=\"http:\/\/bloggar.se\/om\/f%F6rfattare\" rel=\"tag\">f\u00f6rfattare<\/a>, <a href=\"http:\/\/bloggar.se\/om\/Kerstin+Thorvall\" rel=\"tag\">Kerstin Thorvall<\/a><\/p>\n","protected":false},"excerpt":{"rendered":"<p>Kerstin Thorvall har avlidit. S\u00e5g det p\u00e5 Twitter och nu i DN. Kerstin Thorvall \u00e4r en av de kvinnor som v\u00e5gar bryta med str\u00f6mmen, v\u00e5gat st\u00e5 upp och vara sig sj\u00e4lv och st\u00e5 f\u00f6r det. Jag har inte h\u00e5llit med henne om allt. Vem h\u00e5ller vi med om allt? D\u00e5 borde vi fundera p\u00e5 om [&hellip;]<\/p>\n","protected":false},"author":2,"featured_media":0,"comment_status":"open","ping_status":"open","sticky":false,"template":"","format":"standard","meta":{"_genesis_hide_title":false,"_genesis_hide_breadcrumbs":false,"_genesis_hide_singular_image":false,"_genesis_hide_footer_widgets":false,"_genesis_custom_body_class":"","_genesis_custom_post_class":"","_genesis_layout":"","footnotes":""},"categories":[62,3],"tags":[1426,1919],"class_list":{"0":"post-19417","1":"post","2":"type-post","3":"status-publish","4":"format-standard","6":"category-medie-och-kulturpolitik","7":"category-litteratur","8":"tag-dodsfall","9":"tag-forfattare","10":"entry"},"_links":{"self":[{"href":"https:\/\/kulturbloggen.com\/index.php?rest_route=\/wp\/v2\/posts\/19417","targetHints":{"allow":["GET"]}}],"collection":[{"href":"https:\/\/kulturbloggen.com\/index.php?rest_route=\/wp\/v2\/posts"}],"about":[{"href":"https:\/\/kulturbloggen.com\/index.php?rest_route=\/wp\/v2\/types\/post"}],"author":[{"embeddable":true,"href":"https:\/\/kulturbloggen.com\/index.php?rest_route=\/wp\/v2\/users\/2"}],"replies":[{"embeddable":true,"href":"https:\/\/kulturbloggen.com\/index.php?rest_route=%2Fwp%2Fv2%2Fcomments&post=19417"}],"version-history":[{"count":0,"href":"https:\/\/kulturbloggen.com\/index.php?rest_route=\/wp\/v2\/posts\/19417\/revisions"}],"wp:attachment":[{"href":"https:\/\/kulturbloggen.com\/index.php?rest_route=%2Fwp%2Fv2%2Fmedia&parent=19417"}],"wp:term":[{"taxonomy":"category","embeddable":true,"href":"https:\/\/kulturbloggen.com\/index.php?rest_route=%2Fwp%2Fv2%2Fcategories&post=19417"},{"taxonomy":"post_tag","embeddable":true,"href":"https:\/\/kulturbloggen.com\/index.php?rest_route=%2Fwp%2Fv2%2Ftags&post=19417"}],"curies":[{"name":"wp","href":"https:\/\/api.w.org\/{rel}","templated":true}]}}