{"id":193705,"date":"2025-05-07T11:37:16","date_gmt":"2025-05-07T10:37:16","guid":{"rendered":"https:\/\/kulturbloggen.com\/?p=193705"},"modified":"2025-05-07T11:37:17","modified_gmt":"2025-05-07T10:37:17","slug":"i-huvudet-pa-bo-uttagen-till-cannes-classics","status":"publish","type":"post","link":"https:\/\/kulturbloggen.com\/?p=193705","title":{"rendered":"I HUVUDET P\u00c5 BO uttagen till Cannes Classics"},"content":{"rendered":"<p><img loading=\"lazy\" decoding=\"async\" class=\"aligncenter size-full wp-image-186912\" src=\"https:\/\/kulturbloggen.com\/wp-content\/uploads\/2025\/05\/unnamed-7.jpg\" alt=\"\" width=\"650\" height=\"340\" \/><\/p>\n<p>Den svenska dokument\u00e4ren I huvudet p\u00e5 Bo i regi av Jon Asp och Mattias Nohrborg f\u00e5r sin v\u00e4rldspremi\u00e4r p\u00e5 filmfestivalen i Cannes. Filmen \u00e4r uttagen i sektionen Cannes Classics och kommer ha sin galavisning i Cannes p\u00e5 kv\u00e4llen den 15 maj 2025. <\/p>\n<p>P\u00e5 plats i Cannes \u00e4r regiss\u00f6rerna samt Tommy Berggren och Pia Degermark.<\/p>\n<p>Ett pressmeddelande ber\u00e4ttar:<br \/>\n huvudet p\u00e5 Bo \u00e4r ber\u00e4ttelsen om Bo Widerberg, den hyllade och excentriske regiss\u00f6ren som i Ingmar Bergmans skugga kom att bli en av landets mest betydelsefulla filmskapare, stilbildande f\u00f6r senare generationer svenska filmare. Filmen I huvudet p\u00e5 Bo beskriver Widerbergs framfart under det progressiva 1960-talet, fr\u00e5n tillvaron som f\u00f6rfattare och h\u00e5rdf\u00f6r filmkritiker i arbetarklassens Malm\u00f6 till hans storhetsdagar som omsusad och upph\u00f6jd filmskapare i Stockholm och vidare till olika dramatiska \u00e4ventyr i Cannes och New York. Filmen ber\u00e4ttar ocks\u00e5 om det h\u00f6ga pris Bo Widerberg fick betala f\u00f6r sin vision och \u00f6vertygelse, hur hans str\u00e4van efter LIV genomsyrade hela hans tillvaro och satte djupa sp\u00e5r i hans kolleger, i hans familj och inte minst i honom sj\u00e4lv.<\/p>\n<p>&#8211; S\u00e5 himla h\u00e4ftigt att bli inbjuden till Cannes, v\u00e4rldens st\u00f6rsta filmfestival, med en film om Bo Widerberg. En plats dit Widerberg sj\u00e4lv alltid ville resa och \u00e5terkomma till, s\u00e4ger regiss\u00f6rsduon Jon Asp och Mattias Nohrborg.<\/p>\n<p>Cannes Classics introducerades p\u00e5 festivalen 2004 med syftet att lyfta fram klassiska filmer och fr\u00e4mja filmarvet. I sektionen presenteras nyrestaureringar, hyllningsvisningar till internationella filmskapare och de nationella filmarven, samt dokument\u00e4rer om film. I huvudet p\u00e5 Bo \u00e4r den sjunde svenska filmen genom \u00e5ren som har blivit uttagen att visas i det prestigefyllda programmet. Tidigare svenska filmer att bli uttagna \u00e4r bland andra Stig Bj\u00f6rkmans Jag \u00e4r Ingrid (2015), samt Jane Magnussons Bergman \u2013 ett \u00e5r, ett liv (2018).<\/p>\n<p>I huvudet p\u00e5 Bo \u00e4r regisserad av Jon Asp och Mattias Nohrborg. Jon har \u00e4ven skrivit filmens manuskript och Mattias har producerat genom B-Reel films.<\/p>\n<p>I huvudet p\u00e5 Bo har svensk biopremi\u00e4r h\u00f6sten 2025 och distribueras av TriArt Film<\/p>\n<p>I huvudet p\u00e5 Bo har biopremi\u00e4r \u00f6ver hela Frankrike den 11 juni och distribueras av Malavida Films.<\/p>\n","protected":false},"excerpt":{"rendered":"<p>Den svenska dokument\u00e4ren I huvudet p\u00e5 Bo i regi av Jon Asp och Mattias Nohrborg f\u00e5r sin v\u00e4rldspremi\u00e4r p\u00e5 filmfestivalen i Cannes. Filmen \u00e4r uttagen i sektionen Cannes Classics och kommer ha sin galavisning i Cannes p\u00e5 kv\u00e4llen den 15 maj 2025. P\u00e5 plats i Cannes \u00e4r regiss\u00f6rerna samt Tommy Berggren och Pia Degermark. Ett [&hellip;]<\/p>\n","protected":false},"author":13,"featured_media":193710,"comment_status":"closed","ping_status":"closed","sticky":false,"template":"","format":"standard","meta":{"_genesis_hide_title":false,"_genesis_hide_breadcrumbs":false,"_genesis_hide_singular_image":false,"_genesis_hide_footer_widgets":false,"_genesis_custom_body_class":"","_genesis_custom_post_class":"","_genesis_layout":"","footnotes":""},"categories":[50,20,13624],"tags":[15291,15289,15290],"class_list":{"0":"post-193705","1":"post","2":"type-post","3":"status-publish","4":"format-standard","5":"has-post-thumbnail","7":"category-filmfilm","8":"category-film","9":"category-toppnytt","10":"tag-bo-widerberg","11":"tag-cannes-classics","12":"tag-jon-asp","13":"entry"},"_links":{"self":[{"href":"https:\/\/kulturbloggen.com\/index.php?rest_route=\/wp\/v2\/posts\/193705","targetHints":{"allow":["GET"]}}],"collection":[{"href":"https:\/\/kulturbloggen.com\/index.php?rest_route=\/wp\/v2\/posts"}],"about":[{"href":"https:\/\/kulturbloggen.com\/index.php?rest_route=\/wp\/v2\/types\/post"}],"author":[{"embeddable":true,"href":"https:\/\/kulturbloggen.com\/index.php?rest_route=\/wp\/v2\/users\/13"}],"replies":[{"embeddable":true,"href":"https:\/\/kulturbloggen.com\/index.php?rest_route=%2Fwp%2Fv2%2Fcomments&post=193705"}],"version-history":[{"count":6,"href":"https:\/\/kulturbloggen.com\/index.php?rest_route=\/wp\/v2\/posts\/193705\/revisions"}],"predecessor-version":[{"id":193713,"href":"https:\/\/kulturbloggen.com\/index.php?rest_route=\/wp\/v2\/posts\/193705\/revisions\/193713"}],"wp:featuredmedia":[{"embeddable":true,"href":"https:\/\/kulturbloggen.com\/index.php?rest_route=\/wp\/v2\/media\/193710"}],"wp:attachment":[{"href":"https:\/\/kulturbloggen.com\/index.php?rest_route=%2Fwp%2Fv2%2Fmedia&parent=193705"}],"wp:term":[{"taxonomy":"category","embeddable":true,"href":"https:\/\/kulturbloggen.com\/index.php?rest_route=%2Fwp%2Fv2%2Fcategories&post=193705"},{"taxonomy":"post_tag","embeddable":true,"href":"https:\/\/kulturbloggen.com\/index.php?rest_route=%2Fwp%2Fv2%2Ftags&post=193705"}],"curies":[{"name":"wp","href":"https:\/\/api.w.org\/{rel}","templated":true}]}}