{"id":193692,"date":"2025-05-07T10:28:16","date_gmt":"2025-05-07T09:28:16","guid":{"rendered":"https:\/\/kulturbloggen.com\/?p=193692"},"modified":"2025-05-07T10:28:17","modified_gmt":"2025-05-07T09:28:17","slug":"stabil-bokforsaljning-fysisk-bokhandel-och-digitala-tjanster-fortsatter-vaxa","status":"publish","type":"post","link":"https:\/\/kulturbloggen.com\/?p=193692","title":{"rendered":"Stabil bokf\u00f6rs\u00e4ljning \u2013 fysisk bokhandel och digitala tj\u00e4nster forts\u00e4tter v\u00e4xa"},"content":{"rendered":"<p><img decoding=\"async\" class=\"aligncenter size-full wp-image-186912\" src=\"https:\/\/kulturbloggen.com\/wp-content\/uploads\/2025\/05\/book-3964050_1280.jpg\" alt=\"\" width=\"450\"\/><\/p>\n<p>Bokf\u00f6rs\u00e4ljningen \u00e4r stabil i Sverige \u2013 fysisk bokhandel och digitala tj\u00e4nster forts\u00e4tter v\u00e4xa, ber\u00e4ttar ett pressmeddelande fr\u00e5n Svenska f\u00f6rl\u00e4ggaref\u00f6reningen:<\/p>\n<p>Under det f\u00f6rsta kvartalet 2025 uppgick den totala bokf\u00f6rs\u00e4ljningen i Sverige till 1,26 miljarder kronor \u2013 en \u00f6kning med 0,7 procent eller 8,8 miljoner kronor j\u00e4mf\u00f6rt med samma period f\u00f6reg\u00e5ende \u00e5r. Trots en totalt sett stabil marknad syns tydliga skillnader mellan olika f\u00f6rs\u00e4ljningskanaler och genrer.<\/p>\n<p>Fysisk bokhandel visar starkast tillv\u00e4xt<br \/>\nFysisk bokhandel hade en stark inledning p\u00e5 \u00e5ret med en oms\u00e4ttnings\u00f6kning p\u00e5 6,2 procent, vilket motsvarar 17 miljoner kronor. \u00c4ven digitala abonnemangstj\u00e4nster fortsatte att v\u00e4xa med en uppg\u00e5ng p\u00e5 3,2 procent eller 13 miljoner kronor. D\u00e4remot minskade f\u00f6rs\u00e4ljningen inom internetbokhandel\/bokklubbar med 3,7 procent, motsvarande 18 miljoner kronor, medan dagligvaruhandeln minskade med 4,7 procent.<\/p>\n<p>Trots nedg\u00e5ngen beh\u00f6ll internetbokhandel\/bokklubbar sin position som st\u00f6rsta f\u00f6rs\u00e4ljningskanal med en marknadsandel p\u00e5 37,9 procent. Digitala abonnemangstj\u00e4nster \u00f6kade sin andel till 33,5 procent och fysisk bokhandel st\u00e4rkte sin andel till 23,5 procent av marknaden.<\/p>\n<p>Sk\u00f6nlitteraturen fortsatt st\u00f6rst<br \/>\nSk\u00f6nlitteratur minskade med 2,4 procent men \u00e4r fortsatt den st\u00f6rsta genren och st\u00e5r f\u00f6r n\u00e4stan en tredjedel av den totala bokf\u00f6rs\u00e4ljningen. Facklitteratur forts\u00e4tter att minska och tappade 5,4 procent under kvartalet. Samtidigt \u00f6kade barn- och ungdomslitteratur med 1,8 procent. <\/p>\n<p>F\u00f6r svensk allm\u00e4nlitteratur (exklusive kurslitteratur och \u00f6versatt litteratur) noterades en svag nedg\u00e5ng p\u00e5 0,3 procent.<\/p>\n<p>Tryckta b\u00f6cker tappar i volym<br \/>\nOms\u00e4ttningen f\u00f6r tryckta b\u00f6cker som helhet minskade med 0,4 procent till 830 miljoner kronor. Totalt s\u00e5ldes knappt 6,2 miljoner tryckta b\u00f6cker under kvartalet \u2013 en minskning med 1,7 procent eller drygt 100 000 exemplar. Inbundet minskade med 3,8 procent i antal, pocket minskade med 5,9 procent, medan \u00f6vriga tryckta format minskade med 1,5 procent. V\u00e4rt att notera \u00e4r att pocketb\u00f6cker trots f\u00e4rre s\u00e5lda exemplar \u00f6kade i oms\u00e4ttning med 3,1 procent.<\/p>\n<p>Under kvartalet \u00f6kade antalet digitala str\u00f6mningar med 8,3 procent till totalt 11,8 miljoner, vilket st\u00e4rker trenden mot \u00f6kat digitalt konsumtionsm\u00f6nster.<\/p>\n<p><a href=\"https:\/\/forlaggare.us5.list-manage.com\/track\/click?u=fdbcfc8857cb40f90bd35fdd0&#038;id=a132516625&#038;e=33c2d652b9\">H\u00e4r kan du ladda ner rapporten.<\/a><\/p>\n","protected":false},"excerpt":{"rendered":"<p>Bokf\u00f6rs\u00e4ljningen \u00e4r stabil i Sverige \u2013 fysisk bokhandel och digitala tj\u00e4nster forts\u00e4tter v\u00e4xa, ber\u00e4ttar ett pressmeddelande fr\u00e5n Svenska f\u00f6rl\u00e4ggaref\u00f6reningen: Under det f\u00f6rsta kvartalet 2025 uppgick den totala bokf\u00f6rs\u00e4ljningen i Sverige till 1,26 miljarder kronor \u2013 en \u00f6kning med 0,7 procent eller 8,8 miljoner kronor j\u00e4mf\u00f6rt med samma period f\u00f6reg\u00e5ende \u00e5r. Trots en totalt sett stabil [&hellip;]<\/p>\n","protected":false},"author":13,"featured_media":193699,"comment_status":"closed","ping_status":"closed","sticky":false,"template":"","format":"standard","meta":{"_genesis_hide_title":false,"_genesis_hide_breadcrumbs":false,"_genesis_hide_singular_image":false,"_genesis_hide_footer_widgets":false,"_genesis_custom_body_class":"","_genesis_custom_post_class":"","_genesis_layout":"","footnotes":""},"categories":[62,3,13624],"tags":[],"class_list":{"0":"post-193692","1":"post","2":"type-post","3":"status-publish","4":"format-standard","5":"has-post-thumbnail","7":"category-medie-och-kulturpolitik","8":"category-litteratur","9":"category-toppnytt","10":"entry"},"_links":{"self":[{"href":"https:\/\/kulturbloggen.com\/index.php?rest_route=\/wp\/v2\/posts\/193692","targetHints":{"allow":["GET"]}}],"collection":[{"href":"https:\/\/kulturbloggen.com\/index.php?rest_route=\/wp\/v2\/posts"}],"about":[{"href":"https:\/\/kulturbloggen.com\/index.php?rest_route=\/wp\/v2\/types\/post"}],"author":[{"embeddable":true,"href":"https:\/\/kulturbloggen.com\/index.php?rest_route=\/wp\/v2\/users\/13"}],"replies":[{"embeddable":true,"href":"https:\/\/kulturbloggen.com\/index.php?rest_route=%2Fwp%2Fv2%2Fcomments&post=193692"}],"version-history":[{"count":8,"href":"https:\/\/kulturbloggen.com\/index.php?rest_route=\/wp\/v2\/posts\/193692\/revisions"}],"predecessor-version":[{"id":193703,"href":"https:\/\/kulturbloggen.com\/index.php?rest_route=\/wp\/v2\/posts\/193692\/revisions\/193703"}],"wp:featuredmedia":[{"embeddable":true,"href":"https:\/\/kulturbloggen.com\/index.php?rest_route=\/wp\/v2\/media\/193699"}],"wp:attachment":[{"href":"https:\/\/kulturbloggen.com\/index.php?rest_route=%2Fwp%2Fv2%2Fmedia&parent=193692"}],"wp:term":[{"taxonomy":"category","embeddable":true,"href":"https:\/\/kulturbloggen.com\/index.php?rest_route=%2Fwp%2Fv2%2Fcategories&post=193692"},{"taxonomy":"post_tag","embeddable":true,"href":"https:\/\/kulturbloggen.com\/index.php?rest_route=%2Fwp%2Fv2%2Ftags&post=193692"}],"curies":[{"name":"wp","href":"https:\/\/api.w.org\/{rel}","templated":true}]}}