{"id":193441,"date":"2025-05-06T17:05:06","date_gmt":"2025-05-06T16:05:06","guid":{"rendered":"https:\/\/kulturbloggen.com\/?p=193441"},"modified":"2025-05-07T11:39:09","modified_gmt":"2025-05-07T10:39:09","slug":"sverigepremiar-i-september-for-jon-fosse-monolog-med-leif-andree","status":"publish","type":"post","link":"https:\/\/kulturbloggen.com\/?p=193441","title":{"rendered":"Sverigepremi\u00e4r i september f\u00f6r Jon Fosse-monolog med Leif Andr\u00e9e"},"content":{"rendered":"<p><img loading=\"lazy\" decoding=\"async\" class=\"aligncenter size-full wp-image-186912\" src=\"https:\/\/kulturbloggen.com\/wp-content\/uploads\/2025\/04\/unnamed-2-2.jpg\" alt=\"Leif Andree\" width=\"650\" height=\"340\" \/><br \/>\n<em>Leif Andr\u00e9e i Jon Fosses monolog S\u00c5 VAR DET, Sverigepremi\u00e4r 3 september 2025 p\u00e5 Lilla scenen Foto Leonard Stenberg<\/em><\/p>\n<p>Den 3 september 2025 \u00e4r det Sverigepremi\u00e4r p\u00e5 Lilla scenen p\u00e5 Kulturhuset Stadsteatern i Stockholm f\u00f6r Jon Fosses monolog S\u00e5 var det. P\u00e5 scenen st\u00e5r Leif Andr\u00e9e i regi av Shebly Niavarani. H\u00e4r m\u00f6ter vi en \u00e4ldre mans grubblerier p\u00e5 livets upplopp. Pj\u00e4sen hade urpremi\u00e4r 2020 p\u00e5 Den Nationale Scene i Bergen.<\/p>\n<p>Ett pressmeddelande:<br \/>\n&#8211; Jag har sedan m\u00e5nga \u00e5r fascinerats av Fosses texter och velat spela dem. Det har hittills inte blivit av, men att jag nu f\u00e5r chansen att ta mig an hans drabbande monolog som regiss\u00f6r, det \u00e4r b\u00e5de en utmaning och en \u00e4ra, s\u00e4ger Shebly Niavarani, regiss\u00f6r.   <\/p>\n<p><strong>Om pj\u00e4sen<\/strong><br \/>\nJon Fosses pj\u00e4s S\u00e5 var det \u00e4r en starkt existentiell monolog. I ett avskalat rum p\u00e5g\u00e5r en inre dialog om tid, minne, \u00e5nger och hopp. Det som p\u00e5 ytan \u00e4r stillhet och tystnad \u00e4r i sj\u00e4lva verket en storm av livsfr\u00e5gor. Ett l\u00e5gm\u00e4lt crescendo mot livets slutpunkt.<\/p>\n<p>Han talar till sig sj\u00e4lv, till Gud, till minnen och fr\u00e5nvaron av sina barn. Saknaden efter relationer blandas med tvivel p\u00e5 livets mening, en tro som svajar, och en l\u00e4ngtan efter f\u00f6rsoning \u2013 kanske inte med andra, men med sig sj\u00e4lv.<\/p>\n<p>S\u00e5 var det \u00e4r en pj\u00e4s om att vara m\u00e4nniska n\u00e4r livet krymper till ett rum, n\u00e5gra steg, en monolog. Det \u00e4r en studie i sorg, \u00f6vergivenhet och ett vacklande, men envist f\u00f6rh\u00e5llande till tron, konsten och m\u00f6jligheten till frid.<\/p>\n","protected":false},"excerpt":{"rendered":"<p>Leif Andr\u00e9e i Jon Fosses monolog S\u00c5 VAR DET, Sverigepremi\u00e4r 3 september 2025 p\u00e5 Lilla scenen Foto Leonard Stenberg Den 3 september 2025 \u00e4r det Sverigepremi\u00e4r p\u00e5 Lilla scenen p\u00e5 Kulturhuset Stadsteatern i Stockholm f\u00f6r Jon Fosses monolog S\u00e5 var det. P\u00e5 scenen st\u00e5r Leif Andr\u00e9e i regi av Shebly Niavarani. H\u00e4r m\u00f6ter vi en [&hellip;]<\/p>\n","protected":false},"author":13,"featured_media":193449,"comment_status":"closed","ping_status":"closed","sticky":false,"template":"","format":"standard","meta":{"_genesis_hide_title":false,"_genesis_hide_breadcrumbs":false,"_genesis_hide_singular_image":false,"_genesis_hide_footer_widgets":false,"_genesis_custom_body_class":"","_genesis_custom_post_class":"","_genesis_layout":"","footnotes":""},"categories":[20,30,13624],"tags":[],"class_list":{"0":"post-193441","1":"post","2":"type-post","3":"status-publish","4":"format-standard","5":"has-post-thumbnail","7":"category-film","8":"category-teater","9":"category-toppnytt","10":"entry"},"_links":{"self":[{"href":"https:\/\/kulturbloggen.com\/index.php?rest_route=\/wp\/v2\/posts\/193441","targetHints":{"allow":["GET"]}}],"collection":[{"href":"https:\/\/kulturbloggen.com\/index.php?rest_route=\/wp\/v2\/posts"}],"about":[{"href":"https:\/\/kulturbloggen.com\/index.php?rest_route=\/wp\/v2\/types\/post"}],"author":[{"embeddable":true,"href":"https:\/\/kulturbloggen.com\/index.php?rest_route=\/wp\/v2\/users\/13"}],"replies":[{"embeddable":true,"href":"https:\/\/kulturbloggen.com\/index.php?rest_route=%2Fwp%2Fv2%2Fcomments&post=193441"}],"version-history":[{"count":10,"href":"https:\/\/kulturbloggen.com\/index.php?rest_route=\/wp\/v2\/posts\/193441\/revisions"}],"predecessor-version":[{"id":193455,"href":"https:\/\/kulturbloggen.com\/index.php?rest_route=\/wp\/v2\/posts\/193441\/revisions\/193455"}],"wp:featuredmedia":[{"embeddable":true,"href":"https:\/\/kulturbloggen.com\/index.php?rest_route=\/wp\/v2\/media\/193449"}],"wp:attachment":[{"href":"https:\/\/kulturbloggen.com\/index.php?rest_route=%2Fwp%2Fv2%2Fmedia&parent=193441"}],"wp:term":[{"taxonomy":"category","embeddable":true,"href":"https:\/\/kulturbloggen.com\/index.php?rest_route=%2Fwp%2Fv2%2Fcategories&post=193441"},{"taxonomy":"post_tag","embeddable":true,"href":"https:\/\/kulturbloggen.com\/index.php?rest_route=%2Fwp%2Fv2%2Ftags&post=193441"}],"curies":[{"name":"wp","href":"https:\/\/api.w.org\/{rel}","templated":true}]}}