{"id":192991,"date":"2025-04-18T16:10:46","date_gmt":"2025-04-18T15:10:46","guid":{"rendered":"https:\/\/kulturbloggen.com\/?p=192991"},"modified":"2025-04-22T13:34:51","modified_gmt":"2025-04-22T12:34:51","slug":"teaterkritik-papporna-dar-man-skrattade-vid-fel-tillfallen-pa-dramatens-lilla-scen","status":"publish","type":"post","link":"https:\/\/kulturbloggen.com\/?p=192991","title":{"rendered":"Teaterkritik: \u201dPapporna\u201d d\u00e4r man skrattade vid fel tillf\u00e4llen p\u00e5 Dramatens Lilla scen"},"content":{"rendered":"<p><img loading=\"lazy\" decoding=\"async\" class=\"aligncenter size-full wp-image-186912\" src=\"https:\/\/kulturbloggen.com\/wp-content\/uploads\/2025\/04\/papporna.jpg\" alt=\"\" width=\"650\" height=\"340\" \/><br \/>\n <em>Foto S\u00f6ren Vilks<\/em><\/p>\n<p><strong>Papporna<\/strong><br \/>\nBok av Alexandra Pascalidou<br \/>\nRegi och koreografi Alexander Salzberger (delar av ensemblen har vid bearbetningen bidragit till material till vissa ber\u00e4ttelser)<br \/>\nKostym Jasminda Asplund Blanco<br \/>\nPeruk och mask Moa Hedberg<br \/>\nDramaturg Anna K\u00f6l\u00e9n<br \/>\nRegiassistent Lovisa Bergenstr\u00e5hle mfl.<br \/>\nUrpremi\u00e4r Sk\u00e4rtorsdagen den 17 april 2025, Dramatens Lilla scen<\/p>\n<p>Det \u00e4r alltid sp\u00e4nnande och nervkittlande vid urpremi\u00e4rer. F\u00f6rutom den sj\u00e4lvklara dramatiken, att n\u00e5got uppf\u00f6rs f\u00f6r allra f\u00f6rsta g\u00e5ngen, blev vi alla tvungna att l\u00e4mna teatern i n\u00e4rmare 30 minuter eftersom brandlarmet gick. Kanske bidrog detta till mer energi p\u00e5 scen, eller till en nerv\u00f6sare publik n\u00e4r vi till sist fick g\u00e5 in i teatersalen igen?<\/p>\n<p>Jag tror att m\u00e5nga av oss \u00e5tminstone hade h\u00f6rt talas om Pascalidous bok, med samma namn dvs. en h\u00f6gaktuell bok om hur manlighet \u00e4rvs, f\u00f6rvaltas och p\u00e5verkar den yngre generationen m\u00e4n i v\u00e5rt land.<\/p>\n<p>Det som var mycket sp\u00e4nnande med f\u00f6rest\u00e4llningen var hur man ville p\u00e5visa hur fr\u00e5nvaron av en god manlig f\u00f6rebild kan g\u00f6ra att unga m\u00e4n blir splittrade och lockas in av andra m\u00e4n som kanske enbart ge dem en gnutta uppskattning, lockelser av fel anledning. Man inser hur l\u00e4tt det \u00e4r att manipuleras som barn, och det enda som kr\u00e4vs \u00e4r en fr\u00e5nvarande eller sj\u00e4lvupptagen f\u00f6r\u00e4lder som inte vill vara vuxen i rummet.<\/p>\n<p><img decoding=\"async\" class=\"alignright size-medium wp-image-186119\" src=\"https:\/\/kulturbloggen.com\/wp-content\/uploads\/2025\/04\/b7aaa34c-fa19-4703-b292-0f63ae27b6ee-w_960_h_960.jpg\" alt=\"\" width=\"300\"\/><br \/>\n<em>Foto Elisabeth Toll \/ Studio Bon<\/em><br \/>\nF\u00f6rest\u00e4llningen hade inte en sj\u00e4lvklar ordningsform och inledningsvis var det v\u00e4ldigt sv\u00e5rt att f\u00f6rst\u00e5 syftena med visa enskilda scener och dess ordning. Med tiden f\u00f6rstod man n\u00e5gra m\u00f6nster, men fortfarande fr\u00e5gade jag mig, \u201dvarf\u00f6r har man valt det h\u00e4r perspektivet p\u00e5 fr\u00e5gan?\u201d. P\u00e5 detta vis blev det naturligtvis v\u00e4ldigt sp\u00e4nnande med j\u00e4mna mellanrum. Det mest hoppfulla i f\u00f6rest\u00e4llningen var hur den dansande barnstatisten, trots allt, oavsett vad som f\u00f6rv\u00e4ntades av honom, r\u00f6rde sig efter sina egna regler och inte l\u00e4t sig p\u00e5verkas av varken sitt arv eller f\u00f6rdomar kring vad han skulle kunna f\u00e5 lov att vara. Det k\u00e4ndes hoppfullt och \u00e4r s\u00e5 vi alla beh\u00f6ver v\u00e4xa upp, kanske v\u00e5ga vara den vuxna i rummet, \u00e4ven om det \u00e4r f\u00f6r tidigt.<\/p>\n<p>Om man ska vara ironisk kring n\u00e5got p\u00e5 scen, i det h\u00e4r fallet m\u00e4n och deras urs\u00e4kter kring v\u00e5ld, livsval, faderskap, krav p\u00e5 villkorsl\u00f6s respekt och deras respektl\u00f6shet mot kvinnor, m\u00e5ste man g\u00f6ra det p\u00e5 s\u00e5dant vis att publiken inte tror att det \u00e4r komik. Jag blev mycket illa ber\u00f6r av att man h\u00e5nskrattade med\/\u00e5t karakt\u00e4rerna som \u00f6verdrev svenska fr\u00e5n f\u00f6rorten och som beskrev kvinnor som f*ttor och h*ror i varannan mening. N\u00e5gra upplevde detta tydligen som enormt roligt och inte som den satir det borde vara.<\/p>\n<p>Det b\u00f6rjar mer och mer bli vanligt i samband med premi\u00e4rer att ensemblen bjuder in sina n\u00e4ra och k\u00e4ra i samband med premi\u00e4rer. Den h\u00e4r kv\u00e4llen var inget undantag. K\u00e4nslan av att vi andra enbart \u00e4r n\u00f6dv\u00e4ndig utfyllning och \u00e4r med p\u00e5 f\u00f6rfesten, tror jag \u00e4r n\u00e5got man ska f\u00f6rs\u00f6ka undvika. Det blir aldrig riktigt bra om muren mellan publik och sk\u00e5despelare helt rivs ned och k\u00e4nslan av inb\u00f6rdes beundrar infinner sig redan f\u00f6re f\u00f6rest\u00e4llningen. Jag hoppas dock att ni hade en underbar efterfest \u2013 det f\u00f6rtj\u00e4nar man alltid n\u00e4r man slitit h\u00e5rt. Sk\u00e5l!<\/p>\n<p> Medverkande David Fukamachi, John Njie, Razmus Nystr\u00f6m, Jonay Pineda Skallak, Magnus Roosmann, Nemanja Strojanovi\u0107, Christoffer Svensson, Francisco Sobrado, Leonard Terfelt och barnstatisten Zizou Reinholdsson (andra framtr\u00e4danden Ian Hammarb\u00e4ck alt. Levi Wid\u00e9n)<\/p>\n","protected":false},"excerpt":{"rendered":"<p>Foto S\u00f6ren Vilks Papporna Bok av Alexandra Pascalidou Regi och koreografi Alexander Salzberger (delar av ensemblen har vid bearbetningen bidragit till material till vissa ber\u00e4ttelser) Kostym Jasminda Asplund Blanco Peruk och mask Moa Hedberg Dramaturg Anna K\u00f6l\u00e9n Regiassistent Lovisa Bergenstr\u00e5hle mfl. Urpremi\u00e4r Sk\u00e4rtorsdagen den 17 april 2025, Dramatens Lilla scen Det \u00e4r alltid sp\u00e4nnande och [&hellip;]<\/p>\n","protected":false},"author":32,"featured_media":192999,"comment_status":"closed","ping_status":"closed","sticky":false,"template":"","format":"standard","meta":{"_genesis_hide_title":false,"_genesis_hide_breadcrumbs":false,"_genesis_hide_singular_image":false,"_genesis_hide_footer_widgets":false,"_genesis_custom_body_class":"","_genesis_custom_post_class":"","_genesis_layout":"","footnotes":""},"categories":[20,30,31,13624],"tags":[1366,7643],"class_list":{"0":"post-192991","1":"post","2":"type-post","3":"status-publish","4":"format-standard","5":"has-post-thumbnail","7":"category-film","8":"category-teater","9":"category-teaterrecension","10":"category-toppnytt","11":"tag-dramaten","12":"tag-teaterkritik","13":"entry"},"_links":{"self":[{"href":"https:\/\/kulturbloggen.com\/index.php?rest_route=\/wp\/v2\/posts\/192991","targetHints":{"allow":["GET"]}}],"collection":[{"href":"https:\/\/kulturbloggen.com\/index.php?rest_route=\/wp\/v2\/posts"}],"about":[{"href":"https:\/\/kulturbloggen.com\/index.php?rest_route=\/wp\/v2\/types\/post"}],"author":[{"embeddable":true,"href":"https:\/\/kulturbloggen.com\/index.php?rest_route=\/wp\/v2\/users\/32"}],"replies":[{"embeddable":true,"href":"https:\/\/kulturbloggen.com\/index.php?rest_route=%2Fwp%2Fv2%2Fcomments&post=192991"}],"version-history":[{"count":11,"href":"https:\/\/kulturbloggen.com\/index.php?rest_route=\/wp\/v2\/posts\/192991\/revisions"}],"predecessor-version":[{"id":193007,"href":"https:\/\/kulturbloggen.com\/index.php?rest_route=\/wp\/v2\/posts\/192991\/revisions\/193007"}],"wp:featuredmedia":[{"embeddable":true,"href":"https:\/\/kulturbloggen.com\/index.php?rest_route=\/wp\/v2\/media\/192999"}],"wp:attachment":[{"href":"https:\/\/kulturbloggen.com\/index.php?rest_route=%2Fwp%2Fv2%2Fmedia&parent=192991"}],"wp:term":[{"taxonomy":"category","embeddable":true,"href":"https:\/\/kulturbloggen.com\/index.php?rest_route=%2Fwp%2Fv2%2Fcategories&post=192991"},{"taxonomy":"post_tag","embeddable":true,"href":"https:\/\/kulturbloggen.com\/index.php?rest_route=%2Fwp%2Fv2%2Ftags&post=192991"}],"curies":[{"name":"wp","href":"https:\/\/api.w.org\/{rel}","templated":true}]}}