{"id":19299,"date":"2010-04-07T08:28:06","date_gmt":"2010-04-07T07:28:06","guid":{"rendered":"http:\/\/kulturbloggen.com\/?p=19299"},"modified":"2010-04-07T08:28:06","modified_gmt":"2010-04-07T07:28:06","slug":"hultsfred-och-emmaboda-lanserar-gemensam-biljett","status":"publish","type":"post","link":"https:\/\/kulturbloggen.com\/?p=19299","title":{"rendered":"Hultsfred och Emmaboda lanserar gemensam biljett"},"content":{"rendered":"<p><a href=\"http:\/\/kulturbloggen.com\/wp-content\/uploads\/2010\/04\/hultsfred2010.jpg\"><img loading=\"lazy\" decoding=\"async\" src=\"http:\/\/kulturbloggen.com\/wp-content\/uploads\/2010\/04\/hultsfred2010.jpg\" alt=\"\" title=\"hultsfred2010\" width=\"300\" height=\"227\" class=\"aligncenter size-full wp-image-19300\" \/><\/a><br \/>\nVill du g\u00e5 festivalen b\u00e5de i Hultsfred och Emmaboda? D\u00e5 \u00e4r s\u00e4kert dagens besked intressant f\u00f6r dig. De tv\u00e5 festivalerna lanserar en gemensam biljett. H\u00e4r \u00e4r blogg\/pressutskicket:<\/p>\n<p>Tv\u00e5 festivaler, en biljett och 350 kronor \u00f6ver till annat \u2013 nu lanserar Hultsfred och Emmaboda en gemensam kombobiljett till sommarens festivaler. Kombobiljetten, som sl\u00e4pps i dag, g\u00e4ller som entr\u00e9 till b\u00e5de Hultsfred och Emmaboda. Det h\u00e4r \u00e4r f\u00f6rsta g\u00e5ngen som de tv\u00e5 sm\u00e5l\u00e4ndska festivalerna samarbetar.<\/p>\n<p>Riktiga festivaler m\u00e5ste h\u00e5lla ihop \u2013 d\u00e4rf\u00f6r har Hultsfred och Emmaboda valt att inleda ett samarbete. Med den helt nya kombobiljetten g\u00e5r det att uppleva sex heta festivaldagar i Sm\u00e5land under juli.<\/p>\n<p>&#8211; Vi har alltid gillat Emmabodafestivalen och vi \u00e4r \u00f6vertygade om att v\u00e5ra bes\u00f6kare ocks\u00e5 g\u00f6r det. Nu kan vi ge alla dom som vill \u00e5ka p\u00e5 sommarens tv\u00e5 b\u00e4sta festivaler ett riktigt schysst pris, s\u00e4ger Putte Svensson p\u00e5 Hultsfredsfestivalen.<\/p>\n<p>Den nya kombobiljetten inneh\u00e5ller 3-dagarsbiljetter till b\u00e5de Hultsfred och Emmaboda inklusive camping till b\u00e4gge festivalerna. Biljetten, som kommer att s\u00e4ljas via festivalernas hemsidor, blir 350 kronor billigare \u00e4n vad priset skulle bli f\u00f6r att k\u00f6pa separata biljetter och camping till de tv\u00e5 festivalerna.<\/p>\n<p>&#8211; Hultsfred har alltid varit en sk\u00f6n start p\u00e5 sommaren och en k\u00e4lla till inspiration. De har n\u00e4stan alla \u00e5r levererat massor med nya sp\u00e4nnande band. Inte minst I \u00e5r. Hultan har dessutom alltid varit bra att bes\u00f6ka f\u00f6r att hitta smarta l\u00f6sningar p\u00e5 festivalproblem, inte bara f\u00f6r oss utan f\u00f6r alla svenska festivaler. S\u00e5 d\u00e4rf\u00f6r k\u00e4nns det kul att erbjuda de tv\u00e5 b\u00e4sta festivalerna f\u00f6r ett l\u00e4gre pris, s\u00e4ger H\u00e5kan Karlsson p\u00e5 Emmabodafestivalen.<\/p>\n<p>HULTSFRED<br \/>\nDatum: 7-9 juli<br \/>\nKlara artister: Empire Of The Sun [Au], Nas &#038; Damian \u201dJr Gong\u201d Marley [Us\/Jam], Kent [S], The Hives [S], The Ark [S], Bob Hund [S], 30 Seconds To Mars [Us], Wolfmother [Au], Killswitch Engage [Us], Midlake [Us] Make The Girl Dance med flera.<\/p>\n<p>EMMABODA<br \/>\nDatum: 29-31 juli<br \/>\nKlara artister: Cut Copy [Au], Crystal Castles [Ca], Uffie [Fr], Wavves [Us], Crookers [IT], Johnossi [S], H\u00e4stpojken [S], Tiga [Ca], Erol Alkan [Uk], Maskinen [S], Radio Dept [S], Welle Erdball [De], The Very Best [Uk], Proxy [Ru], Feadz  [Fr] med flera.<\/p>\n<p><a href=\"http:\/\/www.hultsfredsfestivalen.se\/\">Hultsfredfestivalen.<\/a>:<br \/>\n<a href=\"http:\/\/www.emmabodafestivalen.se\/\">Emmabodafestivalen.<\/a><\/p>\n<p>L\u00e4s \u00e4ven andra bloggares \u00e5sikter om <a href=\"http:\/\/bloggar.se\/om\/musik\" rel=\"tag\">musik<\/a>, <a href=\"http:\/\/bloggar.se\/om\/musikfestivaler\" rel=\"tag\">musikfestivaler<\/a>, <a href=\"http:\/\/bloggar.se\/om\/indie\" rel=\"tag\">indie<\/a>, <a href=\"http:\/\/bloggar.se\/om\/alternative\" rel=\"tag\">alternative<\/a>, <a href=\"http:\/\/bloggar.se\/om\/Hultsfred\" rel=\"tag\">Hultsfred<\/a>, <a href=\"http:\/\/bloggar.se\/om\/Emmaboda\" rel=\"tag\">Emmaboda<\/a>, <a href=\"http:\/\/bloggar.se\/om\/biljetter\" rel=\"tag\">biljetter<\/a><\/p>\n","protected":false},"excerpt":{"rendered":"<p>Vill du g\u00e5 festivalen b\u00e5de i Hultsfred och Emmaboda? D\u00e5 \u00e4r s\u00e4kert dagens besked intressant f\u00f6r dig. De tv\u00e5 festivalerna lanserar en gemensam biljett. H\u00e4r \u00e4r blogg\/pressutskicket: Tv\u00e5 festivaler, en biljett och 350 kronor \u00f6ver till annat \u2013 nu lanserar Hultsfred och Emmaboda en gemensam kombobiljett till sommarens festivaler. Kombobiljetten, som sl\u00e4pps i dag, g\u00e4ller [&hellip;]<\/p>\n","protected":false},"author":13,"featured_media":0,"comment_status":"open","ping_status":"open","sticky":false,"template":"","format":"standard","meta":{"_genesis_hide_title":false,"_genesis_hide_breadcrumbs":false,"_genesis_hide_singular_image":false,"_genesis_hide_footer_widgets":false,"_genesis_custom_body_class":"","_genesis_custom_post_class":"","_genesis_layout":"","footnotes":""},"categories":[7],"tags":[234,1509,2332,2467,12282],"class_list":{"0":"post-19299","1":"post","2":"type-post","3":"status-publish","4":"format-standard","6":"category-musik","7":"tag-alternative","8":"tag-emmaboda","9":"tag-hultsfred","10":"tag-indie","11":"tag-musik","12":"entry"},"_links":{"self":[{"href":"https:\/\/kulturbloggen.com\/index.php?rest_route=\/wp\/v2\/posts\/19299","targetHints":{"allow":["GET"]}}],"collection":[{"href":"https:\/\/kulturbloggen.com\/index.php?rest_route=\/wp\/v2\/posts"}],"about":[{"href":"https:\/\/kulturbloggen.com\/index.php?rest_route=\/wp\/v2\/types\/post"}],"author":[{"embeddable":true,"href":"https:\/\/kulturbloggen.com\/index.php?rest_route=\/wp\/v2\/users\/13"}],"replies":[{"embeddable":true,"href":"https:\/\/kulturbloggen.com\/index.php?rest_route=%2Fwp%2Fv2%2Fcomments&post=19299"}],"version-history":[{"count":0,"href":"https:\/\/kulturbloggen.com\/index.php?rest_route=\/wp\/v2\/posts\/19299\/revisions"}],"wp:attachment":[{"href":"https:\/\/kulturbloggen.com\/index.php?rest_route=%2Fwp%2Fv2%2Fmedia&parent=19299"}],"wp:term":[{"taxonomy":"category","embeddable":true,"href":"https:\/\/kulturbloggen.com\/index.php?rest_route=%2Fwp%2Fv2%2Fcategories&post=19299"},{"taxonomy":"post_tag","embeddable":true,"href":"https:\/\/kulturbloggen.com\/index.php?rest_route=%2Fwp%2Fv2%2Ftags&post=19299"}],"curies":[{"name":"wp","href":"https:\/\/api.w.org\/{rel}","templated":true}]}}