{"id":192288,"date":"2025-03-28T13:28:35","date_gmt":"2025-03-28T12:28:35","guid":{"rendered":"https:\/\/kulturbloggen.com\/?p=192288"},"modified":"2025-03-28T13:28:51","modified_gmt":"2025-03-28T12:28:51","slug":"svenska-artister-markerar-mot-krisen-pa-replokaler","status":"publish","type":"post","link":"https:\/\/kulturbloggen.com\/?p=192288","title":{"rendered":"Svenska artister markerar mot krisen p\u00e5 replokaler"},"content":{"rendered":"<p><img loading=\"lazy\" decoding=\"async\" class=\"aligncenter size-full wp-image-186912\" src=\"https:\/\/kulturbloggen.com\/wp-content\/uploads\/2025\/03\/Universal_E-type-87750_etoall_press.jpeg\" alt=\"\" width=\"650\" height=\"340\" \/><br \/>\n<em>Pressbild E-Type, foto: Etoall<\/em><\/p>\n<p>Ett mycket viktigt meddelande fr\u00e5n svenska artister:<br \/>\nN\u00e4r en tredjedel av Sveriges replokaler f\u00f6rsvinner f\u00f6rlorar n\u00e4rmare 20 000 ungdomar sin tillh\u00f6righet och kreativa fristad. Det \u00e4r en f\u00f6ljd av nedsk\u00e4rningarna till studief\u00f6rbunden och konsekvenserna blir f\u00f6r\u00f6dande. Framtiden f\u00f6r det svenska svensk musikundret \u00e4r hotad.<br \/>\n\u2013 Man nedmonterar fundamentet f\u00f6r Sveriges otroliga musikframg\u00e5ngar, s\u00e4ger E-Type. Vi kommer se, eller snarare inte se, effekterna av detta i framtiden.<br \/>\nE-Type bidrar till intresseorganisationen Studief\u00f6rbundens kampanj tillsammans med Per Gessle, Ghost, Lars Winnerb\u00e4ck, Shellback, Karin Dreijer, Jill Johnson, Jonas \u00c5kerlund och m\u00e5nga andra f\u00f6r att lyfta replokalernas och studief\u00f6rbundens betydelse.<\/p>\n<p><strong>Om framtiden f\u00f6r svenska musikframg\u00e5ngar<\/strong><br \/>\nFinns det ett svenskt musikunder 2045? Ludvig Werner vd p\u00e5 Ifpi Sverige och ordf\u00f6rande p\u00e5 Musiksverige, \u00e4r orolig.<br \/>\n\u2013 Det \u00e4r mycket tveksamt, s\u00e4ger han. Ett musikunder m\u00e5ste underh\u00e5llas. Med tanke p\u00e5 den minskade satsningen p\u00e5 kulturskolor och studief\u00f6rbund ser det sv\u00e5rt ut.<br \/>\nEn tredjedel av studief\u00f6rbundens replokaler runtom i Sverige st\u00e4ngs nu. Under den h\u00e4r mandatperioden ber\u00e4knas n\u00e4rmare 20 000 unga m\u00e4nniskor \u2013 i princip en hel svensk sm\u00e5stad \u2013 f\u00f6rlora sin tillh\u00f6righet och kreativa fristad.<br \/>\nEller som den v\u00e4rldsber\u00f6mde videoregiss\u00f6ren Jonas \u00c5kerlund, sj\u00e4lv med bakgrund i h\u00e5rdrockband, formulerar det:<br \/>\n\u2013 F\u00e4rre replokaler? Ta bort replokaler? Det fattar v\u00e4l vem som helst att det inte \u00e4r en bra id\u00e9. Har de missat hur svensk musik ser ut i dag och inte fattat varf\u00f6r. Vi har ju facit i hand \u2013 vilken effekt det har p\u00e5 svensk musik. <\/p>\n<p><strong>Studief\u00f6rbundens roll f\u00f6r musikundret<\/strong><br \/>\nUtan studief\u00f6rbundens replokaler hade vi med andra ord knappast haft n\u00e5got svenskt musikunder. Idag har lilla Sverige bara USA framf\u00f6r sig vad g\u00e4ller att vara nettoexport\u00f6r av musik. Det har inte bara uppst\u00e5tt ur ett vakuum.<br \/>\n\u2013 V\u00e5r f\u00f6rsta replokal i Halmstad delade vi med ett annat band. D\u00e4r tr\u00e4ffade jag Marie Fredriksson. Utan replokal \u2013 inget Gyllene Tider och inget Roxette, sl\u00e5r Per Gessle fast.<br \/>\n\u2013 Min karri\u00e4r b\u00f6rjade med tjugo \u00e5rs repetitioner i diverse replokalskomplex som alla drevs av statliga medel, s\u00e4ger Tobias Forge i Grammy-prisade h\u00e5rdrocksbandet Ghost, och forts\u00e4tter:<br \/>\n\u2013 Jag v\u00e5gar p\u00e5st\u00e5 att n\u00e4stan varenda internationellt k\u00e4nd och numera h\u00f6ginkomstagande artist och l\u00e5tskrivare fr\u00e5n Sverige har g\u00e5tt en liknande v\u00e4g. Om man inte begriper att det finns ett samband mellan dessa statligt st\u00f6ttade replokaler och kapitalistiskt egenf\u00f6retagande \u00e4r man inte kvalificerad att ta beslut i fr\u00e5gan.<\/p>\n<p>En infrastruktur som rivs ned<br \/>\nMagnus Pejlert, verksamhetsutvecklare p\u00e5 studief\u00f6rbundet Sensus, betonar att de stora kostnader som studief\u00f6rbunden har \u00e4r f\u00f6r lokaler och personal.<br \/>\n\u2013 D\u00e5 en s\u00e5 stor del av de statliga medlen f\u00f6rsvinner f\u00e5r det sj\u00e4lvklara konsekvenser vad g\u00e4ller antal hus, replokaler och musikpersonal. Det g\u00e5r v\u00e4ldigt snabbt att riva ner den infrastruktur som byggts upp under massor av \u00e5r och det blir oerh\u00f6rt sv\u00e5rt och dyrt att bygga upp den igen.<br \/>\nEn replokal \u00e4r inte bara ett rum d\u00e4r n\u00e5gra ungdomar st\u00e5r och f\u00f6rs\u00f6ker l\u00e4ra sig spela. Det kan vara ett f\u00f6rsta steg ut i v\u00e4rlden, men kanske \u00e4nnu viktigare \u00e4r alla andra v\u00e4rden. \u00c4ven om framg\u00e5ng kan vara en morot f\u00f6r den som vill fram\u00e5t handlar det h\u00e4r ocks\u00e5 om st\u00f6rre och mer komplexa sammanhang. Till exempel betydelsen av m\u00f6tesplatser d\u00e4r du kan tr\u00e4ffa m\u00e4nniskor fr\u00e5n en annan bakgrund och inf\u00f6rlivas i en gemenskap, i samspel med andra l\u00e4ra dig tolerans och f\u00f6rst\u00e5else, inte minst k\u00e4nna att just du har ett v\u00e4rde och n\u00e5got att tillf\u00f6ra i en grupp.<br \/>\n\u2013 I replokalen b\u00f6rjade jag l\u00e4ra mig det viktigaste en l\u00e5tskrivare f\u00f6r kunna \u2013 att samarbeta med andra! s\u00e4ger stj\u00e4rnproducenten Shellback som genom \u00e5ren samarbetat med alla fr\u00e5n Taylor Swift och Adele till Justin Timberlake och Britney Spears.<br \/>\n\u2013  Alla kids gillar inte sport, det m\u00e5ste finnas platser d\u00e4r en kan h\u00e5lla p\u00e5 med musik, s\u00e4ger Karin Dreijer (Fever Ray\/The Knife). I G\u00f6teborg p\u00e5 90-talet var det studiecirklar som gjorde att vi fick replokaler, p\u00e5 Andra L\u00e5nggatan och nere i det stora gr\u00f6na huset i Fiskhamnen, d\u00e5 var H\u00e5kan Hellstr\u00f6m min trummis. M\u00e4nniskan \u00e4r inget utan kultur och musik, ett j\u00e4vla r\u00f6veri \u00e4r det att ber\u00f6va unga det.<\/p>\n<p><strong>Musikens betydelse f\u00f6r samh\u00e4llet<\/strong><br \/>\nMusik l\u00e4r alltid ha en s\u00e4rskild dragningskraft. Inte bara f\u00f6r att det \u00e4r kul, utmanande och sj\u00e4lvf\u00f6rverkligande, musik kan ocks\u00e5 vara en livsviktig kanal f\u00f6r den som beh\u00f6ver ventilera oro, \u00e5ngest, trauman eller bara alldeles vanliga vardagsupplevelser.<br \/>\n\u2013 Vi kan inte l\u00e4gga ner \u201dallting\u201d som har med kultur att g\u00f6ra, s\u00e4ger Jill Johnson. Vi beh\u00f6ver kultur och vi m\u00e5ste l\u00e4mna utrymme f\u00f6r att den ska f\u00e5 finnas och utvecklas. Musik \u00e4r terapi och livsn\u00f6dv\u00e4ndigt.<br \/>\nReplokaler ger tiotusentals svenska ungdomar en meningsfull fritid och motverkar ensamhet och utsatthet, d\u00e4rtill i en trygg och s\u00e4ker milj\u00f6. 14-\u00e5rige Neo, vars band Familjen Flum har replokal p\u00e5 Kultopia i Huddinge, s\u00e4ger:<br \/>\n\u2013 Om det inte fanns n\u00e5gon replokal vet jag inte vad jag hade h\u00e5llit p\u00e5 med. Det \u00e4r en syssels\u00e4ttning som kanske betyder att vi inte g\u00f6r saker som \u00e4r s\u00e4mre, som att h\u00e5lla p\u00e5 med droger eller hamna i fel cirklar.<br \/>\nLars Winnerb\u00e4ck \u00e4r inne p\u00e5 samma sp\u00e5r.<br \/>\n\u2013 Jag \u00e4r s\u00e4ker p\u00e5, att varje \u201dproblemunge\u201d som plockar upp en pensel eller gitarr och ges tillg\u00e5ng till en atelj\u00e9 eller replokal, \u00e4r en stor vinst f\u00f6r samh\u00e4llet, s\u00e4ger han. Samma med idrotten. Och kultur f\u00f6r barn, ungdomar och nyb\u00f6rjare kommer inte kunna vara sj\u00e4lvf\u00f6rs\u00f6rjande. Subventionerad kultur \u00e4r viktig.<br \/>\nMed sina satsningar p\u00e5 replokaler bidrar studief\u00f6rbunden till att minska utanf\u00f6rskap och s\u00e4nka tr\u00f6sklarna f\u00f6r den som vill spela musik. Det finns inga k\u00e4nda negativa bieffekter p\u00e5 det, d\u00e4remot positiva s\u00e5dana i form av att Sverige har f\u00e5tt ett levande musikliv och en sv\u00e5rslagen musikexport.<br \/>\n\u2013 Detta \u00e4r s\u00e5 fruktansv\u00e4rt tr\u00e5kigt, s\u00e4ger E-Type. Man nedmonterar fundamentet f\u00f6r Sveriges otroliga musikframg\u00e5ngar. Vi kommer se, eller snarare inte se, effekterna av detta i framtiden.<\/p>\n","protected":false},"excerpt":{"rendered":"<p>Pressbild E-Type, foto: Etoall Ett mycket viktigt meddelande fr\u00e5n svenska artister: N\u00e4r en tredjedel av Sveriges replokaler f\u00f6rsvinner f\u00f6rlorar n\u00e4rmare 20 000 ungdomar sin tillh\u00f6righet och kreativa fristad. Det \u00e4r en f\u00f6ljd av nedsk\u00e4rningarna till studief\u00f6rbunden och konsekvenserna blir f\u00f6r\u00f6dande. Framtiden f\u00f6r det svenska svensk musikundret \u00e4r hotad. \u2013 Man nedmonterar fundamentet f\u00f6r Sveriges otroliga [&hellip;]<\/p>\n","protected":false},"author":13,"featured_media":192296,"comment_status":"closed","ping_status":"closed","sticky":false,"template":"","format":"standard","meta":{"_genesis_hide_title":false,"_genesis_hide_breadcrumbs":false,"_genesis_hide_singular_image":false,"_genesis_hide_footer_widgets":false,"_genesis_custom_body_class":"","_genesis_custom_post_class":"","_genesis_layout":"","footnotes":""},"categories":[62,7,13624],"tags":[1191,3109,12284],"class_list":{"0":"post-192288","1":"post","2":"type-post","3":"status-publish","4":"format-standard","5":"has-post-thumbnail","7":"category-medie-och-kulturpolitik","8":"category-musik","9":"category-toppnytt","10":"tag-debatt","11":"tag-kulturpolitik","12":"tag-politik","13":"entry"},"_links":{"self":[{"href":"https:\/\/kulturbloggen.com\/index.php?rest_route=\/wp\/v2\/posts\/192288","targetHints":{"allow":["GET"]}}],"collection":[{"href":"https:\/\/kulturbloggen.com\/index.php?rest_route=\/wp\/v2\/posts"}],"about":[{"href":"https:\/\/kulturbloggen.com\/index.php?rest_route=\/wp\/v2\/types\/post"}],"author":[{"embeddable":true,"href":"https:\/\/kulturbloggen.com\/index.php?rest_route=\/wp\/v2\/users\/13"}],"replies":[{"embeddable":true,"href":"https:\/\/kulturbloggen.com\/index.php?rest_route=%2Fwp%2Fv2%2Fcomments&post=192288"}],"version-history":[{"count":11,"href":"https:\/\/kulturbloggen.com\/index.php?rest_route=\/wp\/v2\/posts\/192288\/revisions"}],"predecessor-version":[{"id":192303,"href":"https:\/\/kulturbloggen.com\/index.php?rest_route=\/wp\/v2\/posts\/192288\/revisions\/192303"}],"wp:featuredmedia":[{"embeddable":true,"href":"https:\/\/kulturbloggen.com\/index.php?rest_route=\/wp\/v2\/media\/192296"}],"wp:attachment":[{"href":"https:\/\/kulturbloggen.com\/index.php?rest_route=%2Fwp%2Fv2%2Fmedia&parent=192288"}],"wp:term":[{"taxonomy":"category","embeddable":true,"href":"https:\/\/kulturbloggen.com\/index.php?rest_route=%2Fwp%2Fv2%2Fcategories&post=192288"},{"taxonomy":"post_tag","embeddable":true,"href":"https:\/\/kulturbloggen.com\/index.php?rest_route=%2Fwp%2Fv2%2Ftags&post=192288"}],"curies":[{"name":"wp","href":"https:\/\/api.w.org\/{rel}","templated":true}]}}