{"id":19201,"date":"2010-04-02T19:34:28","date_gmt":"2010-04-02T18:34:28","guid":{"rendered":"http:\/\/kulturbloggen.com\/?p=19201"},"modified":"2010-04-02T19:34:28","modified_gmt":"2010-04-02T18:34:28","slug":"pa-releasespelning-med-hajpade-norska-musikundret-susanne-sundf%c3%b8r","status":"publish","type":"post","link":"https:\/\/kulturbloggen.com\/?p=19201","title":{"rendered":"P\u00e5 releasespelning med hajpade norska musikundret Susanne  Sundf\u00f8r"},"content":{"rendered":"<p><a href=\"http:\/\/kulturbloggen.com\/wp-content\/uploads\/2010\/04\/Susanne-Sundf\u00f8r_20100331_3036.jpg\"><img loading=\"lazy\" decoding=\"async\" src=\"http:\/\/kulturbloggen.com\/wp-content\/uploads\/2010\/04\/Susanne-Sundf\u00f8r_20100331_3036-225x300.jpg\" alt=\"\" title=\"Susanne-Sundf\u00f8r_20100331_3036\" width=\"225\" height=\"300\" class=\"aligncenter size-medium wp-image-19210\" \/><\/a><br \/>\nSusanne  Sundf\u00f8r \u00e4r etta p\u00e5 den norska albumlistan. Hon var varit etta tv\u00e5 veckor i rad. Hon \u00e4r en mycket duktig och intressant s\u00e5ngerska. Strax f\u00f6re p\u00e5sk var hon i Stockholm och gjorde en spelning f\u00f6r speciellt inbjudna g\u00e4ster.<\/p>\n<p>Susanne  Sundf\u00f8r \u00e4r en singer\/songwriter fr\u00e5n Norska v\u00e4stkusten och hela Norges nya stj\u00e4rna. Hennes album &#8221;The Brothel&#8221; hyllades till skyarna n\u00e4r det sl\u00e4pptes i hemlandet och fick h\u00f6gsta betyg n\u00e4stan \u00f6verallt. Plattan ligger nu etta p\u00e5 norska albumlistan f\u00f6r andra veckan i rad.<br \/>\n&#8221;The Brothel&#8221; sl\u00e4pps nu \u00e4ven i Sverige.<\/p>\n<p>Hon var precis s\u00e5 bra som jag hade t\u00e4nkt n\u00e4r jag lyssnat p\u00e5 skivan. Stark och sk\u00f6r p\u00e5 samma g\u00e5ng med en enorm r\u00f6st med mycket k\u00e4nsla i. Men hon verkade vara blyg f\u00f6r hon ber\u00e4ttade ingenting om s\u00e5ngerna och hon sade inte ens vad hon hette. Eller s\u00e5 \u00e4r det detta med spr\u00e5ken, att norskor och norrm\u00e4n inte \u00e4r s\u00e4kra p\u00e5 att vi ska f\u00f6rst\u00e5 vad de s\u00e4ger. Det g\u00f6r vi ju.<br \/>\nJag vill ha mer utbyte mellan de nordiska l\u00e4nderna och Norge \u00e4r v\u00e4ldigt intressant nu. Det verkar p\u00e5g\u00e5 en explosion av bra norsk musik som tar \u00f6ver v\u00e4rlden just nu.<\/p>\n<p><a href=\"http:\/\/www.anders.lowdin.se\/\">Foto: Anders L\u00f6wdin<\/a><br \/>\n<a href=\"http:\/\/www.flickr.com\/photos\/anderslowdin\/\">Fler bilder av Anders L\u00f6wdin hittar du h\u00e4r.<\/a><\/p>\n<p><a href=\"http:\/\/kulturbloggen.com\/wp-content\/uploads\/2010\/04\/Susanne-Sundfor2.jpg\"><img loading=\"lazy\" decoding=\"async\" src=\"http:\/\/kulturbloggen.com\/wp-content\/uploads\/2010\/04\/Susanne-Sundfor2-217x300.jpg\" alt=\"\" title=\"Susanne-Sundfor2\" width=\"217\" height=\"300\" class=\"aligncenter size-medium wp-image-19212\" \/><\/a><\/p>\n<p><a href=\"http:\/\/kulturbloggen.com\/wp-content\/uploads\/2010\/04\/Susanne-Sundf3.jpg\"><img loading=\"lazy\" decoding=\"async\" src=\"http:\/\/kulturbloggen.com\/wp-content\/uploads\/2010\/04\/Susanne-Sundf3-300x201.jpg\" alt=\"\" title=\"Susanne-Sundf3\" width=\"300\" height=\"201\" class=\"aligncenter size-medium wp-image-19213\" \/><\/a><\/p>\n<p><object width=\"425\" height=\"344\"><param name=\"movie\" value=\"http:\/\/www.youtube.com\/v\/9FmawQsN0mU&#038;hl=sv&#038;fs=1\"><\/param><param name=\"allowFullScreen\" value=\"true\"><\/param><param name=\"allowscriptaccess\" value=\"always\"><\/param><embed src=\"http:\/\/www.youtube.com\/v\/9FmawQsN0mU&#038;hl=sv&#038;fs=1\" type=\"application\/x-shockwave-flash\" allowscriptaccess=\"always\" allowfullscreen=\"true\" width=\"425\" height=\"344\"><\/embed><\/object><\/p>\n<p>Relaterat:<br \/>\n<a href=\"http:\/\/tpn.vg.no\/intervju\/index.php?Inr=2198\">H\u00e4r har hon chattat med bes\u00f6karna p\u00e5 Verdens Gang.<\/a><\/p>\n<p>L\u00e4s \u00e4ven andra bloggares \u00e5sikter om <a href=\"http:\/\/bloggar.se\/om\/musik\" rel=\"tag\">musik<\/a>, <a href=\"http:\/\/bloggar.se\/om\/Norge\" rel=\"tag\">Norge<\/a>, <a href=\"http:\/\/bloggar.se\/om\/singer\/songwriter\" rel=\"tag\">singer\/songwriter<\/a>, <a href=\"http:\/\/bloggar.se\/om\/Susanne++Sundf%F8r\" rel=\"tag\">Susanne  Sundf\u00f8r<\/a><\/p>\n","protected":false},"excerpt":{"rendered":"<p>Susanne Sundf\u00f8r \u00e4r etta p\u00e5 den norska albumlistan. Hon var varit etta tv\u00e5 veckor i rad. Hon \u00e4r en mycket duktig och intressant s\u00e5ngerska. Strax f\u00f6re p\u00e5sk var hon i Stockholm och gjorde en spelning f\u00f6r speciellt inbjudna g\u00e4ster. Susanne Sundf\u00f8r \u00e4r en singer\/songwriter fr\u00e5n Norska v\u00e4stkusten och hela Norges nya stj\u00e4rna. Hennes album &#8221;The [&hellip;]<\/p>\n","protected":false},"author":2,"featured_media":0,"comment_status":"open","ping_status":"open","sticky":false,"template":"","format":"standard","meta":{"_genesis_hide_title":false,"_genesis_hide_breadcrumbs":false,"_genesis_hide_singular_image":false,"_genesis_hide_footer_widgets":false,"_genesis_custom_body_class":"","_genesis_custom_post_class":"","_genesis_layout":"","footnotes":""},"categories":[7],"tags":[12282,4032,5075],"class_list":{"0":"post-19201","1":"post","2":"type-post","3":"status-publish","4":"format-standard","6":"category-musik","7":"tag-musik","8":"tag-norge","9":"tag-singersongwriter","10":"entry"},"_links":{"self":[{"href":"https:\/\/kulturbloggen.com\/index.php?rest_route=\/wp\/v2\/posts\/19201","targetHints":{"allow":["GET"]}}],"collection":[{"href":"https:\/\/kulturbloggen.com\/index.php?rest_route=\/wp\/v2\/posts"}],"about":[{"href":"https:\/\/kulturbloggen.com\/index.php?rest_route=\/wp\/v2\/types\/post"}],"author":[{"embeddable":true,"href":"https:\/\/kulturbloggen.com\/index.php?rest_route=\/wp\/v2\/users\/2"}],"replies":[{"embeddable":true,"href":"https:\/\/kulturbloggen.com\/index.php?rest_route=%2Fwp%2Fv2%2Fcomments&post=19201"}],"version-history":[{"count":0,"href":"https:\/\/kulturbloggen.com\/index.php?rest_route=\/wp\/v2\/posts\/19201\/revisions"}],"wp:attachment":[{"href":"https:\/\/kulturbloggen.com\/index.php?rest_route=%2Fwp%2Fv2%2Fmedia&parent=19201"}],"wp:term":[{"taxonomy":"category","embeddable":true,"href":"https:\/\/kulturbloggen.com\/index.php?rest_route=%2Fwp%2Fv2%2Fcategories&post=19201"},{"taxonomy":"post_tag","embeddable":true,"href":"https:\/\/kulturbloggen.com\/index.php?rest_route=%2Fwp%2Fv2%2Ftags&post=19201"}],"curies":[{"name":"wp","href":"https:\/\/api.w.org\/{rel}","templated":true}]}}