{"id":1920,"date":"2008-09-24T13:29:08","date_gmt":"2008-09-24T13:29:08","guid":{"rendered":"http:\/\/kulturbloggen.com\/?p=1920"},"modified":"2008-09-24T13:29:08","modified_gmt":"2008-09-24T13:29:08","slug":"roman-och-lars-erik-larsson-hyllas-i-konsert-pa-riddarhuset-och-marie-rosenmir-dirigerar","status":"publish","type":"post","link":"https:\/\/kulturbloggen.com\/?p=1920","title":{"rendered":"Roman och Lars-Erik Larsson hyllas i konsert p\u00e5 Riddarhuset och Marie Rosenmir dirigerar"},"content":{"rendered":"<p><a href='http:\/\/sodergren.com\/kulturbloggen\/wp-content\/uploads\/2008\/09\/stockholmsinfonietta.jpg'><img loading=\"lazy\" decoding=\"async\" src=\"http:\/\/sodergren.com\/kulturbloggen\/wp-content\/uploads\/2008\/09\/stockholmsinfonietta-300x200.jpg\" alt=\"\" title=\"stockholmsinfonietta\" width=\"300\" height=\"200\" class=\"aligncenter size-medium wp-image-1921\" \/><\/a><\/p>\n<p>F\u00f6r den som \u00e4r intresserad av mer klassisk musik fick jag ett tips inf\u00f6r en konsrt den 30 september i Stockholm:<\/p>\n<p>Inom ramen f\u00f6r Riddarhusets Kulturdagar 2008 ger Stockholm Sinfonietta en konsert, &#8221;Svenska Jubilarer&#8221;,  tisdagen den 30 september kl 19.30.<\/p>\n<p>Av den ene jubilaren, Johan Helmich Roman, f\u00e5r vi h\u00f6ra violinkonsert i d-moll med Nils-Erik Sparf som solist. Den andre jubilaren \u00e4r Lars-Erik Larsson. Vi f\u00e5r h\u00f6ra  hans svit &#8221;Dagens stunder&#8221;, vilket inkluderar Pastoralsviten.<\/p>\n<p>Stina Ekblad st\u00e5r f\u00f6r diktl\u00e4sningen.<br \/>\nH\u00e5kan Bj\u00f6rkman, tidigare vinnare av Svenska Solistpriset  medverkar i Lars-Erik  Larssons Trombonconcertino. P\u00e5 programmet st\u00e5r dessutom en ouvertyr av Martinu. Kv\u00e4llens dirigent \u00e4r Marie Rosenmir, tidigare vinnare av svenska Dirigentpriset.<\/p>\n<p>Svenska Dirigentpriset och Svenska Solistpriset turas om att delas ut vart annat \u00e5r I Stockholms Konserthus. Bakom dessa priser st\u00e5r bla Stockholm Sinfonietta.<\/p>\n<p>H\u00e4r kan ni se Marie Rosenmir:<\/p>\n<p><object width=\"425\" height=\"344\"><param name=\"movie\" value=\"http:\/\/www.youtube.com\/v\/1eJvBAY2XJ4&#038;hl=en&#038;fs=1\"><\/param><param name=\"allowFullScreen\" value=\"true\"><\/param><embed src=\"http:\/\/www.youtube.com\/v\/1eJvBAY2XJ4&#038;hl=en&#038;fs=1\" type=\"application\/x-shockwave-flash\" allowfullscreen=\"true\" width=\"425\" height=\"344\"><\/embed><\/object><\/p>\n<p><a href='http:\/\/sodergren.com\/kulturbloggen\/wp-content\/uploads\/2008\/09\/stockholmsinfonietta260.jpg'><img loading=\"lazy\" decoding=\"async\" src=\"http:\/\/sodergren.com\/kulturbloggen\/wp-content\/uploads\/2008\/09\/stockholmsinfonietta260.jpg\" alt=\"\" title=\"stockholmsinfonietta260\" width=\"260\" height=\"150\" class=\"alignnone size-medium wp-image-1922\" \/><\/a><\/p>\n","protected":false},"excerpt":{"rendered":"<p>F\u00f6r den som \u00e4r intresserad av mer klassisk musik fick jag ett tips inf\u00f6r en konsrt den 30 september i Stockholm: Inom ramen f\u00f6r Riddarhusets Kulturdagar 2008 ger Stockholm Sinfonietta en konsert, &#8221;Svenska Jubilarer&#8221;, tisdagen den 30 september kl 19.30. Av den ene jubilaren, Johan Helmich Roman, f\u00e5r vi h\u00f6ra violinkonsert i d-moll med Nils-Erik [&hellip;]<\/p>\n","protected":false},"author":2,"featured_media":0,"comment_status":"open","ping_status":"open","sticky":false,"template":"","format":"standard","meta":{"_genesis_hide_title":false,"_genesis_hide_breadcrumbs":false,"_genesis_hide_singular_image":false,"_genesis_hide_footer_widgets":false,"_genesis_custom_body_class":"","_genesis_custom_post_class":"","_genesis_layout":"","footnotes":""},"categories":[7],"tags":[2946,5400],"class_list":{"0":"post-1920","1":"post","2":"type-post","3":"status-publish","4":"format-standard","6":"category-musik","7":"tag-klassiskt","8":"tag-stockholm","9":"entry"},"_links":{"self":[{"href":"https:\/\/kulturbloggen.com\/index.php?rest_route=\/wp\/v2\/posts\/1920","targetHints":{"allow":["GET"]}}],"collection":[{"href":"https:\/\/kulturbloggen.com\/index.php?rest_route=\/wp\/v2\/posts"}],"about":[{"href":"https:\/\/kulturbloggen.com\/index.php?rest_route=\/wp\/v2\/types\/post"}],"author":[{"embeddable":true,"href":"https:\/\/kulturbloggen.com\/index.php?rest_route=\/wp\/v2\/users\/2"}],"replies":[{"embeddable":true,"href":"https:\/\/kulturbloggen.com\/index.php?rest_route=%2Fwp%2Fv2%2Fcomments&post=1920"}],"version-history":[{"count":0,"href":"https:\/\/kulturbloggen.com\/index.php?rest_route=\/wp\/v2\/posts\/1920\/revisions"}],"wp:attachment":[{"href":"https:\/\/kulturbloggen.com\/index.php?rest_route=%2Fwp%2Fv2%2Fmedia&parent=1920"}],"wp:term":[{"taxonomy":"category","embeddable":true,"href":"https:\/\/kulturbloggen.com\/index.php?rest_route=%2Fwp%2Fv2%2Fcategories&post=1920"},{"taxonomy":"post_tag","embeddable":true,"href":"https:\/\/kulturbloggen.com\/index.php?rest_route=%2Fwp%2Fv2%2Ftags&post=1920"}],"curies":[{"name":"wp","href":"https:\/\/api.w.org\/{rel}","templated":true}]}}