{"id":1919,"date":"2008-09-24T13:22:20","date_gmt":"2008-09-24T13:22:20","guid":{"rendered":"http:\/\/kulturbloggen.com\/?p=1919"},"modified":"2008-09-24T13:22:20","modified_gmt":"2008-09-24T13:22:20","slug":"the-soundtrack-of-our-lives-%e2%80%93-pa-turne-med-nytt-album","status":"publish","type":"post","link":"https:\/\/kulturbloggen.com\/?p=1919","title":{"rendered":"The Soundtrack of Our Lives \u2013 P\u00e5 turn\u00e9 med nytt album"},"content":{"rendered":"<p>The Soundtrack of Our Lives \u00e4r tillbaka med ny skiva och en turn\u00e9 i h\u00f6st. Den 5 november sl\u00e4pps nya dubbelalbumet \u201cCommunion\u201d.<br \/>\nThe Soundtrack of Our Lives \u00e4r ett av landets fr\u00e4msta rockband som med sin musik f\u00f6rgyllt scener v\u00e4rlden \u00f6ver i 13 \u00e5r. Arbetet med nya skivan \u201dCommunion\u201d p\u00e5b\u00f6rjades f\u00f6r ett \u00e5r sedan och bandet har under tiden ocks\u00e5 hunnit med turn\u00e9er i Australien, Kina och Kanada.<\/p>\n<p>Nu ger sig The Soundtrack of Our Lives ut p\u00e5 v\u00e4garna igen och de b\u00f6rjar i hemstaden G\u00f6teborg.<\/p>\n<p>Datum:<br \/>\n4.10 G\u00f6teborg, Liseberg<br \/>\n7.11 Karlstad, N\u00f6jesfabriken<br \/>\n19.11 Oslo, Parkteatret<br \/>\n21.11 Sk\u00f6vde, Valhall<br \/>\n22.11 Lund, Mejeriet<br \/>\n23.11 K\u00f6penhamn, Vega<br \/>\n25.11 V\u00e4ster\u00e5s, Sigurdsgatan<br \/>\n26.11 Stockholm, Cirkus<br \/>\n27.11 Uppsala, Katalin<br \/>\n28.11 Huskvarna, Folkets Park<br \/>\n15.12 Helsingfors, Tavastia<\/p>\n<p>Fler datum tillkommer.<\/p>\n<p>Andra bloggar om: <a href=\"http:\/\/bloggar.se\/om\/The+Soundtrack+of+Our+Lives\" rel=\"tag\">The Soundtrack of Our Lives<\/a>, <a href=\"http:\/\/bloggar.se\/om\/skivnytt\" rel=\"tag\">skivnytt<\/a>, <a href=\"http:\/\/bloggar.se\/om\/turn%E9\" rel=\"tag\">turn\u00e9<\/a><\/p>\n","protected":false},"excerpt":{"rendered":"<p>The Soundtrack of Our Lives \u00e4r tillbaka med ny skiva och en turn\u00e9 i h\u00f6st. Den 5 november sl\u00e4pps nya dubbelalbumet \u201cCommunion\u201d. The Soundtrack of Our Lives \u00e4r ett av landets fr\u00e4msta rockband som med sin musik f\u00f6rgyllt scener v\u00e4rlden \u00f6ver i 13 \u00e5r. Arbetet med nya skivan \u201dCommunion\u201d p\u00e5b\u00f6rjades f\u00f6r ett \u00e5r sedan och [&hellip;]<\/p>\n","protected":false},"author":2,"featured_media":0,"comment_status":"open","ping_status":"open","sticky":false,"template":"","format":"standard","meta":{"_genesis_hide_title":false,"_genesis_hide_breadcrumbs":false,"_genesis_hide_singular_image":false,"_genesis_hide_footer_widgets":false,"_genesis_custom_body_class":"","_genesis_custom_post_class":"","_genesis_layout":"","footnotes":""},"categories":[7],"tags":[6004],"class_list":{"0":"post-1919","1":"post","2":"type-post","3":"status-publish","4":"format-standard","6":"category-musik","7":"tag-turne","8":"entry"},"_links":{"self":[{"href":"https:\/\/kulturbloggen.com\/index.php?rest_route=\/wp\/v2\/posts\/1919","targetHints":{"allow":["GET"]}}],"collection":[{"href":"https:\/\/kulturbloggen.com\/index.php?rest_route=\/wp\/v2\/posts"}],"about":[{"href":"https:\/\/kulturbloggen.com\/index.php?rest_route=\/wp\/v2\/types\/post"}],"author":[{"embeddable":true,"href":"https:\/\/kulturbloggen.com\/index.php?rest_route=\/wp\/v2\/users\/2"}],"replies":[{"embeddable":true,"href":"https:\/\/kulturbloggen.com\/index.php?rest_route=%2Fwp%2Fv2%2Fcomments&post=1919"}],"version-history":[{"count":0,"href":"https:\/\/kulturbloggen.com\/index.php?rest_route=\/wp\/v2\/posts\/1919\/revisions"}],"wp:attachment":[{"href":"https:\/\/kulturbloggen.com\/index.php?rest_route=%2Fwp%2Fv2%2Fmedia&parent=1919"}],"wp:term":[{"taxonomy":"category","embeddable":true,"href":"https:\/\/kulturbloggen.com\/index.php?rest_route=%2Fwp%2Fv2%2Fcategories&post=1919"},{"taxonomy":"post_tag","embeddable":true,"href":"https:\/\/kulturbloggen.com\/index.php?rest_route=%2Fwp%2Fv2%2Ftags&post=1919"}],"curies":[{"name":"wp","href":"https:\/\/api.w.org\/{rel}","templated":true}]}}