{"id":191789,"date":"2025-03-14T12:32:44","date_gmt":"2025-03-14T11:32:44","guid":{"rendered":"https:\/\/kulturbloggen.com\/?p=191789"},"modified":"2025-03-14T12:42:33","modified_gmt":"2025-03-14T11:42:33","slug":"teaterkritik-hinkemann-slungar-vilt-mot-samhallets-orattvisor","status":"publish","type":"post","link":"https:\/\/kulturbloggen.com\/?p=191789","title":{"rendered":"Teaterkritik: Hinkemann &#8211; slungar vilt mot samh\u00e4llets or\u00e4ttvisor"},"content":{"rendered":"<p><img loading=\"lazy\" decoding=\"async\" class=\"aligncenter size-full wp-image-186912\" src=\"https:\/\/kulturbloggen.com\/wp-content\/uploads\/2025\/03\/hinkemann_01200.jpg\" alt=\"\" width=\"650\" height=\"340\" \/><br \/>\n<em>Foto: S\u00f6ren Vilks<\/em><\/p>\n<p><strong>Hinkemann<\/strong><br \/>\nAv Ernst Toller<br \/>\nI fri bearbeting av Tom Silkeberg<br \/>\nRegi Anja Susa<br \/>\nScenografi Helga Bumsch<br \/>\nKostym Maja Mirkovic<br \/>\nKoreografi Damjan Kecojevi\u0107<br \/>\nPeruk och mask Mimmi Lindell, Frida Ottosson<br \/>\nMedverkande Gustav Berg, Hulda Lind J\u00f3hannsd\u00f3ttir, Danilo Bejarano, Natalie Sundelin, Marcus V\u00f6geli och Elisabeth Wernesj\u00f6<br \/>\nPremi\u00e4r p\u00e5 Dramatens lilla scen 13 mars 2025<\/p>\n<p>En f\u00f6rest\u00e4llning som slungar vilt mot v\u00e5r tid, mot h\u00f6gerextremism, mot indivudalism och nyliberalism men ocks\u00e5 mot f\u00f6r\u00e4ldrar som \u00f6verger sina barn och nyandlighetens filosofi om att man kan t\u00e4nka sig frisk med positiva tankar. I Dramatens pressmeddelande beskrivs den som en absurd tragedi om krig och k\u00e4rlek, men det \u00e4r mycket mer \u00e4n detta som den tar upp. Det \u00e4r mycket prat, m\u00e5nga dialoger och monologer. Det \u00e4r en f\u00f6rest\u00e4llning som inte alls tagit till sig den kreativa principen Less is more.<\/p>\n<p>Jag uppskattar oftast pj\u00e4ser liksom filmer och litteratur som har flera bottnar och som inte m\u00e5ste s\u00e4ga allt utan som litar p\u00e5 sin publik och sina l\u00e4sare. H\u00e4r blir det tv\u00e4rtom. Allt m\u00e5ste attackeras och s\u00e4gas om och om igen p\u00e5 flera s\u00e4tt, som om vi i publiken f\u00f6ruts\u00e4tts inte kunna t\u00e4nka eller k\u00e4nna eller uppfatta n\u00e5got mellan raderna eller ytan. Det blir f\u00f6r mycket som hamras in. \u00c5r andra sidan finns det onekligen mycket att prata om efter att ha sett Hinkemann.<\/p>\n<p>Hinkemann \u00e4r soldat som blivit s\u00e5rad, hamnat p\u00e5 sjukhus och sedan blivit hemskickad till sin fru. Han har v\u00e5ldsamma minnen och lider av Posttraumatiskt stressyndrom, PTSD. Det \u00e4r tydligt att han och hans fru beh\u00f6ver inkomster. Scenografin stryker under det med flagnade tapeter p\u00e5 scenens sidor. Hinkemann skulle sj\u00e4lvklart beh\u00f6va v\u00e5rd f\u00f6r sina mentala problem. Det \u00e4r ett av f\u00f6rest\u00e4llningens m\u00e5nga budskap att vi beh\u00f6ver samh\u00e4llen d\u00e4r m\u00e4nniskor som f\u00e5tt s\u00e5dana mentala skador ska kunna f\u00e5 st\u00f6d och hj\u00e4lp ist\u00e4llet f\u00f6r att tvingas ut och s\u00f6ka arbete.<\/p>\n<p>Men han lyckas f\u00e5 ett arbete, mot alla odds. Direkt\u00f6ren f\u00f6r stadens n\u00f6jespark ser att han har muskler och utstr\u00e5lar styrka och Hinkemann f\u00e5r ett v\u00e4lbetalt jobb som samtidigt \u00e4r djupt f\u00f6rnedrande. Direkt\u00f6ren spelas skickligt av Danilo Bejarano, fast kanske direkt\u00f6ren har sminkats lite f\u00f6r \u00f6vertydligt med Hitlermustasch?<\/p>\n<p><img loading=\"lazy\" decoding=\"async\" class=\"alignright size-medium wp-image-186119\" src=\"https:\/\/kulturbloggen.com\/wp-content\/uploads\/2025\/03\/hinke.jpg\" alt=\"\" width=\"300\" height=\"200\" \/><br \/>\nDen tyske dramatikern Ernst Toller f\u00f6rs\u00f6kte g\u00f6ra socialistisk revolution. Dramatens pressmeddelande ber\u00e4ttar att han skrev sina fr\u00e4msta verk i f\u00e4ngelse och  tvingades fly fr\u00e5n nazisterna och som, baserat p\u00e5 egen erfarenhet, skildrade hur den enskilda m\u00e4nniskans kamp f\u00f6r frihet och sj\u00e4lvst\u00e4ndighet krossas av kollektiva krafter eller auktorit\u00e4ra system<\/p>\n<p>F\u00f6rest\u00e4llningen kniper m\u00e5nga po\u00e4ng genom tr\u00e4ffs\u00e4kra skildringar av or\u00e4ttvisor i v\u00e4rlden och hur makthavare utnyttjar m\u00e4nniskors utsattthet och svaghet. En del scener \u00e4r talande starka och mycket rakt p\u00e5 sak. Sk\u00e5despelarna b\u00e4r f\u00f6rest\u00e4llningen till stor del. Marcus V\u00f6geli som den utsatte och f\u00f6rvirrade Hinkemann f\u00e5r mina st\u00e5ende ovationer tillsammans med \u00f6vriga sk\u00e5despelare. Danilo Bejarano imponerar som n\u00f6jesparkens direkt\u00f6r och Hulda Lind J\u00f3hannsd\u00f3ttir har en gudag\u00e5va att kunna vara komisk samtidigt som hon f\u00f6rmedlar m\u00e4nniskors tragedier. Hon \u00e4r imponerade i de olika roller hon gestaltar i Hinkemann.<\/p>\n<p>Scenografin \u00e4r till skillnad fr\u00e5n allt prat ganska sparsmakad med ett runt sp\u00e5r i scenens mitt d\u00e4r n\u00e5gra f\u00f6t\u00f6ljer \u00e4r fastsatta och kan snurra runt och ge cirkusk\u00e4nsla p\u00e5 en scen omgiven av flagnande tapeter.<\/p>\n<p>F\u00f6rest\u00e4llningen \u00e4r stark, mycket stark och ber\u00f6rande. Den dr\u00f6jer sig kvar inom mig i tankar och k\u00e4nslor l\u00e4nge. Det g\u00e5r inte att t\u00e4nka bort allt den f\u00f6rmedlar. Samtidigt tycker jag den s\u00e4ger f\u00f6r mycket p\u00e5 en g\u00e5ng, s\u00e5 det \u00e4r med kluvna k\u00e4nslor jag funderar p\u00e5 den.<\/p>\n<p><strong>Fakta om Ernst Toller:<\/strong><br \/>\nErnst Toller (1893\u20131939) var en tysk dramatiker mest k\u00e4nd f\u00f6r sina expressionistiska pj\u00e4ser och sitt politiska engagemang. Hinkemann, liksom flera andra verk, skrev han i f\u00e4ngelse under tidigt 1920-tal, d\u00e4r han satt till f\u00f6ljd av sitt engagemang i den socialistiska revolution\u00e4ra Bayerska r\u00e5dsrepubliken d\u00e4r han var president under sex dagar 1919. Han var jude och en mycket uttalad antifascist som tvingades l\u00e4mna Tyskland n\u00e4r nazisterna tog makten.<\/p>\n<p><strong>Fakta om regiss\u00f6ren Anja Su\u0161a:<\/strong><br \/>\nAnja Su\u0161a \u00e4r en m\u00e5ngfaldigt prisbel\u00f6nad teaterregiss\u00f6r verksam i Serbien, Kroatien, Montenegro, Slovenien, Polen, Sverige och Danmark. Sedan 2019 undervisar hon som professor i teaterregi vid Stockholms konstn\u00e4rliga h\u00f6gskola. P\u00e5 Dramaten har hon tidigare satt upp #Jeanne, en upps\u00e4ttning som bel\u00f6nades med Grand Prix p\u00e5 Belgrads internationella teaterfestival 2023. Anja Su\u0161a och Tom Silkeberg har samarbetat i m\u00e5nga \u00e5r. Silkebergs texter spelas flitigt runtom i Europa och han \u00e4r Orlando Burg Theater i Wien<\/p>\n","protected":false},"excerpt":{"rendered":"<p>Foto: S\u00f6ren Vilks Hinkemann Av Ernst Toller I fri bearbeting av Tom Silkeberg Regi Anja Susa Scenografi Helga Bumsch Kostym Maja Mirkovic Koreografi Damjan Kecojevi\u0107 Peruk och mask Mimmi Lindell, Frida Ottosson Medverkande Gustav Berg, Hulda Lind J\u00f3hannsd\u00f3ttir, Danilo Bejarano, Natalie Sundelin, Marcus V\u00f6geli och Elisabeth Wernesj\u00f6 Premi\u00e4r p\u00e5 Dramatens lilla scen 13 mars 2025 [&hellip;]<\/p>\n","protected":false},"author":2,"featured_media":191793,"comment_status":"closed","ping_status":"closed","sticky":false,"template":"","format":"standard","meta":{"_genesis_hide_title":false,"_genesis_hide_breadcrumbs":false,"_genesis_hide_singular_image":false,"_genesis_hide_footer_widgets":false,"_genesis_custom_body_class":"","_genesis_custom_post_class":"","_genesis_layout":"","footnotes":""},"categories":[16,20,30,31,13624],"tags":[15252,1366,15253,7643,12289],"class_list":{"0":"post-191789","1":"post","2":"type-post","3":"status-publish","4":"format-standard","5":"has-post-thumbnail","7":"category-recension","8":"category-film","9":"category-teater","10":"category-teaterrecension","11":"category-toppnytt","12":"tag-danila-bejarano","13":"tag-dramaten","14":"tag-ernst-toller","15":"tag-teaterkritik","16":"tag-teaterrecension","17":"entry"},"_links":{"self":[{"href":"https:\/\/kulturbloggen.com\/index.php?rest_route=\/wp\/v2\/posts\/191789","targetHints":{"allow":["GET"]}}],"collection":[{"href":"https:\/\/kulturbloggen.com\/index.php?rest_route=\/wp\/v2\/posts"}],"about":[{"href":"https:\/\/kulturbloggen.com\/index.php?rest_route=\/wp\/v2\/types\/post"}],"author":[{"embeddable":true,"href":"https:\/\/kulturbloggen.com\/index.php?rest_route=\/wp\/v2\/users\/2"}],"replies":[{"embeddable":true,"href":"https:\/\/kulturbloggen.com\/index.php?rest_route=%2Fwp%2Fv2%2Fcomments&post=191789"}],"version-history":[{"count":47,"href":"https:\/\/kulturbloggen.com\/index.php?rest_route=\/wp\/v2\/posts\/191789\/revisions"}],"predecessor-version":[{"id":191843,"href":"https:\/\/kulturbloggen.com\/index.php?rest_route=\/wp\/v2\/posts\/191789\/revisions\/191843"}],"wp:featuredmedia":[{"embeddable":true,"href":"https:\/\/kulturbloggen.com\/index.php?rest_route=\/wp\/v2\/media\/191793"}],"wp:attachment":[{"href":"https:\/\/kulturbloggen.com\/index.php?rest_route=%2Fwp%2Fv2%2Fmedia&parent=191789"}],"wp:term":[{"taxonomy":"category","embeddable":true,"href":"https:\/\/kulturbloggen.com\/index.php?rest_route=%2Fwp%2Fv2%2Fcategories&post=191789"},{"taxonomy":"post_tag","embeddable":true,"href":"https:\/\/kulturbloggen.com\/index.php?rest_route=%2Fwp%2Fv2%2Ftags&post=191789"}],"curies":[{"name":"wp","href":"https:\/\/api.w.org\/{rel}","templated":true}]}}