{"id":191164,"date":"2025-02-25T18:43:13","date_gmt":"2025-02-25T17:43:13","guid":{"rendered":"https:\/\/kulturbloggen.com\/?p=191164"},"modified":"2025-07-16T08:11:06","modified_gmt":"2025-07-16T07:11:06","slug":"filmrecension-min-ovantade-bror","status":"publish","type":"post","link":"https:\/\/kulturbloggen.com\/?p=191164","title":{"rendered":"Filmrecension: Min ov\u00e4ntade bror &#8211; en av de vackraste hyllningarna till kraften i musik"},"content":{"rendered":"<p><img loading=\"lazy\" decoding=\"async\" class=\"aligncenter size-full wp-image-186912\" src=\"https:\/\/kulturbloggen.com\/wp-content\/uploads\/2025\/02\/unnamed-2-4.jpg\" alt=\"\" width=\"650\" height=\"340\" \/><\/p>\n<p>Min ov\u00e4ntade bror<br \/>\nBetyg 4<br \/>\nSvensk biopremi\u00e4r 28 februari 2025<br \/>\nRegi Emmanuel Courcol<\/p>\n<p>En av de vackraste hyllningarna till musik jag sett. En varm hyllning till kulturens kraft att f\u00f6rena m\u00e4nniskor. Det \u00e4r s\u00e5 befriande med en film som l\u00e5ter ber\u00e4ttelsen ta den tid den beh\u00f6ver och att det inte beh\u00f6ver vara action och full fart. Det som h\u00e4nder handlar om vad som r\u00f6r sig inom m\u00e4nniskor: k\u00e4nslor, tankar, minnen, f\u00f6rhoppningar och samtidigt en film om samh\u00e4llsklasser och vilka stora skillnader det \u00e4r att ta sig fram inom kultur, beroende p\u00e5 bakgrund. Ett \u00e4mne som \u00e4r minst lika aktuellt i Sverige idag: det \u00e4r oerh\u00f6rt tydligt att det bra mycket l\u00e4ttare att ta sig fram inom kultur och media f\u00f6r den som kommer fr\u00e5n \u00f6vre medelklassen \u00e4n den som kommer fr\u00e5n fattigare bakgrund. Ett annat stort plus f\u00f6r denna film \u00e4r att den inte \u00e4r det minsta f\u00f6ruts\u00e4gbar, den har flera olika v\u00e4ndningar.<\/p>\n<p>Thibaut \u00e4r en ber\u00f6md dirigent som har hela v\u00e4rlden som arbetsplats. Han har en intensiv tillvaro men allt v\u00e4nds upp och ner n\u00e4r han svimmar under en konsert. Det visar sig att han har en d\u00f6dlig form av leukemi och hans enda chans att \u00f6verleva \u00e4r en transplantation av benm\u00e4rg. Men det \u00e4r sv\u00e5rt att hitta en donator som har r\u00e4tt v\u00e4rden f\u00f6r att det ska fungera. St\u00f6rst chans \u00e4r med ett syskon. N\u00e4r han syster testas f\u00f6r kunna donera benm\u00e4rg avsl\u00f6jas att hon inte \u00e4r hans syster. Thibaut adopterades som baby, vilket han inte hade en aning om. Tur i oturen \u00e4r att hans adoptivmamma vet vem som \u00e4r hans biologiska mamma och ocks\u00e5 vet att han har en biologisk lillebror som adopterades av en annan familj.<\/p>\n<p>Thibaut ger sig av f\u00f6r att tr\u00e4ffa sin lillebror, som heter Jimmy. Thibaut \u00f6vertalar honom att donera benm\u00e4rg. De tv\u00e5 br\u00f6derna har v\u00e4xt upp under helt olika f\u00f6rh\u00e5llanden. Jimmy arbetar i k\u00f6ket p\u00e5 en fabrik som \u00e4r nedl\u00e4ggningshotad i en stad d\u00e4r en majoritet \u00e4r industriarbetare och m\u00e5nga hotas av arbetsl\u00f6shet. Jimmys uppv\u00e4xt har varit helt annorlunda \u00e4n Thibauts uppv\u00e4xt i ett v\u00e4lb\u00e4rgat hem med stort intresse f\u00f6r kultur av olika slag och d\u00e4r Thibaut fick en gedigen utbildning inom musik.<\/p>\n<p>Det \u00e4r tankev\u00e4ckande ber\u00e4ttelse som visar hur olika liv m\u00e4nniskor lever. Filmen \u00e4r som s\u00e5 m\u00e5nga franska filmer rollbesatt av duktiga sk\u00e5despelare som \u00e4r helt naturliga i sina rolltolkningar. Benjamin Lavernhe \u00e4r helt r\u00e4tt i rollen som Thibaut Desormeaux och Pierre Lottin \u00e4r oerh\u00f6rt \u00e4kta som Jimmy Lecocq.<\/p>\n<p>Min ov\u00e4ntade bror \u00e4r Emmanuel Courcols fj\u00e4rde film som regiss\u00f6r, och han har ocks\u00e5 skrivit manus tillsammans med sin hustru Ir\u00e8ne Muscari samt Oriane Bonduel och Marianne Tomersy. <\/p>\n<p><img loading=\"lazy\" decoding=\"async\" class=\"alignright size-medium wp-image-186119\" src=\"https:\/\/kulturbloggen.com\/wp-content\/uploads\/2025\/02\/unnamed-3-4.jpg\" alt=\"\" width=\"300\" height=\"200\" \/> Emmanuel Courcol, regiss\u00f6ren, s\u00e4ger om br\u00f6dernas relation i filmen:<br \/>\n&#8211; Thibaut kommer fr\u00e5n en v\u00e4rld d\u00e4r f\u00f6rstklassig kultur och utbildning \u00e4r naturligt, och g\u00e5r att er\u00f6vra om man \u00e4r ambiti\u00f6s och t\u00e4vlingsinriktad. Men n\u00e4r han s\u00e4ger till Jimmy att han ocks\u00e5 borde t\u00e4nka s\u00e5 blir det helt fel. Thibaut har goda avsikter, men han har f\u00e5tt en b\u00e4ttre start i livet, och om hans bror f\u00f6rs\u00f6ker komma ikapp honom och f\u00f6lja hans regler kan det g\u00e5 illa.<\/p>\n<p>Min ov\u00e4ntade bror \u00e4r nominerad till C\u00e9sarpriset f\u00f6r b\u00e4sta film, originalmanus, ljud samt klippning, och sk\u00e5despelartrion Benjamin Lavernhe, Pierre Lottin och Sarah Suco kan f\u00e5 varsin C\u00e9sar f\u00f6r sina insatser den 28 februari n\u00e4r priserna delas ut.<\/p>\n<p>Det \u00e4r en varm och unik film som skildrar kulturens m\u00e4ktiga kraft att f\u00f6rena m\u00e4nniskor. Ett stort, stort plus f\u00f6r att den bryter mot den s\u00e5 dominerande film-dramaturgin. Min ov\u00e4ntade bror bygger inte p\u00e5 att det \u00e4r en stor konflikt som ska l\u00f6sas med en biljakt eller ett stort krigsslag i slutet och det handlar inte heller om att en Rocky-figur ska vinna h\u00f6gsta priset. En film om livet och musiken.<\/p>\n<p><iframe loading=\"lazy\" width=\"560\" height=\"315\" src=\"https:\/\/www.youtube.com\/embed\/MGVRkQ6P-F8?si=dWZr8qhn0nLFRTNk\" title=\"YouTube video player\" frameborder=\"0\" allow=\"accelerometer; autoplay; clipboard-write; encrypted-media; gyroscope; picture-in-picture; web-share\" referrerpolicy=\"strict-origin-when-cross-origin\" allowfullscreen><\/iframe><\/p>\n","protected":false},"excerpt":{"rendered":"<p>Min ov\u00e4ntade bror Betyg 4 Svensk biopremi\u00e4r 28 februari 2025 Regi Emmanuel Courcol En av de vackraste hyllningarna till musik jag sett. En varm hyllning till kulturens kraft att f\u00f6rena m\u00e4nniskor. Det \u00e4r s\u00e5 befriande med en film som l\u00e5ter ber\u00e4ttelsen ta den tid den beh\u00f6ver och att det inte beh\u00f6ver vara action och full [&hellip;]<\/p>\n","protected":false},"author":2,"featured_media":191169,"comment_status":"closed","ping_status":"closed","sticky":false,"template":"","format":"standard","meta":{"_genesis_hide_title":false,"_genesis_hide_breadcrumbs":false,"_genesis_hide_singular_image":false,"_genesis_hide_footer_widgets":false,"_genesis_custom_body_class":"","_genesis_custom_post_class":"","_genesis_layout":"","footnotes":""},"categories":[50,51,16,20,13624],"tags":[],"class_list":{"0":"post-191164","1":"post","2":"type-post","3":"status-publish","4":"format-standard","5":"has-post-thumbnail","7":"category-filmfilm","8":"category-filmer","9":"category-recension","10":"category-film","11":"category-toppnytt","12":"entry"},"_links":{"self":[{"href":"https:\/\/kulturbloggen.com\/index.php?rest_route=\/wp\/v2\/posts\/191164","targetHints":{"allow":["GET"]}}],"collection":[{"href":"https:\/\/kulturbloggen.com\/index.php?rest_route=\/wp\/v2\/posts"}],"about":[{"href":"https:\/\/kulturbloggen.com\/index.php?rest_route=\/wp\/v2\/types\/post"}],"author":[{"embeddable":true,"href":"https:\/\/kulturbloggen.com\/index.php?rest_route=\/wp\/v2\/users\/2"}],"replies":[{"embeddable":true,"href":"https:\/\/kulturbloggen.com\/index.php?rest_route=%2Fwp%2Fv2%2Fcomments&post=191164"}],"version-history":[{"count":24,"href":"https:\/\/kulturbloggen.com\/index.php?rest_route=\/wp\/v2\/posts\/191164\/revisions"}],"predecessor-version":[{"id":195405,"href":"https:\/\/kulturbloggen.com\/index.php?rest_route=\/wp\/v2\/posts\/191164\/revisions\/195405"}],"wp:featuredmedia":[{"embeddable":true,"href":"https:\/\/kulturbloggen.com\/index.php?rest_route=\/wp\/v2\/media\/191169"}],"wp:attachment":[{"href":"https:\/\/kulturbloggen.com\/index.php?rest_route=%2Fwp%2Fv2%2Fmedia&parent=191164"}],"wp:term":[{"taxonomy":"category","embeddable":true,"href":"https:\/\/kulturbloggen.com\/index.php?rest_route=%2Fwp%2Fv2%2Fcategories&post=191164"},{"taxonomy":"post_tag","embeddable":true,"href":"https:\/\/kulturbloggen.com\/index.php?rest_route=%2Fwp%2Fv2%2Ftags&post=191164"}],"curies":[{"name":"wp","href":"https:\/\/api.w.org\/{rel}","templated":true}]}}