{"id":19015,"date":"2010-03-28T13:48:01","date_gmt":"2010-03-28T12:48:01","guid":{"rendered":"http:\/\/kulturbloggen.com\/?p=19015"},"modified":"2010-03-28T13:48:01","modified_gmt":"2010-03-28T12:48:01","slug":"lanklistan-hos-klambergs-inlagg-dubbelt-sa-lang-som-inlagget","status":"publish","type":"post","link":"https:\/\/kulturbloggen.com\/?p=19015","title":{"rendered":"L\u00e4nklistan i Klambergs inl\u00e4gg dubbelt s\u00e5 l\u00e5ng som inl\u00e4gget"},"content":{"rendered":"<p><a href=\"http:\/\/kulturbloggen.com\/wp-content\/uploads\/2010\/03\/markklamberg.jpg\"><img loading=\"lazy\" decoding=\"async\" src=\"http:\/\/kulturbloggen.com\/wp-content\/uploads\/2010\/03\/markklamberg-300x225.jpg\" alt=\"\" title=\"markklamberg\" width=\"300\" height=\"225\" class=\"aligncenter size-medium wp-image-19016\" \/><\/a><br \/>\nMark Klamberg \u00e4r en bloggare jag har respekt f\u00f6r. Han \u00e4r kunnig inom juridik och jag l\u00e4ser ofta hans inl\u00e4gg med intresse.<br \/>\nMen inf\u00f6r valet 2010 st\u00e5r vi p\u00e5 varsin sida. Han vill ha kvar den h\u00f6gerregering som tagit upp sjukpeng f\u00f6r de m\u00e4nniskor som varit sjuka l\u00e4nge och som inf\u00f6rt FRA-lagen och ipredlagen och som i tre \u00e5r l\u00e5tit pension\u00e4rer ha h\u00f6gre skatt \u00e4n andra.<\/p>\n<p>Men det \u00e4r inte detta jag t\u00e4nker diskutera nu &#8211; utan det d\u00e4r med att l\u00e4nka till andra.<br \/>\nL\u00e4nkar \u00e4r blodomloppet i Internet, utan l\u00e4nkar blir webben meningsl\u00f6s.<\/p>\n<p>Bloggar och hemsidor rankas ofta utifr\u00e5n hur m\u00e5nga som l\u00e4nkar till dem och vilket ranking de l\u00e4nkande sajterna har p\u00e5verkar ocks\u00e5.<\/p>\n<p>Av och till har jag sett att en del bloggar l\u00e4nkar till en m\u00e4ngd andra bloggar, bara f\u00f6r att dessa bloggar st\u00e5r p\u00e5 samma sida som de sj\u00e4lva inom politiken. De anv\u00e4nder l\u00e4nkandet enbart f\u00f6r att h\u00f6ja varandras politiska status och ranking p\u00e5 webben, inte f\u00f6r att bloggen n\u00f6dv\u00e4ndigtvis har tillf\u00f6rt n\u00e5got i fr\u00e5gan eller \u00e4mnet.<\/p>\n<p>Jag funderar p\u00e5 om s\u00e5dant okynnesl\u00e4nkande kommer att straffa sig i l\u00e4ngden? Kommer bloggportaler att forts\u00e4tta sluka detta l\u00e4nkade som det mest avg\u00f6rande f\u00f6r huruvida en blogg ska rankas h\u00f6gt?<br \/>\n<a href=\"http:\/\/klamberg.blogspot.com\/2010\/03\/tredje-skattesankningen-for-pensionarer.html\"><br \/>\nH\u00e4r ett exempel, just hos Klamberg<\/a> (som inte alls ska betraktas som den v\u00e4rsta n\u00e4r det g\u00e4ller detta politiska l\u00e4nkandet).<\/p>\n<p>L\u00e4nkraden \u00e4r dubbelt s\u00e5 l\u00e5ng som sj\u00e4lva inl\u00e4gget.<\/p>\n<p><a href=\"http:\/\/knuff.se\/\">Hur l\u00e4nge kommer Knuff-Johan<\/a> att forts\u00e4tta ranka bloggare efter kamratl\u00e4nkande? Hur l\u00e4nge kommer Aftonbladets bloggportal att sluka detta l\u00e4nkande med hull och h\u00e5r?<\/p>\n<p>Det finns andra s\u00e4tt att ranka bloggars betydelse: antalet kommentar, relevans och kvalitet i inl\u00e4ggen. Kanske bloggar som har eget material emellan\u00e5t skulle kunna t\u00e4nkas ha en viss kvalitet? Eller \u00e4r det mer kvalitet att alltid bygga sina inl\u00e4gg kring artiklar hos traditionella medier?<\/p>\n<p>Dessa fr\u00e5gor har inte med Klambergs inl\u00e4gg att g\u00f6ra: i mina \u00f6gon \u00e4r hans blogg av h\u00f6g kvalitet, han har stort kunnande och framf\u00f6r sina tankar utifr\u00e5n sin erfarenhet. Jag tog bara detta inl\u00e4gg hos honom som ett exempel p\u00e5 n\u00e5got som v\u00e4xer fram just nu bland politiska bloggar och som jag \u00e4r lite kritisk och fr\u00e5gande till. I vilket fall tycker jag det \u00e4r v\u00e4rt att fundera kring och v\u00e4rt att lyfta fr\u00e5gan.<\/p>\n<p>L\u00e4s \u00e4ven andra bloggares \u00e5sikter om <a href=\"http:\/\/bloggar.se\/om\/l%E4nkar\" rel=\"tag\">l\u00e4nkar<\/a>, <a href=\"http:\/\/bloggar.se\/om\/Knuff\" rel=\"tag\">Knuff<\/a>, <a href=\"http:\/\/bloggar.se\/om\/Klamberg\" rel=\"tag\">Klamberg<\/a><\/p>\n","protected":false},"excerpt":{"rendered":"<p>Mark Klamberg \u00e4r en bloggare jag har respekt f\u00f6r. Han \u00e4r kunnig inom juridik och jag l\u00e4ser ofta hans inl\u00e4gg med intresse. Men inf\u00f6r valet 2010 st\u00e5r vi p\u00e5 varsin sida. Han vill ha kvar den h\u00f6gerregering som tagit upp sjukpeng f\u00f6r de m\u00e4nniskor som varit sjuka l\u00e4nge och som inf\u00f6rt FRA-lagen och ipredlagen och [&hellip;]<\/p>\n","protected":false},"author":2,"featured_media":0,"comment_status":"open","ping_status":"open","sticky":false,"template":"","format":"standard","meta":{"_genesis_hide_title":false,"_genesis_hide_breadcrumbs":false,"_genesis_hide_singular_image":false,"_genesis_hide_footer_widgets":false,"_genesis_custom_body_class":"","_genesis_custom_post_class":"","_genesis_layout":"","footnotes":""},"categories":[20],"tags":[2971,3402],"class_list":{"0":"post-19015","1":"post","2":"type-post","3":"status-publish","4":"format-standard","6":"category-film","7":"tag-knuff","8":"tag-lankar","9":"entry"},"_links":{"self":[{"href":"https:\/\/kulturbloggen.com\/index.php?rest_route=\/wp\/v2\/posts\/19015","targetHints":{"allow":["GET"]}}],"collection":[{"href":"https:\/\/kulturbloggen.com\/index.php?rest_route=\/wp\/v2\/posts"}],"about":[{"href":"https:\/\/kulturbloggen.com\/index.php?rest_route=\/wp\/v2\/types\/post"}],"author":[{"embeddable":true,"href":"https:\/\/kulturbloggen.com\/index.php?rest_route=\/wp\/v2\/users\/2"}],"replies":[{"embeddable":true,"href":"https:\/\/kulturbloggen.com\/index.php?rest_route=%2Fwp%2Fv2%2Fcomments&post=19015"}],"version-history":[{"count":0,"href":"https:\/\/kulturbloggen.com\/index.php?rest_route=\/wp\/v2\/posts\/19015\/revisions"}],"wp:attachment":[{"href":"https:\/\/kulturbloggen.com\/index.php?rest_route=%2Fwp%2Fv2%2Fmedia&parent=19015"}],"wp:term":[{"taxonomy":"category","embeddable":true,"href":"https:\/\/kulturbloggen.com\/index.php?rest_route=%2Fwp%2Fv2%2Fcategories&post=19015"},{"taxonomy":"post_tag","embeddable":true,"href":"https:\/\/kulturbloggen.com\/index.php?rest_route=%2Fwp%2Fv2%2Ftags&post=19015"}],"curies":[{"name":"wp","href":"https:\/\/api.w.org\/{rel}","templated":true}]}}