{"id":18997,"date":"2010-03-28T06:54:52","date_gmt":"2010-03-28T05:54:52","guid":{"rendered":"http:\/\/kulturbloggen.com\/?p=18997"},"modified":"2010-03-28T06:54:52","modified_gmt":"2010-03-28T05:54:52","slug":"dn-lanserar-korsordstidning-och-rustar-ned-kulturredaktionen","status":"publish","type":"post","link":"https:\/\/kulturbloggen.com\/?p=18997","title":{"rendered":"DN lanserar korsordstidning och rustar ned kulturredaktionen"},"content":{"rendered":"<p><a href=\"http:\/\/kulturbloggen.com\/wp-content\/uploads\/2010\/03\/dn_korsord.jpg\"><img loading=\"lazy\" decoding=\"async\" class=\"aligncenter size-medium wp-image-19000\" title=\"dn_korsord\" src=\"http:\/\/kulturbloggen.com\/wp-content\/uploads\/2010\/03\/dn_korsord-225x300.jpg\" alt=\"\" width=\"225\" height=\"300\" \/><\/a><br \/>\nDet talas om att traditionella medier m\u00e5ste hitta s\u00e4tt att f\u00e5 betalt f\u00f6r det redaktionella arbetet. Att god journalistik kostar.<br \/>\nJag h\u00e5ller med. Journalister av olika slag m\u00e5ste kunna k\u00f6pa mat, betala hyra och dagisavgifter, som alla andra. Vill vi ha bra inneh\u00e5ll kr\u00e4ver det att vi som \u00e4r kunder kan betala n\u00e5got.<br \/>\nEller s\u00e5 s\u00e4ljer redaktionernas annonsavdelningar reklamutrymme och f\u00e5r inkomster till medief\u00f6retaget den v\u00e4gen. Och vi som \u00e4r kunder betalar genom att l\u00e5ta oss bli exponerade f\u00f6r reklam och annonser.<\/p>\n<p>Traditionella medier \u00e4r alltid snabba p\u00e5 att publicera artiklar som s\u00e4ger att <a href=\"http:\/\/www.expressen.se\/1.1931671\">bloggar \u00e4r skr\u00e4p<\/a>. Men hur st\u00e4ller i s\u00e5 fall traditionella medier upp genom att st\u00e5 f\u00f6r n\u00e5got annat? P\u00e5 vilket s\u00e4tt st\u00e5r d\u00e5 de stora som DN och Expressen f\u00f6r n\u00e5got med h\u00f6gre kvalitet?<\/p>\n<p>Dagens exempel \u00e4r Dagens Nyheters korsordsbilaga som lanseras idag. Det \u00e4r tydligen den v\u00e4g DN v\u00e4ljer att vandra: l\u00e4gga resurser p\u00e5 att skapa korsord och rusta ned kulturredaktionen.<\/p>\n<p>Inte f\u00f6r att korsord \u00e4r skr\u00e4p. Men n\u00e5got exempel p\u00e5 kvalitetsjournalistik \u00e4r det dock inte. Inte heller f\u00f6rst\u00e5r jag varf\u00f6r DN v\u00e4ljer att satsa resurser <a href=\"http:\/\/www.dn.se\/blogg\/sminkbloggen\/2010\/03\/26\/klassisk-catwalklook-a-la-jean-pierre-barda-6771\">p\u00e5 en sminkblogg<\/a>. Det finns ju redan s\u00e5dana, Varf\u00f6r ska DN vara copycat och kopiera bloggar  kan inte DN ist\u00e4llet utveckla och st\u00e5 f\u00f6r det som just de \u00e4r bra p\u00e5 och skulle kunna ha resurser till?<br \/>\nDet \u00e4r uppenbart att vad som regerar och styr redaktionsledningens beslut \u00e4r klickjournalistiken: skapa s\u00e5 m\u00e5nga klick som m\u00f6jligt p\u00e5 sajten, oavsett kvaliteten p\u00e5 inneh\u00e5llet.<\/p>\n<p>I samband med det vidriga som h\u00e4nt i Bj\u00e4sta d\u00e4r en 14-\u00e5rig flicka blev v\u00e5ldtagen och sedan utfrusen av ett samh\u00e4lle, skriver SVD Perspektiv att <a href=\"http:\/\/www.svd.se\/nyheter\/inrikes\/farligt-skilja-natet-fran-verkligheten_4490849.svd\">det \u00e4r farligt att skilja p\u00e5 n\u00e4tet och verkligheten.<\/a> N\u00e4r ungdomar eller f\u00f6r den delen vuxna ocks\u00e5, mobbar n\u00e5gon p\u00e5 n\u00e4tet \u00e4r det lika grymt som att mobba ansikte mot ansikte. N\u00e4r vi g\u00f6r n\u00e5got p\u00e5 n\u00e4tet \u00e4r vi samma m\u00e4nniska som n\u00e4r vi g\u00f6r det n\u00e5gon annanstans.<br \/>\nDet \u00e4r sj\u00e4lvklart, Om jag pratar i telefon \u00e4r jag samma person som om jag inte pratar i telefon.<br \/>\nDet \u00e4r p\u00e5 tiden att den konstiga synen p\u00e5 n\u00e4tet som n\u00e5got \u00e5tskilt fr\u00e5n \u00f6vriga livet och samh\u00e4llet f\u00f6rsvinner. N\u00e4tet \u00e4r ett kommunikationsmedel och vi \u00e4r samma m\u00e4nniska oavsett om vi kommunicerat med telefon eller dator eller framf\u00f6r \u00f6gonen p\u00e5 varandra.<\/p>\n<p>P\u00e5 samma s\u00e4tt b\u00f6r medier se n\u00e4tet som en del i deras verktyg f\u00f6r deras journalistiska uppdrag. Medier m\u00e5ste anv\u00e4nda n\u00e4tet p\u00e5 r\u00e4tt s\u00e4tt. D\u00e5 \u00e4r det till exempel en total \u00e5terv\u00e4ndsgr\u00e4nd att l\u00e5sa in inneh\u00e5ll genom att ta betalt f\u00f6r att visa en del, <a href=\" http:\/\/kulturbloggen.com\/?p=18939\">som UNT och The Times f\u00f6rs\u00f6ker<\/a>. Det inneh\u00e5llet kommer inte att bli l\u00e4nkat till och det \u00e4r som att st\u00e4nga av en del av kroppen fr\u00e5n blodomloppet. L\u00e4nkar \u00e4r Internets blodomlopp.<\/p>\n<p>Medier m\u00e5ste antingen tro p\u00e5 sig sj\u00e4lva, tro p\u00e5 att de har resurser att skapa bra inneh\u00e5ll. Och f\u00f6rs\u00f6ka f\u00e5 inkomster p\u00e5 grund av att de har inneh\u00e5ll som n\u00e5gon vill betala f\u00f6r, antingen prenumeranter eller annons\u00f6rer.  Eller s\u00e5 forts\u00e4tter de den utarmning av journalistiken som de flesta st\u00f6rre redaktioner redan nu \u00e4gnar sig \u00e5t.<\/p>\n<p>Ett annat d\u00e5ligt exempel p\u00e5 hur de stora redaktionerna g\u00e5r vidare i skr\u00e4psp\u00e5ret \u00e4r hur Aftonbladet v\u00e4ljer att s\u00e4lja polisf\u00f6rh\u00f6r vidare. <a href=\"http:\/\/www.dagensmedia.se\/nyheter\/print\/article137478.ece\">Dagens media ber\u00e4ttar<\/a>:<\/p>\n<p><!-- RECOMMEND BOX --> <!-- \/RECOMMEND BOX --><\/p>\n<h1>Aftonbladets nya aff\u00e4rsid\u00e9 \u2013 s\u00e4lja polisf\u00f6rh\u00f6r<\/h1>\n<p>Publicerad 26 mars 2010 17:53      <a href=\"http:\/\/www.dagensmedia.se\/nyheter\/print\/article137478.ece#comments\">18 kommentarer<\/a><br \/>\n<a title=\"senaste kommentaren\" href=\"http:\/\/www.dagensmedia.se\/nyheter\/print\/article137478.ece#latest-comment\">Senaste<\/a> av Torsken\u00a0ig\u00e5r, 19:01<\/p>\n<p>F\u00f6r 3 kronor s\u00e4ljer Aftonbladet hela f\u00f6rh\u00f6ret med Mats  Alm. Tidningens  chefredakt\u00f6r Jan Helin ber\u00e4ttar varf\u00f6r.<\/p>\n<div>\n<div>\n<h2>Verktyg<\/h2>\n<ul>\n<li><a href=\"http:\/\/www.dagensmedia.se\/nyheter\/print\/article137478.ece#\">Tipsa<\/a><\/li>\n<li><a href=\"http:\/\/www.dagensmedia.se\/nyheter\/print\/article137478.ece#\">Skriv ut<\/a><\/li>\n<li><a href=\"http:\/\/www.dagensmedia.se\/nyheter\/print\/article137478.ece#\">St\u00f6rre text<\/a><\/li>\n<\/ul>\n<ul>\n<li><a title=\"Dela p\u00e5 Digg\" href=\"http:\/\/digg.com\/submit?url=http:\/\/www.dagensmedia.se\/nyheter\/print\/article137478.ece&amp;title=Aftonbladets%2Bnya%2Baff%C3%A4rsid%C3%A9%2B%E2%80%93%2Bs%C3%A4lja%2Bpolisf%C3%B6rh%C3%B6r\" target=\"_blank\">Digg<\/a><\/li>\n<li><a title=\"Dela p\u00e5 Del.icio.us\" href=\"http:\/\/delicious.com\/save?url=http:\/\/www.dagensmedia.se\/nyheter\/print\/article137478.ece&amp;title=Aftonbladets%2Bnya%2Baff%C3%A4rsid%C3%A9%2B%E2%80%93%2Bs%C3%A4lja%2Bpolisf%C3%B6rh%C3%B6r&amp;v=4&amp;noui=&amp;jump=close&amp;\" target=\"_blank\">Del.icio.us<\/a><\/li>\n<li><a title=\"Dela p\u00e5 Facebook\" href=\"http:\/\/www.facebook.com\/sharer.php?u=http:\/\/www.dagensmedia.se\/nyheter\/print\/article137478.ece&amp;t=Aftonbladets%2Bnya%2Baff%C3%A4rsid%C3%A9%2B%E2%80%93%2Bs%C3%A4lja%2Bpolisf%C3%B6rh%C3%B6r\" target=\"_blank\">Facebook<\/a><\/li>\n<li><a title=\"Dela p\u00e5 Twitter\" href=\"http:\/\/twitter.com\/home?status=http:\/\/www.dagensmedia.se\/nyheter\/print\/article137478.ece\" target=\"_blank\">Twitter<\/a><\/li>\n<\/ul>\n<\/div>\n<\/div>\n<blockquote><p>I jakten p\u00e5 nya int\u00e4kter bryter Aftonbladet ny mark. Under  vinjetten \u201dDagens b\u00e4sta merl\u00e4sning\u201d p\u00e5 Aftonbladets f\u00f6rstasida erbjuds  l\u00e4saren att <a href=\"http:\/\/www.aftonbladet.se\/nyheter\/article6828859.ab\">k\u00f6pa  en kopia av polisens f\u00f6rh\u00f6r<\/a> med Mats Alm.<\/p>\n<p>Betalar man 3  kronor f\u00e5r man ladda ned ett 46-sidigt f\u00f6rh\u00f6r med den misst\u00e4nkte  m\u00f6rdaren i ett av Sveriges just nu mest uppm\u00e4rksammade r\u00e4ttsfall.  Dokumentet kommer fr\u00e5n den omfattande f\u00f6runders\u00f6kning som nyligen blev  offentlig i och med att \u00e5tal v\u00e4cktes.<\/p><\/blockquote>\n<p>Det \u00e4r d\u00e5ligt ur flera aspekter. Hur blir det med r\u00e4tts\u00e4kerheten n\u00e4r m\u00e4nniskor som varit i polisf\u00f6rh\u00f6r riskerar att f\u00e5 detta uth\u00e4ngt f\u00f6r en stor l\u00e4sarkrets? Att ha varit i polisf\u00f6rh\u00f6r \u00e4r inte samma sak som att vara d\u00f6md. Aftonbladet tangerar gr\u00e4nsen f\u00f6r att g\u00f6ra samma sak som Ask med de gredelina kuverten.<br \/>\nDet \u00e4r en osmaklig v\u00e4g Aftonbladet v\u00e4ljer att snaska p\u00e5.<\/p>\n<p>Varf\u00f6r \u00e4r det s\u00e5 sv\u00e5rt f\u00f6r de stora redaktionerna att f\u00f6rs\u00f6ka sig p\u00e5 det som bara de har muskler f\u00f6r att skapa: uth\u00e5llig bra journalistik?<\/p>\n<p>Relaterat: <a href=\"http:\/\/resume.se\/nyheter\/2010\/03\/26\/det-har-kanns-inte-bra\/\">Resum\u00e9 om Aftonbladets f\u00f6rs\u00e4ljning av polisf\u00f6rh\u00f6r.<\/a><br \/>\nOch <a href=\"http:\/\/www.dn.se\/kultur-noje\/premiar-for-dn-korsord-1.1069548\">Dagens Nyheter om sin korsordssatsning.<\/a><\/p>\n<p>L\u00e4s \u00e4ven andra bloggares \u00e5sikter om <a href=\"http:\/\/bloggar.se\/om\/medier\" rel=\"tag\">medier<\/a>, <a href=\"http:\/\/bloggar.se\/om\/journalistik\" rel=\"tag\">journalistik<\/a>, <a href=\"http:\/\/bloggar.se\/om\/korsord\" rel=\"tag\">korsord<\/a>, <a href=\"http:\/\/bloggar.se\/om\/Dagens+Nyheter\" rel=\"tag\">Dagens Nyheter<\/a>, <a href=\"http:\/\/bloggar.se\/om\/polisf%F6rh%F6r\" rel=\"tag\">polisf\u00f6rh\u00f6r<\/a>, <a href=\"http:\/\/bloggar.se\/om\/ekonomi\" rel=\"tag\">ekonomi<\/a><\/p>\n","protected":false},"excerpt":{"rendered":"<p>Det talas om att traditionella medier m\u00e5ste hitta s\u00e4tt att f\u00e5 betalt f\u00f6r det redaktionella arbetet. Att god journalistik kostar. Jag h\u00e5ller med. Journalister av olika slag m\u00e5ste kunna k\u00f6pa mat, betala hyra och dagisavgifter, som alla andra. Vill vi ha bra inneh\u00e5ll kr\u00e4ver det att vi som \u00e4r kunder kan betala n\u00e5got. Eller s\u00e5 [&hellip;]<\/p>\n","protected":false},"author":2,"featured_media":0,"comment_status":"open","ping_status":"open","sticky":false,"template":"","format":"standard","meta":{"_genesis_hide_title":false,"_genesis_hide_breadcrumbs":false,"_genesis_hide_singular_image":false,"_genesis_hide_footer_widgets":false,"_genesis_custom_body_class":"","_genesis_custom_post_class":"","_genesis_layout":"","footnotes":""},"categories":[62],"tags":[2765,3582],"class_list":{"0":"post-18997","1":"post","2":"type-post","3":"status-publish","4":"format-standard","6":"category-medie-och-kulturpolitik","7":"tag-journalistik","8":"tag-medier","9":"entry"},"_links":{"self":[{"href":"https:\/\/kulturbloggen.com\/index.php?rest_route=\/wp\/v2\/posts\/18997","targetHints":{"allow":["GET"]}}],"collection":[{"href":"https:\/\/kulturbloggen.com\/index.php?rest_route=\/wp\/v2\/posts"}],"about":[{"href":"https:\/\/kulturbloggen.com\/index.php?rest_route=\/wp\/v2\/types\/post"}],"author":[{"embeddable":true,"href":"https:\/\/kulturbloggen.com\/index.php?rest_route=\/wp\/v2\/users\/2"}],"replies":[{"embeddable":true,"href":"https:\/\/kulturbloggen.com\/index.php?rest_route=%2Fwp%2Fv2%2Fcomments&post=18997"}],"version-history":[{"count":0,"href":"https:\/\/kulturbloggen.com\/index.php?rest_route=\/wp\/v2\/posts\/18997\/revisions"}],"wp:attachment":[{"href":"https:\/\/kulturbloggen.com\/index.php?rest_route=%2Fwp%2Fv2%2Fmedia&parent=18997"}],"wp:term":[{"taxonomy":"category","embeddable":true,"href":"https:\/\/kulturbloggen.com\/index.php?rest_route=%2Fwp%2Fv2%2Fcategories&post=18997"},{"taxonomy":"post_tag","embeddable":true,"href":"https:\/\/kulturbloggen.com\/index.php?rest_route=%2Fwp%2Fv2%2Ftags&post=18997"}],"curies":[{"name":"wp","href":"https:\/\/api.w.org\/{rel}","templated":true}]}}