{"id":189926,"date":"2025-01-24T09:57:23","date_gmt":"2025-01-24T08:57:23","guid":{"rendered":"https:\/\/kulturbloggen.com\/?p=189926"},"modified":"2025-01-24T09:57:24","modified_gmt":"2025-01-24T08:57:24","slug":"filmutredningen-ska-undersoka-hur-illegal-ip-tv-kan-motverkas","status":"publish","type":"post","link":"https:\/\/kulturbloggen.com\/?p=189926","title":{"rendered":"Filmutredningen ska unders\u00f6ka hur illegal ip-tv kan motverkas"},"content":{"rendered":"<p><img loading=\"lazy\" decoding=\"async\" class=\"aligncenter size-full wp-image-186912\" src=\"https:\/\/kulturbloggen.com\/wp-content\/uploads\/2025\/01\/tv-set-4308538_1280.jpg\" alt=\"\" width=\"650\" height=\"340\" \/> <\/p>\n<p>Regeringen tillsatte i b\u00f6rjan av 2024 en utredning med uppdrag att g\u00f6ra en \u00f6versyn av den nationella filmpolitiken. Regeringen har nu beslutat om ett till\u00e4ggsdirektiv till den p\u00e5g\u00e5ende utredningen. Utredningen f\u00e5r nu i uppdrag att unders\u00f6ka hur illegal ip-tv kan motverkas. Ett pressmeddelande ber\u00e4ttar:<\/p>\n<p>Filmomr\u00e5det har p\u00e5verkats starkt av det senaste decenniets snabba tekniska utveckling och samh\u00e4llsomvandling. Den tekniska utvecklingen har f\u00f6r\u00e4ndrat b\u00e5de f\u00f6ruts\u00e4ttningarna f\u00f6r att g\u00f6ra film och p\u00e5verkat publikens beteendem\u00f6nster i grunden. Ip-tv \u00e4r en del av den utvecklingen. <\/p>\n<p>\u2013 Illegal ip-tv inneb\u00e4r rent konkret att akt\u00f6rer stj\u00e4l tillg\u00e5ng till bland annat filmer och serier utan att betala f\u00f6r vare sig s\u00e4ndningsr\u00e4tt, upphovsr\u00e4tt eller varum\u00e4rkesr\u00e4tt. Det f\u00e5r negativa konsekvenser f\u00f6r s\u00e5v\u00e4l film- och tv-branschen som den enskilda upphovsmannen. Vi vill d\u00e4rf\u00f6r att Filmutredningen tittar n\u00e4rmare p\u00e5 hur vi kan komma till r\u00e4tta med det h\u00e4r problemet, s\u00e4ger kulturminister Parisa Liljestrand.<\/p>\n<p>\u2013 Inom idrottsomr\u00e5det har illegala str\u00f6mningstj\u00e4nster blivit ett stort problem. Det \u00e4r frestande f\u00f6r m\u00e5nga att betala f\u00f6r abonnemang som har ett pris l\u00e5ngt under marknadspriset i st\u00e4llet f\u00f6r att betala fullt pris. Det m\u00e5nga inte t\u00e4nker p\u00e5 \u00e4r hur det skadar idrottsr\u00f6relsen d\u00e5 det leder till inkomstbortfall f\u00f6r f\u00f6rbund och f\u00f6reningar. Utredningens arbete kan bidra till att motverka detta, s\u00e4ger Jakob Forssmed, socialminister med ansvar f\u00f6r idrottsfr\u00e5gor. <\/p>\n<p>Till\u00e4ggsdirektivet inneb\u00e4r att utredaren f\u00e5r i uppdrag att beskriva hur inneh\u00e5llet i ip-tv som tillhandah\u00e5lls utan tillst\u00e5nd fr\u00e5n ber\u00f6rda r\u00e4ttighetshavare g\u00f6rs \u00e5tkomligt och distribueras och att analysera hur s\u00e5dan ip-tv p\u00e5verkar den svenska film- och tv-branschen. Utredaren ska ocks\u00e5 analysera behovet av och f\u00f6ruts\u00e4ttningarna f\u00f6r ett f\u00f6rbud f\u00f6r privatpersoner att ta emot s\u00e5dan ip-tv och f\u00f6resl\u00e5 hur ett f\u00f6rbud b\u00f6r utformas, samt vid behov f\u00f6resl\u00e5 andra \u00e5tg\u00e4rder f\u00f6r att motverka distributionen.<\/p>\n<p>Utredaren ska ha en dialog med och h\u00e4mta in upplysningar fr\u00e5n ber\u00f6rda akt\u00f6rer och r\u00e4ttighetshavare inom film- och tv-branschen och andra s\u00e4rskilt ber\u00f6rda r\u00e4ttighetshavare.<\/p>\n<p>Eva Bergquist forts\u00e4tter som s\u00e4rskild utredare. Uppdraget ska redovisas senast den 30 september 2025. Ett delbet\u00e4nkande som avser de ursprungliga delarna i direktiven ska l\u00e4mnas senast den 28 februari 2025. <\/p>\n<p>Fakta: Filmutredningen<\/p>\n<p>Filmutredningen tillsattes i januari 2024. Utredningen ska bland annat analysera den snabba teknikutvecklingen, nya publikbeteenden och konsumtionsm\u00f6nster, ekonomiska f\u00f6ruts\u00e4ttningar inom branschens olika led samt samspelet mellan olika offentliga insatser. Uppdraget innefattar \u00e4ven att analysera hur filmpolitiken \u00e4r utformad i andra l\u00e4nder och vilka l\u00e4rdomar som kan dras av det.<\/p>\n<p>Utifr\u00e5n den analys som g\u00f6rs ska utredningen bland annat l\u00e4mna f\u00f6rslag om:<\/p>\n<p>&#8211; hur de nationella filmpolitiska m\u00e5len ska formuleras<br \/>\n&#8211; hur de statliga filmst\u00f6den hos Svenska Filminstitutet, Konstn\u00e4rsn\u00e4mnden och Tillv\u00e4xtverket ska vara utformade<br \/>\n&#8211; hur filmarvet b\u00e4ttre kan bevaras och g\u00f6ras tillg\u00e4ngligt i framtiden, bland annat genom fortsatt digitalisering, samt<br \/>\n&#8211; nya former f\u00f6r parts- och branschsamverkan<\/p>\n","protected":false},"excerpt":{"rendered":"<p>Regeringen tillsatte i b\u00f6rjan av 2024 en utredning med uppdrag att g\u00f6ra en \u00f6versyn av den nationella filmpolitiken. Regeringen har nu beslutat om ett till\u00e4ggsdirektiv till den p\u00e5g\u00e5ende utredningen. Utredningen f\u00e5r nu i uppdrag att unders\u00f6ka hur illegal ip-tv kan motverkas. Ett pressmeddelande ber\u00e4ttar: Filmomr\u00e5det har p\u00e5verkats starkt av det senaste decenniets snabba tekniska utveckling [&hellip;]<\/p>\n","protected":false},"author":13,"featured_media":189930,"comment_status":"closed","ping_status":"closed","sticky":false,"template":"","format":"standard","meta":{"_genesis_hide_title":false,"_genesis_hide_breadcrumbs":false,"_genesis_hide_singular_image":false,"_genesis_hide_footer_widgets":false,"_genesis_custom_body_class":"","_genesis_custom_post_class":"","_genesis_layout":"","footnotes":""},"categories":[62,13624],"tags":[],"class_list":{"0":"post-189926","1":"post","2":"type-post","3":"status-publish","4":"format-standard","5":"has-post-thumbnail","7":"category-medie-och-kulturpolitik","8":"category-toppnytt","9":"entry"},"_links":{"self":[{"href":"https:\/\/kulturbloggen.com\/index.php?rest_route=\/wp\/v2\/posts\/189926","targetHints":{"allow":["GET"]}}],"collection":[{"href":"https:\/\/kulturbloggen.com\/index.php?rest_route=\/wp\/v2\/posts"}],"about":[{"href":"https:\/\/kulturbloggen.com\/index.php?rest_route=\/wp\/v2\/types\/post"}],"author":[{"embeddable":true,"href":"https:\/\/kulturbloggen.com\/index.php?rest_route=\/wp\/v2\/users\/13"}],"replies":[{"embeddable":true,"href":"https:\/\/kulturbloggen.com\/index.php?rest_route=%2Fwp%2Fv2%2Fcomments&post=189926"}],"version-history":[{"count":4,"href":"https:\/\/kulturbloggen.com\/index.php?rest_route=\/wp\/v2\/posts\/189926\/revisions"}],"predecessor-version":[{"id":189932,"href":"https:\/\/kulturbloggen.com\/index.php?rest_route=\/wp\/v2\/posts\/189926\/revisions\/189932"}],"wp:featuredmedia":[{"embeddable":true,"href":"https:\/\/kulturbloggen.com\/index.php?rest_route=\/wp\/v2\/media\/189930"}],"wp:attachment":[{"href":"https:\/\/kulturbloggen.com\/index.php?rest_route=%2Fwp%2Fv2%2Fmedia&parent=189926"}],"wp:term":[{"taxonomy":"category","embeddable":true,"href":"https:\/\/kulturbloggen.com\/index.php?rest_route=%2Fwp%2Fv2%2Fcategories&post=189926"},{"taxonomy":"post_tag","embeddable":true,"href":"https:\/\/kulturbloggen.com\/index.php?rest_route=%2Fwp%2Fv2%2Ftags&post=189926"}],"curies":[{"name":"wp","href":"https:\/\/api.w.org\/{rel}","templated":true}]}}