{"id":189903,"date":"2025-01-22T12:34:00","date_gmt":"2025-01-22T11:34:00","guid":{"rendered":"https:\/\/kulturbloggen.com\/?p=189903"},"modified":"2025-01-22T12:34:01","modified_gmt":"2025-01-22T11:34:01","slug":"mamma-mu-fyller-40-ar","status":"publish","type":"post","link":"https:\/\/kulturbloggen.com\/?p=189903","title":{"rendered":"Mamma Mu fyller 40 \u00e5r"},"content":{"rendered":"<p><img loading=\"lazy\" decoding=\"async\" class=\"aligncenter size-full wp-image-186912\" src=\"https:\/\/kulturbloggen.com\/wp-content\/uploads\/2025\/01\/unnamed-8-1.jpg\" alt=\"\" width=\"650\" height=\"340\" \/> <\/p>\n<p>Mamma Mu fyller 40 \u00e5r, ber\u00e4ttar ett pressmeddelande:<br \/>\nDet har g\u00e5tt 40 \u00e5r sedan Mamma Mu r\u00e5made i radio f\u00f6r f\u00f6rsta g\u00e5ngen. Resten \u00e4r en kraxig historia som har kantats av f\u00f6rs\u00e4ljningssucc\u00e9er, roliga visor och priser \u2013 och framf\u00f6r allt k\u00e4rlek till fantasin. Jubileet firas \u00e4ven med en ny pekbok: Kr\u00e5kans kl\u00e4der.<\/p>\n<p><em>Vi har f\u00e5tt en konstig ko<br \/>\nmed konstiga sm\u00e5 horn<br \/>\nN\u00e4r hon tror att ingen glor<br \/>\nsvarar hon i telefon<\/em><\/p>\n<p>S\u00e5 b\u00f6rjade framg\u00e5ngssagan Mamma Mu \u2013 med en s\u00e5ng. Det var d\u00e4r Mamma Mu och Kr\u00e5kan f\u00f6ddes. P\u00e5 vindlande v\u00e4gar fick barnvisans knasiga ko och kr\u00e5kan i Min lilla kr\u00e5ks\u00e5ng alltmer personlighet och blev slutligen en serie p\u00e5 sammanlagt hundra barnradioprogram. Radioserien, som byggde p\u00e5 s\u00e5ngerna, hade premi\u00e4r 1985. Jujja gestaltade Mamma Mus r\u00f6st, Tomas regisserade och musikern Anders \u00c5gren gjorde Kr\u00e5kans r\u00f6st. I en tid utan vare sig morgon-TV eller internet gav barnradion spridning \u00e5t karakt\u00e4rerna som snabbt blev mycket v\u00e4lk\u00e4nda.<\/p>\n<p>\u2013 Ber\u00e4ttelserna om Mamma Mu och Kr\u00e5kan \u00e4r ett relationsdrama, ett samspel mellan personligheter. Mamma Mu \u00e4r det nyfikna barnet som provar sig fram medan Kr\u00e5kan bromsar. Samtidigt \u00e4r han b\u00e5de kaxig och skrajsen. Det har varit viktigt att b\u00e5da har flera egenskaper, annars blir det tr\u00e5kigt, s\u00e4ger Jujja Wieslander.<\/p>\n<p>1990 blev Kr\u00e5kan och Mamma Mu \u00e5rets julkalender i radio, Sven Nordqvist ritade papperskalendern, som var en fantasiv\u00e4ckande bild p\u00e5 Kr\u00e5kans bo. H\u00e4r inleddes ett samarbete som str\u00e4cker sig till i dag. \u00c5ret d\u00e4rp\u00e5 kom den f\u00f6rsta boken Mamma Mu och Kr\u00e5kan, som f\u00f6ljdes av en l\u00e5ng rad bilderb\u00f6cker, pyssel- och pekb\u00f6cker samt flera skivor med s\u00e5nger om den knasiga kon och kraxiga kr\u00e5kan.<\/p>\n<p>\u2013 Vi hade ju en enorm m\u00e4ngd radiomanus, s\u00e5 det fanns material att \u00f6sa ur.<\/p>\n<p>1996 gick Tomas hastigt bort. Den sista boken han och Jujja skrev tillsammans var Mamma Mu st\u00e4dar. Han fick aldrig se den i tryck. Bokserien tog ett sju\u00e5rigt uppeh\u00e5ll men gjorde \u201dcomeback\u201d med Mamma Mu \u00e5ker rutschkana. Ytterligare \u00e5tta bilderb\u00f6cker har f\u00f6ljt sedan dess och vid det h\u00e4r laget har Mamma Mu-b\u00f6ckerna \u00f6versatts till \u00f6ver 30 spr\u00e5k.<\/p>\n<p>Lagom till 40-\u00e5rsjubileet kommer en ny pekbok: Kr\u00e5kans kl\u00e4der. I boken f\u00e5r l\u00e4saren f\u00f6lja med n\u00e4r Mamma Mu och Kr\u00e5kan provar kl\u00e4der. Kr\u00e5kan s\u00e4tter p\u00e5 sig en m\u00f6ssa, Mamma Mu njuter av vackra benv\u00e4rmare och en solhatt. Kr\u00e5kan testar sina tuffa solglas\u00f6gon och en keps. En underbar och lekfull bok med fantastiska bilder f\u00f6r de yngsta Mamma Mu-l\u00e4sarna. Mamma Mu och Kr\u00e5kan har inte riktigt samma smak, men de har roligt ihop!<\/p>\n<p>Om Jujja Wieslander f\u00e5r sammanfatta budskapet i b\u00f6ckerna s\u00e5 \u00e4r det hyllningen till leken.<\/p>\n<p>\u2013 Jag har en allvarlig syn p\u00e5 barns lek, de d\u00e4r kn\u00e4ppa och skapande lekarna d\u00e4r man omedvetet gestaltar tankar och h\u00e4ndelser. Allt detta hoppas jag att vi har f\u00f6rmedlat i b\u00f6ckerna. Jag brukar s\u00e4ga att barn har en egen l\u00e4roplan \u2013 och den \u00e4r underbar!<\/p>\n<p>Eller som Mamma Mu s\u00e4ger: Det viktigaste \u00e4r i alla fall att barnen f\u00e5r leka.<\/p>\n<p><strong>Om Jujja Wieslander &#038; Sven Nordqvist<\/strong><br \/>\nJujja Wieslander \u00e4r en av v\u00e5ra mest \u00e4lskade barnboksf\u00f6rfattare och har arbetat med ber\u00e4ttelser och s\u00e5nger f\u00f6r sm\u00e5 barn sedan 1970-talet. De mest k\u00e4nda figurerna \u00e4r Mamma Mu och Kr\u00e5kan, men hon har \u00e4ven skrivit m\u00e5nga b\u00f6cker om Vina Vina, Dagsp\u00f6ket, Lillebror och Nalle samt Hj\u00f6rdis, som publicerats i bokform, cd-skivor, radio, TV och film.<\/p>\n<p>Sven Nordqvist \u00e4r en av v\u00e5ra mest v\u00e4lk\u00e4nda och prisbel\u00f6nta illustrat\u00f6rer. Han \u00e4r \u00e4ven f\u00f6rfattare till en rad egna b\u00f6cker, bl.a. om Pettson och Findus och Var \u00e4r min syster? som tilldelades Augustpriset 2007.<\/p>\n","protected":false},"excerpt":{"rendered":"<p>Mamma Mu fyller 40 \u00e5r, ber\u00e4ttar ett pressmeddelande: Det har g\u00e5tt 40 \u00e5r sedan Mamma Mu r\u00e5made i radio f\u00f6r f\u00f6rsta g\u00e5ngen. Resten \u00e4r en kraxig historia som har kantats av f\u00f6rs\u00e4ljningssucc\u00e9er, roliga visor och priser \u2013 och framf\u00f6r allt k\u00e4rlek till fantasin. Jubileet firas \u00e4ven med en ny pekbok: Kr\u00e5kans kl\u00e4der. Vi har f\u00e5tt [&hellip;]<\/p>\n","protected":false},"author":13,"featured_media":189909,"comment_status":"closed","ping_status":"closed","sticky":false,"template":"","format":"standard","meta":{"_genesis_hide_title":false,"_genesis_hide_breadcrumbs":false,"_genesis_hide_singular_image":false,"_genesis_hide_footer_widgets":false,"_genesis_custom_body_class":"","_genesis_custom_post_class":"","_genesis_layout":"","footnotes":""},"categories":[3,13624],"tags":[15188],"class_list":{"0":"post-189903","1":"post","2":"type-post","3":"status-publish","4":"format-standard","5":"has-post-thumbnail","7":"category-litteratur","8":"category-toppnytt","9":"tag-mamma-mu","10":"entry"},"_links":{"self":[{"href":"https:\/\/kulturbloggen.com\/index.php?rest_route=\/wp\/v2\/posts\/189903","targetHints":{"allow":["GET"]}}],"collection":[{"href":"https:\/\/kulturbloggen.com\/index.php?rest_route=\/wp\/v2\/posts"}],"about":[{"href":"https:\/\/kulturbloggen.com\/index.php?rest_route=\/wp\/v2\/types\/post"}],"author":[{"embeddable":true,"href":"https:\/\/kulturbloggen.com\/index.php?rest_route=\/wp\/v2\/users\/13"}],"replies":[{"embeddable":true,"href":"https:\/\/kulturbloggen.com\/index.php?rest_route=%2Fwp%2Fv2%2Fcomments&post=189903"}],"version-history":[{"count":6,"href":"https:\/\/kulturbloggen.com\/index.php?rest_route=\/wp\/v2\/posts\/189903\/revisions"}],"predecessor-version":[{"id":189911,"href":"https:\/\/kulturbloggen.com\/index.php?rest_route=\/wp\/v2\/posts\/189903\/revisions\/189911"}],"wp:featuredmedia":[{"embeddable":true,"href":"https:\/\/kulturbloggen.com\/index.php?rest_route=\/wp\/v2\/media\/189909"}],"wp:attachment":[{"href":"https:\/\/kulturbloggen.com\/index.php?rest_route=%2Fwp%2Fv2%2Fmedia&parent=189903"}],"wp:term":[{"taxonomy":"category","embeddable":true,"href":"https:\/\/kulturbloggen.com\/index.php?rest_route=%2Fwp%2Fv2%2Fcategories&post=189903"},{"taxonomy":"post_tag","embeddable":true,"href":"https:\/\/kulturbloggen.com\/index.php?rest_route=%2Fwp%2Fv2%2Ftags&post=189903"}],"curies":[{"name":"wp","href":"https:\/\/api.w.org\/{rel}","templated":true}]}}