{"id":189626,"date":"2025-01-15T12:50:58","date_gmt":"2025-01-15T11:50:58","guid":{"rendered":"https:\/\/kulturbloggen.com\/?p=189626"},"modified":"2025-01-15T12:50:59","modified_gmt":"2025-01-15T11:50:59","slug":"har-ar-de-fyra-som-nomineras-till-sveriges-radios-romanpris-2025","status":"publish","type":"post","link":"https:\/\/kulturbloggen.com\/?p=189626","title":{"rendered":"H\u00e4r \u00e4r de fyra som nomineras till Sveriges Radios Romanpris 2025"},"content":{"rendered":"<p><img loading=\"lazy\" decoding=\"async\" class=\"aligncenter size-full wp-image-185050\" src=\"https:\/\/kulturbloggen.com\/wp-content\/uploads\/2025\/01\/unnamed-8.jpg\" alt=\"\" width=\"650\" height=\"399\" \/><br \/>\n<em>Bengt Ohlsson (foto Sara Mac Key), Jessica Schiefauer (foto Emelie Asplund), Martin Engberg (foto Emelie Asplund), Karolina Ramqvist (foto Elisabeth Toll)<\/em><\/p>\n<p>Nu \u00e4r det klart vilka fyra titlar som \u00e4r nominerade till Sveriges Radios Romanpris och som \u00e5rets lyssnarjury ska l\u00e4sa f\u00f6r att v\u00e4lja en vinnare.<br \/>\nEtt pressmeddelande:<\/p>\n<p>De nominerade till Sveriges Radios Romanpris 2025:<\/p>\n<p>\u201dAll\u00e4taren\u201d av Martin Engberg<br \/>\n\u201dHelga\u201d av Bengt Ohlsson<br \/>\n\u201dDen f\u00f6rsta boken\u201d av Karolina Ramqvist<br \/>\n\u201dT\u00e4nkarens testamente\u201d av Jessica Schiefauer<\/p>\n<p>Den 7-10 april s\u00e4nds lyssnarjuryns diskussioner om de nominerade b\u00f6ckerna i P1 Kultur och den 11 april tillk\u00e4nnages vilken roman de v\u00e4ljer att prisa.<\/p>\n<p>\u2013 De h\u00e4r fyra romanerna kommer f\u00e5 det att spraka i studion. Jag gissar p\u00e5 vilda diskussioner om allt fr\u00e5n k\u00e4rlek och otrohet och vad man egentligen f\u00e5r g\u00f6ra med Hjalmar S\u00f6derberg, till kolonialism, vegetarianism och vetenskap, s\u00e4ger kulturredaktionens Lina Kalmteg som ska leda samtalen med lyssnarjuryn.<\/p>\n<p>Romanprisets jury best\u00e5r av fem radiolyssnare som ans\u00f6kt om att f\u00e5 vara med och best\u00e4mma vilken roman som ska f\u00e5 Sveriges Radios Romanpris. F\u00f6rst l\u00e4ser jurymedlemmarna de nominerade b\u00f6ckerna p\u00e5 egen hand och d\u00e4refter ses de i en radiostudio f\u00f6r att diskutera sig fram till en pristagare. \u00d6ver 200 personer s\u00f6kte till lyssnarjuryn \u2013 vilka de fem \u00e4r som utg\u00f6r \u00e5rets jury presenteras senare i v\u00e5r.<\/p>\n<p>Om Sveriges Radios Romanpris<br \/>\nSveriges Radios Romanpris instiftades 1993 och delas ut varje \u00e5r till \u201den framst\u00e5ende svensk roman ur det g\u00e5ngna \u00e5rets produktion\u201d. Prissumman \u00e4r p\u00e5 30 000 kronor. Det unika med priset \u00e4r att det \u00e4r ett l\u00e4sarpris, en jury best\u00e5ende av radiolyssnare best\u00e4mmer vilken av de nominerade romanerna som ska bel\u00f6nas. 2024 gick Sveriges Radios Romanpris till Annika Norlin f\u00f6r \u201dStacken\u201d.<\/p>\n<p>Sveriges Radios litteraturpriser \u2013 s\u00e5 delas de ut i \u00e5r<br \/>\nDe senaste \u00e5ren har Sveriges Radios litteraturpriser delats ut under en och samma vecka (som d\u00e5 kallats Litteraturveckan i P1). 2025 f\u00e5r priserna i st\u00e4llet varsin vecka och respektive genre ges mer utrymme i det dagliga, lives\u00e4nda magasinet P1 Kultur under hela veckan. Sveriges Radios Lyrikpris delas ut vecka 11, Sveriges Radios Novellpris vecka 13 och Sveriges Radios Romanpris vecka 15.<\/p>\n<p>Nomineringslistan till Romanpriset sammanst\u00e4lls av en kritikergrupp med god \u00f6verblick \u00f6ver den aktuella utgivningen. I den ing\u00e5r Maria G\u00f6tselius (SR Kultur), Erik Jonsson (kulturskribent och koordinator f\u00f6r Littfest), Lina Kalmteg (litteraturansvarig SR Kultur), Daniel Sj\u00f6lin (litteraturkritiker), Annina Rabe (litteraturkritiker) och gruppens ordf\u00f6rande Anna Tullberg (SR Kultur).<\/p>\n","protected":false},"excerpt":{"rendered":"<p>Bengt Ohlsson (foto Sara Mac Key), Jessica Schiefauer (foto Emelie Asplund), Martin Engberg (foto Emelie Asplund), Karolina Ramqvist (foto Elisabeth Toll) Nu \u00e4r det klart vilka fyra titlar som \u00e4r nominerade till Sveriges Radios Romanpris och som \u00e5rets lyssnarjury ska l\u00e4sa f\u00f6r att v\u00e4lja en vinnare. Ett pressmeddelande: De nominerade till Sveriges Radios Romanpris 2025: [&hellip;]<\/p>\n","protected":false},"author":13,"featured_media":189630,"comment_status":"closed","ping_status":"closed","sticky":false,"template":"","format":"standard","meta":{"_genesis_hide_title":false,"_genesis_hide_breadcrumbs":false,"_genesis_hide_singular_image":false,"_genesis_hide_footer_widgets":false,"_genesis_custom_body_class":"","_genesis_custom_post_class":"","_genesis_layout":"","footnotes":""},"categories":[3,13624],"tags":[],"class_list":{"0":"post-189626","1":"post","2":"type-post","3":"status-publish","4":"format-standard","5":"has-post-thumbnail","7":"category-litteratur","8":"category-toppnytt","9":"entry"},"_links":{"self":[{"href":"https:\/\/kulturbloggen.com\/index.php?rest_route=\/wp\/v2\/posts\/189626","targetHints":{"allow":["GET"]}}],"collection":[{"href":"https:\/\/kulturbloggen.com\/index.php?rest_route=\/wp\/v2\/posts"}],"about":[{"href":"https:\/\/kulturbloggen.com\/index.php?rest_route=\/wp\/v2\/types\/post"}],"author":[{"embeddable":true,"href":"https:\/\/kulturbloggen.com\/index.php?rest_route=\/wp\/v2\/users\/13"}],"replies":[{"embeddable":true,"href":"https:\/\/kulturbloggen.com\/index.php?rest_route=%2Fwp%2Fv2%2Fcomments&post=189626"}],"version-history":[{"count":6,"href":"https:\/\/kulturbloggen.com\/index.php?rest_route=\/wp\/v2\/posts\/189626\/revisions"}],"predecessor-version":[{"id":189634,"href":"https:\/\/kulturbloggen.com\/index.php?rest_route=\/wp\/v2\/posts\/189626\/revisions\/189634"}],"wp:featuredmedia":[{"embeddable":true,"href":"https:\/\/kulturbloggen.com\/index.php?rest_route=\/wp\/v2\/media\/189630"}],"wp:attachment":[{"href":"https:\/\/kulturbloggen.com\/index.php?rest_route=%2Fwp%2Fv2%2Fmedia&parent=189626"}],"wp:term":[{"taxonomy":"category","embeddable":true,"href":"https:\/\/kulturbloggen.com\/index.php?rest_route=%2Fwp%2Fv2%2Fcategories&post=189626"},{"taxonomy":"post_tag","embeddable":true,"href":"https:\/\/kulturbloggen.com\/index.php?rest_route=%2Fwp%2Fv2%2Ftags&post=189626"}],"curies":[{"name":"wp","href":"https:\/\/api.w.org\/{rel}","templated":true}]}}