{"id":189180,"date":"2025-01-04T18:46:14","date_gmt":"2025-01-04T17:46:14","guid":{"rendered":"https:\/\/kulturbloggen.com\/?p=189180"},"modified":"2025-01-06T16:27:40","modified_gmt":"2025-01-06T15:27:40","slug":"teaterkritik-forfesten-skrattfylld-tvaaktare-badar-mycket-gott-infor-2026","status":"publish","type":"post","link":"https:\/\/kulturbloggen.com\/?p=189180","title":{"rendered":"Teaterkritik: F\u00f6rfesten sign Str\u00e5ngam\u00e5larevyn &#8211; skrattfylld tv\u00e5aktare, b\u00e5dar mycket gott inf\u00f6r 2026"},"content":{"rendered":"\n<figure class=\"wp-block-image size-full is-style-rounded\"><img loading=\"lazy\" decoding=\"async\" width=\"650\" height=\"372\" src=\"https:\/\/kulturbloggen.com\/wp-content\/uploads\/2025\/01\/8e5e8b0d-a48a-4054-bdd1-faac02ae4932.jpeg\" alt=\"\" class=\"wp-image-189181\" srcset=\"https:\/\/kulturbloggen.com\/wp-content\/uploads\/2025\/01\/8e5e8b0d-a48a-4054-bdd1-faac02ae4932.jpeg 650w, https:\/\/kulturbloggen.com\/wp-content\/uploads\/2025\/01\/8e5e8b0d-a48a-4054-bdd1-faac02ae4932-300x172.jpeg 300w, https:\/\/kulturbloggen.com\/wp-content\/uploads\/2025\/01\/8e5e8b0d-a48a-4054-bdd1-faac02ae4932-332x190.jpeg 332w\" sizes=\"auto, (max-width: 650px) 100vw, 650px\" \/><\/figure>\n\n\n\n<p>(Str\u00e5ngam\u00e5larevyn 2025, en klockren f\u00f6rfest med skrattgaranti. Ocks\u00e5 en mycket tilltalande inbjudan till n\u00e4sta \u00e5rs 40-\u00e5rs jubileum. Foto: <a href=\"https:\/\/www.visitblekinge.se\/strangamalarevyn-forfesten\">Str\u00e5ngam\u00e5larevyn<\/a>) <\/p>\n\n\n\n<p>Titel: F\u00f6rfesten<\/p>\n\n\n\n<p>Betyg: 4<\/p>\n\n\n\n<p><strong>Sk\u00e5despelare:<\/strong>&nbsp;Lotta Frid, Ellinor Andersson, Stig Augustsson, Bastian Mellstr\u00f6m, Klara Dahlin, Emmie Sj\u00f6holm och Ola \u00d6dman.<\/p>\n\n\n\n<p><strong>Musiker:&nbsp;<\/strong>Bandet Diket, som best\u00e5r av Pelle Lundblad, Nilla Dahlin, Filip Petersson och Emil Holmstr\u00f6m.<\/p>\n\n\n\n<p><strong>Ljud och ljus:&nbsp;<\/strong>Marcus Hasselberg och Henning Dahlin.<\/p>\n\n\n\n<p><strong>Manus:<\/strong>&nbsp;Ensemblen och Tommy Nilsson.<\/p>\n\n\n\n<p>\u201dF\u00f6rfesten\u201d spelas i tv\u00e5 akter och inneh\u00e5ller b\u00e5de s\u00e5ng, dans och teater. <\/p>\n\n\n\n<p><strong>Premi\u00e4r<\/strong>: L\u00f6rdag den 4 januari 2025 kl 15.00, Str\u00e5ngam\u00e5la medborgarlokal, Ramsj\u00f6torpsv\u00e4gen 1 ( 8 km norr om Br\u00e4kne-Hoby, Blekinge)<\/p>\n\n\n\n<p><strong>\u00d6vriga f\u00f6rest\u00e4llningar<\/strong>: S\u00f6ndag 5\/1 Trettonafton kl 15.00, L\u00f6rdag 11\/1 kl 15.00 och 18.30, Fredag 24 januari kl 18.30, L\u00f6rdag 25\/1 kl 15.00 och 18.30, Fredag 31\/1 kl 18.30 och L\u00f6rdag 1 februari kl 15.00.<\/p>\n\n\n\n<p>I l\u00f6rdags eftermiddag dan f\u00f6re trettonafton var det premi\u00e4r f\u00f6r Str\u00e5ngam\u00e5larevyn, i \u00e5r med titeln \u201dF\u00f6rfesten\u201d och den spelas nio g\u00e5nger fram till 1 februari. Det \u00e4r en finurlig titel p\u00e5 \u00e5rets upplaga eftersom revyn firar 40 \u00e5r 2026 och de nio f\u00f6rest\u00e4llningar som ges i \u00e5r i Str\u00e5ngam\u00e5la medborgarlokal, 8 km norr om Br\u00e4kne-Hoby i Blekinge, \u00e4r kan man s\u00e4ga en inbjudan till det kommande jubileet allt s\u00e5 klart i skrattfestens tecken.<\/p>\n\n\n\n<p>Vi utlovades f\u00f6re f\u00f6rest\u00e4llningen b\u00e5de igenk\u00e4nning och skrattretande \u00e5terblickar fr\u00e5n det g\u00e5ngna \u00e5ret, det fick vi sannerligen. Ensemblen p\u00e5 sju sk\u00e5despelare, fr\u00e5n 17 till 65 \u00e5r, \u00e4r v\u00e4l sammansatt som har byggt upp detta tillsammans under snart fyra decennier och de har en utm\u00e4rkt scenn\u00e4rvaro och gl\u00e4dje ihop, det kombinerat med v\u00e4lskrivet och egenskrivet manus i numren i de tv\u00e5 akterna.<\/p>\n\n\n\n<p>I \u00e5rets revy bjuds man i publiken p\u00e5 en blandad och bra kompott, det blir en del k\u00e4nda ansikten fr\u00e5n tidigare \u00e5rs revyer. Bland annat s\u00e5 kom Ulla att dyka upp igen, tanterna Doris och Greta kom f\u00f6rbi f\u00f6r att ber\u00e4tta om sina nya \u00e4ventyr och den yngre delen av ensemblen har skapat n\u00e5got baserat p\u00e5 deras vardag och verklighet. Det blir ocks\u00e5 nytt material, det har ju h\u00e4nt en del lokalt. Vi f\u00e5r g\u00f6ra ett bes\u00f6k i Ronneby stadshus, d\u00e4r styret har \u00e4ndrats och h\u00e4r f\u00e5r Str\u00e5ngam\u00e5larevyn till det med satiren.<\/p>\n\n\n\n<p>Men ocks\u00e5 det h\u00e4r med olika familjesituationer blir nagelfaret med glimten i \u00f6gat och det blir en sv\u00e4ng inom \u00e4ldrev\u00e5rden, ja, det \u00e4r mycket gott och blandat och jag kan konstatera att det finns n\u00e5got f\u00f6r alla. N\u00e5got som jag uppskattar med \u00e5rets ny\u00e5rsrevy \u00e4r att man fr\u00e5n Str\u00e5ngam\u00e5larevyn ocks\u00e5 har valt att uppm\u00e4rksamma Georg Riedel, komposit\u00f6ren som gick bort i februari 2024, det genom att framf\u00f6ra flera av hans v\u00e4lk\u00e4nda och fina Astrid Lindgren-l\u00e5tar. <\/p>\n\n\n\n<p>N\u00e4r vi sedan efter f\u00f6rest\u00e4llningen begav oss hem var och en till sitt, var det s\u00e4kerligen med en best\u00e4md tanke att s\u00e5 klart \u00e4ven lagom till n\u00e4sta trettonafton 2026 kommer vi att \u00e5terv\u00e4nda till Str\u00e5ngam\u00e5la medborgarlokal f\u00f6r jubileumsf\u00f6rest\u00e4llningen. F\u00f6r &#8221;F\u00f6rfesten&#8221; som bara den infriade skrattgarantin med r\u00e5ge ja den utlovar ocks\u00e5 att det kommande \u00e5rets jubileumsrevy l\u00e4r ge oss i publiken etter v\u00e4rre tr\u00e4ningsv\u00e4rk i k\u00e4kpartiet efter tv\u00e5 akters skrattfest. Men det tar man g\u00e4rna n\u00e4r man f\u00e5r n\u00f6jet att se detta garvade revyg\u00e4ng.<\/p>\n\n\n\n<p>Bandet Diket ramade in numren p\u00e5 scen p\u00e5 ett bra s\u00e4tt, liveband eller inte &#8211; det \u00e4r en smaksak f\u00f6r egen del funkar b\u00e5da s\u00e4tten men musiken \u00e4r avg\u00f6rande annars funkar inte revyn som konstform. Tv\u00e5 av sk\u00e5despelarna i ensemblen lyfter jag avslutningsvis lite extra; Lotta Frid och Ellinor Andersson f\u00f6r det \u00e4r de som har varit med l\u00e4ngst p\u00e5 Str\u00e5ngam\u00e5larevyns snart 40-\u00e5riga resa. Lotta Frid har endast missat f\u00f6rsta \u00e5rets f\u00f6rest\u00e4llning och Ellinor Andersson det andra \u00e5rets. Det betyder att de b\u00e5da gjorde sin 38:e premi\u00e4r i eftermiddag. Hatten av, f\u00f6r det imponerar! Ja, 2026 sitter man i publiken igen f\u00f6r att bli ordentligt underh\u00e5llen samtidigt som skrattsalvorna haglar som aldrig f\u00f6rr.<\/p>\n","protected":false},"excerpt":{"rendered":"<p>(Str\u00e5ngam\u00e5larevyn 2025, en klockren f\u00f6rfest med skrattgaranti. Ocks\u00e5 en mycket tilltalande inbjudan till n\u00e4sta \u00e5rs 40-\u00e5rs jubileum. Foto: Str\u00e5ngam\u00e5larevyn) Titel: F\u00f6rfesten Betyg: 4 Sk\u00e5despelare:&nbsp;Lotta Frid, Ellinor Andersson, Stig Augustsson, Bastian Mellstr\u00f6m, Klara Dahlin, Emmie Sj\u00f6holm och Ola \u00d6dman. Musiker:&nbsp;Bandet Diket, som best\u00e5r av Pelle Lundblad, Nilla Dahlin, Filip Petersson och Emil Holmstr\u00f6m. Ljud och ljus:&nbsp;Marcus [&hellip;]<\/p>\n","protected":false},"author":57,"featured_media":0,"comment_status":"closed","ping_status":"closed","sticky":false,"template":"","format":"standard","meta":{"_genesis_hide_title":false,"_genesis_hide_breadcrumbs":false,"_genesis_hide_singular_image":false,"_genesis_hide_footer_widgets":false,"_genesis_custom_body_class":"","_genesis_custom_post_class":"","_genesis_layout":"","footnotes":""},"categories":[16,20,30,31,13624],"tags":[13006,14496,15149,3084,13161,12285,4946,14495,7643],"class_list":{"0":"post-189180","1":"post","2":"type-post","3":"status-publish","4":"format-standard","6":"category-recension","7":"category-film","8":"category-teater","9":"category-teaterrecension","10":"category-toppnytt","11":"tag-blekinge","12":"tag-brakne-hoby","13":"tag-forfesten","14":"tag-kulturbloggen","15":"tag-nyarsrevy","16":"tag-recension","17":"tag-satir","18":"tag-strangamalarevyn","19":"tag-teaterkritik","20":"entry"},"_links":{"self":[{"href":"https:\/\/kulturbloggen.com\/index.php?rest_route=\/wp\/v2\/posts\/189180","targetHints":{"allow":["GET"]}}],"collection":[{"href":"https:\/\/kulturbloggen.com\/index.php?rest_route=\/wp\/v2\/posts"}],"about":[{"href":"https:\/\/kulturbloggen.com\/index.php?rest_route=\/wp\/v2\/types\/post"}],"author":[{"embeddable":true,"href":"https:\/\/kulturbloggen.com\/index.php?rest_route=\/wp\/v2\/users\/57"}],"replies":[{"embeddable":true,"href":"https:\/\/kulturbloggen.com\/index.php?rest_route=%2Fwp%2Fv2%2Fcomments&post=189180"}],"version-history":[{"count":40,"href":"https:\/\/kulturbloggen.com\/index.php?rest_route=\/wp\/v2\/posts\/189180\/revisions"}],"predecessor-version":[{"id":189320,"href":"https:\/\/kulturbloggen.com\/index.php?rest_route=\/wp\/v2\/posts\/189180\/revisions\/189320"}],"wp:attachment":[{"href":"https:\/\/kulturbloggen.com\/index.php?rest_route=%2Fwp%2Fv2%2Fmedia&parent=189180"}],"wp:term":[{"taxonomy":"category","embeddable":true,"href":"https:\/\/kulturbloggen.com\/index.php?rest_route=%2Fwp%2Fv2%2Fcategories&post=189180"},{"taxonomy":"post_tag","embeddable":true,"href":"https:\/\/kulturbloggen.com\/index.php?rest_route=%2Fwp%2Fv2%2Ftags&post=189180"}],"curies":[{"name":"wp","href":"https:\/\/api.w.org\/{rel}","templated":true}]}}