{"id":188882,"date":"2024-12-27T08:50:06","date_gmt":"2024-12-27T07:50:06","guid":{"rendered":"https:\/\/kulturbloggen.com\/?p=188882"},"modified":"2024-12-27T08:50:07","modified_gmt":"2024-12-27T07:50:07","slug":"siw-malmkvist-blir-huvudperson-i-langfilm-av-stina-gardell","status":"publish","type":"post","link":"https:\/\/kulturbloggen.com\/?p=188882","title":{"rendered":"Siw Malmkvist blir huvudperson i l\u00e5ngfilm av Stina Gardell"},"content":{"rendered":"<p><img loading=\"lazy\" decoding=\"async\" class=\"aligncenter size-full wp-image-186912\" src=\"https:\/\/kulturbloggen.com\/wp-content\/uploads\/2024\/12\/unnamed-5-1.jpg\" alt=\"\" width=\"650\" height=\"340\" \/><\/p>\n<p>Siw Malmkvist blir huvudperson i l\u00e5ngfilm av Stina Gardell &#8211; Biopremi\u00e4r 5 september \u00f6ver hela landet. Ett pressmeddelande ber\u00e4ttar:<\/p>\n<p>Den 5 september 2025 kommer hela Sverige f\u00e5 chansen att m\u00f6ta Siw Malmkvist i en personlig och livsbejakande biofilm av Stina Gardell och Frida Neema J\u00e4rnbert. En teaser visas nu p\u00e5 biografer i hela Sverige.<\/p>\n<p>\u201cN\u00e4r de sa att de ville g\u00f6ra en biofilm om mig blev jag helt chockad. Om mig ?! Varf\u00f6r det? Vem vill se den? Men nu n\u00e4r de f\u00f6ljt mig snart ett \u00e5r s\u00e5 k\u00e4nns det faktiskt r\u00e4tt ball! \u2026 fast lite konstigt\u2026\u201d, kommenterar Siw Malmkvist sj\u00e4lv om att bli huvudperson i en biofilm.<\/p>\n<p>Filmen SIW s\u00e4tter artisten Siw Malmkvist i f\u00f6rars\u00e4tet och bes\u00f6ker de platser och m\u00e4nniskor som haft betydelse f\u00f6r hennes 88-\u00e5riga liv och 70-\u00e5riga karri\u00e4r.<\/p>\n<p>SIW har premi\u00e4r p\u00e5 biografer i hela Sverige den 5 september 2025 <\/p>\n<p>SIW \u00e4r producerad av Mantaray Film med st\u00f6d av Svenska Filminstitutet. En samproduktion med RMV, Film Stockholm, Nonstop Winning Formula m.fl<\/p>\n<p>Distribution: Nonstop Entertainment<\/p>\n<p>Om Siw Malmkvist:<br \/>\nSvensk artist f\u00f6dd 1936 i Landskrona, vars 70-\u00e5riga karri\u00e4r omfattar Melodifestivalseger med l\u00e5ten Augustin 1959, landsomfattande folkparksturn\u00e9er och stora framg\u00e5ngar internationellt, inte minst i Tyskland och Italien, d\u00e4r hon &#8211; liksom h\u00e4r &#8211; \u00e4r en folkk\u00e4r artist f\u00f6r flera generationer.<\/p>\n<p>Teaserklipp: Siw Malmkvist om Siw Malmkvist-filmen i en teaser som visas p\u00e5 biografer runtom i Sverige nu \u00f6ver jul och ny\u00e5r. Pressbild: Fotocredit Johan Paulin.<\/p>\n<p><iframe loading=\"lazy\" width=\"560\" height=\"315\" src=\"https:\/\/www.youtube.com\/embed\/lLm10zDerfg?si=tzbcbqOwJK1flaxL\" title=\"YouTube video player\" frameborder=\"0\" allow=\"accelerometer; autoplay; clipboard-write; encrypted-media; gyroscope; picture-in-picture; web-share\" referrerpolicy=\"strict-origin-when-cross-origin\" allowfullscreen><\/iframe><\/p>\n","protected":false},"excerpt":{"rendered":"<p>Siw Malmkvist blir huvudperson i l\u00e5ngfilm av Stina Gardell &#8211; Biopremi\u00e4r 5 september \u00f6ver hela landet. Ett pressmeddelande ber\u00e4ttar: Den 5 september 2025 kommer hela Sverige f\u00e5 chansen att m\u00f6ta Siw Malmkvist i en personlig och livsbejakande biofilm av Stina Gardell och Frida Neema J\u00e4rnbert. En teaser visas nu p\u00e5 biografer i hela Sverige. \u201cN\u00e4r [&hellip;]<\/p>\n","protected":false},"author":13,"featured_media":188887,"comment_status":"closed","ping_status":"closed","sticky":false,"template":"","format":"standard","meta":{"_genesis_hide_title":false,"_genesis_hide_breadcrumbs":false,"_genesis_hide_singular_image":false,"_genesis_hide_footer_widgets":false,"_genesis_custom_body_class":"","_genesis_custom_post_class":"","_genesis_layout":"","footnotes":""},"categories":[50,20,13624],"tags":[15139],"class_list":{"0":"post-188882","1":"post","2":"type-post","3":"status-publish","4":"format-standard","5":"has-post-thumbnail","7":"category-filmfilm","8":"category-film","9":"category-toppnytt","10":"tag-siw-malmkvist","11":"entry"},"_links":{"self":[{"href":"https:\/\/kulturbloggen.com\/index.php?rest_route=\/wp\/v2\/posts\/188882","targetHints":{"allow":["GET"]}}],"collection":[{"href":"https:\/\/kulturbloggen.com\/index.php?rest_route=\/wp\/v2\/posts"}],"about":[{"href":"https:\/\/kulturbloggen.com\/index.php?rest_route=\/wp\/v2\/types\/post"}],"author":[{"embeddable":true,"href":"https:\/\/kulturbloggen.com\/index.php?rest_route=\/wp\/v2\/users\/13"}],"replies":[{"embeddable":true,"href":"https:\/\/kulturbloggen.com\/index.php?rest_route=%2Fwp%2Fv2%2Fcomments&post=188882"}],"version-history":[{"count":5,"href":"https:\/\/kulturbloggen.com\/index.php?rest_route=\/wp\/v2\/posts\/188882\/revisions"}],"predecessor-version":[{"id":188889,"href":"https:\/\/kulturbloggen.com\/index.php?rest_route=\/wp\/v2\/posts\/188882\/revisions\/188889"}],"wp:featuredmedia":[{"embeddable":true,"href":"https:\/\/kulturbloggen.com\/index.php?rest_route=\/wp\/v2\/media\/188887"}],"wp:attachment":[{"href":"https:\/\/kulturbloggen.com\/index.php?rest_route=%2Fwp%2Fv2%2Fmedia&parent=188882"}],"wp:term":[{"taxonomy":"category","embeddable":true,"href":"https:\/\/kulturbloggen.com\/index.php?rest_route=%2Fwp%2Fv2%2Fcategories&post=188882"},{"taxonomy":"post_tag","embeddable":true,"href":"https:\/\/kulturbloggen.com\/index.php?rest_route=%2Fwp%2Fv2%2Ftags&post=188882"}],"curies":[{"name":"wp","href":"https:\/\/api.w.org\/{rel}","templated":true}]}}