{"id":18869,"date":"2010-03-25T09:51:30","date_gmt":"2010-03-25T08:51:30","guid":{"rendered":"http:\/\/kulturbloggen.com\/?p=18869"},"modified":"2010-03-25T09:51:30","modified_gmt":"2010-03-25T08:51:30","slug":"veckans-nya-skivor-med-mikael-wiehe-ry-cooder-och-timo-raisanen","status":"publish","type":"post","link":"https:\/\/kulturbloggen.com\/?p=18869","title":{"rendered":"Veckans nya skivor med Mikael Wiehe, Ry Cooder och Timo R\u00e4is\u00e4nen"},"content":{"rendered":"<p><a href=\"http:\/\/kulturbloggen.com\/wp-content\/uploads\/2010\/03\/rycooder.jpg\"><img loading=\"lazy\" decoding=\"async\" src=\"http:\/\/kulturbloggen.com\/wp-content\/uploads\/2010\/03\/rycooder-300x273.jpg\" alt=\"\" title=\"rycooder\" width=\"300\" height=\"273\" class=\"aligncenter size-medium wp-image-18891\" \/><\/a><br \/>\nRy Cooder \u00e4r inblandad i ett av veckans mest hyllade nysl\u00e4ppta album: The Chieftains featuring Ry Cooder: \u201dSan Patricio\u201d.<a href=\"http:\/\/www.bbc.co.uk\/music\/reviews\/6wx2\"> BBC:s kritiker <\/a>var s\u00e5 entusiastisk att recensionen fick en oerh\u00f6rt positiv rubrik: A transatlantic musical campaign whose eccentric heart makes it hard to resist.<\/p>\n<p>Som oftast n\u00e4r Ry Cooder \u00e4r inblandad bygger musiken p\u00e5 en ber\u00e4ttelsen. Den h\u00e4r g\u00e5ngen jobbar han tillsammans med den irl\u00e4ndska folkmusikgruppen The Chieftains. De r<br \/>\nber\u00e4tta den sanna historien om San Patricios, en liten bataljon, best\u00e5ende av irl\u00e4ndare, som deserterade fr\u00e5n den amerikanska arm\u00e9n under amerikansk-mexikanska kriget 1846 f\u00f6r att ansluta sig till fiendesidan. De ville inte skjuta katoliker och de ville inte kriga mot ett folk som var lika fattig som de sj\u00e4lva.<br \/>\nAlbumet finns p\u00e5 Spotify och \u00e4r just oemotst\u00e5ndligt, i sin blandning av irl\u00e4ndsk och mexikansk musik.<br \/>\n<a href=\"http:\/\/www.dn.se\/kultur-noje\/skivrecensioner\/the-chieftains-featuring-ry-cooder-san-patricio-1.1066826\"><br \/>\nDN gav ocks\u00e5 h\u00f6gt betyg:<\/a><br \/>\n<em>Chieftains har bjudit in en rad k\u00e4nda mexikanska artister f\u00f6r samarbete, och resultatet har b\u00e5de djup och variation. Ry Cooder sj\u00e4lv h\u00f6rs inte s\u00e5 mycket, men hela projektet h\u00e5ller den klass han efterstr\u00e4var.<\/em><\/p>\n<p><a href=\"http:\/\/www.expressen.se\/noje\/recensioner\/skivor\/1.1922800\/mikael-wiehe-ta-det-tillbaka\">Expressen<\/a> och <a href=\"http:\/\/www.dn.se\/kultur-noje\/skivrecensioner\/mikael-wiehe-ta-det-tillbaka-1.1066395\">Dagens Nyheter<\/a> har ocks\u00e5 recenserat och b\u00e5da \u00e4r r\u00e4tt svala.<\/p>\n<p><strong>Mikael Wiehe: Ta det tillbaka!<\/strong><br \/>\n<a href=\"http:\/\/kulturbloggen.com\/wp-content\/uploads\/2010\/03\/mikaelwiehe_tadettillbaka.jpg\"><img loading=\"lazy\" decoding=\"async\" src=\"http:\/\/kulturbloggen.com\/wp-content\/uploads\/2010\/03\/mikaelwiehe_tadettillbaka-150x150.jpg\" alt=\"\" title=\"mikaelwiehe_tadettillbaka\" width=\"150\" height=\"150\" class=\"alignright size-thumbnail wp-image-18875\" \/><\/a>Mikael Wiehe \u00e4r tillbaka med ett dubbel-album, som till h\u00e4lften best\u00e5r av livespelningar av n\u00e5gra av hans mest k\u00e4nda politiska s\u00e5nger och elva nyskrivna s\u00e5nger. Allt vibrerar att Wiehes samh\u00e4llsengagemang. Det \u00e4r mycket politik och tyngden ligger i det politiska budskapet, vilket g\u00f6r att musiken f\u00e5tt st\u00e5 tillbaka.<br \/>\nAlbumet \u00e4r inte Wiehes b\u00e4sta ur musikalisk synvinkel, men textm\u00e4ssigt \u00e4r det \u00e4r en sl\u00e4gga mot h\u00f6gerregeringens politik.<br \/>\n<a href=\"http:\/\/www.svd.se\/kulturnoje\/musik\/ta-det-tillbaka_4468525.svd\">Svenska Dagbladet recenserar:<\/a><\/p>\n<blockquote><p>H\u00e4r efterlyser man den politiska protests\u00e5ngens \u00e5terkomst och som ett illr\u00f6tt mejl trillar Mikael Wiehes passionerade svar ner i min inkorg. I teorin \u00e4r detta djupt otidsenligt, dj\u00e4rvt och n\u00f6dv\u00e4ndigt. Men det \u00e4r ocks\u00e5 musikaliskt sv\u00e5r\u00e4lskat, texterna s\u00e4ger vad som b\u00f6r s\u00e4gas, men retoriken och refr\u00e4ngernas ordval \u00e4r fr\u00e5n ett avl\u00e4gset f\u00f6rr. Resultatet blir en dogmatisk angel\u00e4genhet f\u00f6r de redan \u00f6vertygade (med den vackra doowop-balladen Str\u00f6 min k\u00e4rlek som r\u00f6rande undantag). <\/p><\/blockquote>\n<p><strong>Timo R\u00e4is\u00e4nen: \u201dThe anatomy of Timo \u00adR\u00e4is\u00e4nen\u201d<\/strong><br \/>\nTimo har blivit folkk\u00e4r. Han \u00e4r med i &#8221;S\u00e5 ska det l\u00e5ta&#8221; och har varit med i &#8221;K\u00f6rslaget&#8221;. Det \u00e4r inte konstigt att hans pigga utstr\u00e5lning g\u00f6r att de flesta faller f\u00f6r hans charm. Det gjorde jag redan n\u00e4r jag f\u00f6r flera \u00e5r sedan s\u00e5g honom live p\u00e5 Emmabodafestivalen.<br \/>\nDet kanske inte \u00e4r enbart positivt att bli folkk\u00e4r. Nya albumet f\u00e5r ett medelbetyg av <a href=\"http:\/\/www.dn.se\/kultur-noje\/skivrecensioner\/timo-raisanen-the-anatomy-of-timo-raisanen-1.1066823\">DN:s recensent som gn\u00e4ller \u00f6ver hans utveckling  men samtidigt uppskattar ett par av sp\u00e5ren:<\/a><\/p>\n<blockquote><p>Men den h\u00e4r skivan \u00e4r ett steg tillbaka, och ett fall fram\u00e5t. Han tar det ganska mycket lugnare, f\u00f6rsta l\u00e5ten \u00e4r till och med en stilla pianoballad, och lutar sig mot sina starka popl\u00e5tar med \u00e4nnu b\u00e4ttre refr\u00e4nger. H\u00e4r och var kan sk\u00f6njas ett visst sl\u00e4ktskap med Loney Dear, framf\u00f6r allt i de sj\u00e4lvklara sommarfestivalhittarna \u201dNumbers\u201d och \u201dOutcast\u201d.<\/p><\/blockquote>\n<p>Jag har inte hunnit lyssna p\u00e5 den, men har precis hittat den i Spotify. Det l\u00e5ter absolut intressant att han ocks\u00e5 g\u00e5r n\u00e5gra lugna ballader.<\/p>\n<p>Recension ocks\u00e5 i <a href=\"http:\/\/www.svd.se\/kulturnoje\/musik\/the-anatomy-of-timo-raisanen_4467793.svd\">Svenska Dagbladet<\/a> och <a href=\"http:\/\/www.gp.se\/kulturnoje\/musik\/1.337618-timo-raisanen-the-anatomy-of-\">i G\u00f6teborgsposten<\/a>.<\/p>\n<p>The Chieftains featuring Ry Cooder: \u201dSan Patricio\u201d<\/p>\n<p><object width=\"480\" height=\"385\"><param name=\"movie\" value=\"http:\/\/www.youtube.com\/v\/d6KnV7J1NBk&#038;hl=sv_SE&#038;fs=1&#038;\"><\/param><param name=\"allowFullScreen\" value=\"true\"><\/param><param name=\"allowscriptaccess\" value=\"always\"><\/param><embed src=\"http:\/\/www.youtube.com\/v\/d6KnV7J1NBk&#038;hl=sv_SE&#038;fs=1&#038;\" type=\"application\/x-shockwave-flash\" allowscriptaccess=\"always\" allowfullscreen=\"true\" width=\"480\" height=\"385\"><\/embed><\/object><\/p>\n<p>MIKAEL WIEHE &#8221;Hej d\u00e5 trevligt att tr\u00e4ffas&#8221; (fr\u00e5n &#8221;Ta det tillbaka&#8221;)<\/p>\n<p><object width=\"480\" height=\"385\"><param name=\"movie\" value=\"http:\/\/www.youtube.com\/v\/K3kaTE9xTSY&#038;hl=sv_SE&#038;fs=1&#038;\"><\/param><param name=\"allowFullScreen\" value=\"true\"><\/param><param name=\"allowscriptaccess\" value=\"always\"><\/param><embed src=\"http:\/\/www.youtube.com\/v\/K3kaTE9xTSY&#038;hl=sv_SE&#038;fs=1&#038;\" type=\"application\/x-shockwave-flash\" allowscriptaccess=\"always\" allowfullscreen=\"true\" width=\"480\" height=\"385\"><\/embed><\/object><\/p>\n<p>Timo R\u00e4is\u00e4nen &#8221;Numbers&#8221;<\/p>\n<p><object width=\"640\" height=\"385\"><param name=\"movie\" value=\"http:\/\/www.youtube.com\/v\/AUsWI8L36rE&#038;hl=sv_SE&#038;fs=1&#038;\"><\/param><param name=\"allowFullScreen\" value=\"true\"><\/param><param name=\"allowscriptaccess\" value=\"always\"><\/param><embed src=\"http:\/\/www.youtube.com\/v\/AUsWI8L36rE&#038;hl=sv_SE&#038;fs=1&#038;\" type=\"application\/x-shockwave-flash\" allowscriptaccess=\"always\" allowfullscreen=\"true\" width=\"640\" height=\"385\"><\/embed><\/object><\/p>\n<p>L\u00e4s \u00e4ven andra bloggares \u00e5sikter om <a href=\"http:\/\/bloggar.se\/om\/skivnytt\" rel=\"tag\">skivnytt<\/a>, <a href=\"http:\/\/bloggar.se\/om\/recensioner\" rel=\"tag\">recensioner<\/a>, <a href=\"http:\/\/bloggar.se\/om\/indie\" rel=\"tag\">indie<\/a>, <a href=\"http:\/\/bloggar.se\/om\/musik\" rel=\"tag\">musik<\/a>, <a href=\"http:\/\/bloggar.se\/om\/Ry+Cooder\" rel=\"tag\">Ry Cooder<\/a>, <a href=\"http:\/\/bloggar.se\/om\/Timo+R%E4is%E4nen\" rel=\"tag\">Timo R\u00e4is\u00e4nen<\/a>, <a href=\"http:\/\/bloggar.se\/om\/Mikael+Wiehe\" rel=\"tag\">Mikael Wiehe<\/a><\/p>\n","protected":false},"excerpt":{"rendered":"<p>Ry Cooder \u00e4r inblandad i ett av veckans mest hyllade nysl\u00e4ppta album: The Chieftains featuring Ry Cooder: \u201dSan Patricio\u201d. BBC:s kritiker var s\u00e5 entusiastisk att recensionen fick en oerh\u00f6rt positiv rubrik: A transatlantic musical campaign whose eccentric heart makes it hard to resist. Som oftast n\u00e4r Ry Cooder \u00e4r inblandad bygger musiken p\u00e5 en ber\u00e4ttelsen. [&hellip;]<\/p>\n","protected":false},"author":2,"featured_media":0,"comment_status":"open","ping_status":"open","sticky":false,"template":"","format":"standard","meta":{"_genesis_hide_title":false,"_genesis_hide_breadcrumbs":false,"_genesis_hide_singular_image":false,"_genesis_hide_footer_widgets":false,"_genesis_custom_body_class":"","_genesis_custom_post_class":"","_genesis_layout":"","footnotes":""},"categories":[7,16,22],"tags":[2467,12282,4670,5121],"class_list":{"0":"post-18869","1":"post","2":"type-post","3":"status-publish","4":"format-standard","6":"category-musik","7":"category-recension","8":"category-skivor","9":"tag-indie","10":"tag-musik","11":"tag-recensioner","12":"tag-skivnytt","13":"entry"},"_links":{"self":[{"href":"https:\/\/kulturbloggen.com\/index.php?rest_route=\/wp\/v2\/posts\/18869","targetHints":{"allow":["GET"]}}],"collection":[{"href":"https:\/\/kulturbloggen.com\/index.php?rest_route=\/wp\/v2\/posts"}],"about":[{"href":"https:\/\/kulturbloggen.com\/index.php?rest_route=\/wp\/v2\/types\/post"}],"author":[{"embeddable":true,"href":"https:\/\/kulturbloggen.com\/index.php?rest_route=\/wp\/v2\/users\/2"}],"replies":[{"embeddable":true,"href":"https:\/\/kulturbloggen.com\/index.php?rest_route=%2Fwp%2Fv2%2Fcomments&post=18869"}],"version-history":[{"count":0,"href":"https:\/\/kulturbloggen.com\/index.php?rest_route=\/wp\/v2\/posts\/18869\/revisions"}],"wp:attachment":[{"href":"https:\/\/kulturbloggen.com\/index.php?rest_route=%2Fwp%2Fv2%2Fmedia&parent=18869"}],"wp:term":[{"taxonomy":"category","embeddable":true,"href":"https:\/\/kulturbloggen.com\/index.php?rest_route=%2Fwp%2Fv2%2Fcategories&post=18869"},{"taxonomy":"post_tag","embeddable":true,"href":"https:\/\/kulturbloggen.com\/index.php?rest_route=%2Fwp%2Fv2%2Ftags&post=18869"}],"curies":[{"name":"wp","href":"https:\/\/api.w.org\/{rel}","templated":true}]}}