{"id":18828,"date":"2010-03-24T18:53:38","date_gmt":"2010-03-24T17:53:38","guid":{"rendered":"http:\/\/kulturbloggen.com\/?p=18828"},"modified":"2010-03-24T18:53:38","modified_gmt":"2010-03-24T17:53:38","slug":"ah-vad-jag-skulle-vilja-ha-ett-par-arliga-svar-av-fredrik-reinfeldt","status":"publish","type":"post","link":"https:\/\/kulturbloggen.com\/?p=18828","title":{"rendered":"\u00c5h vad jag skulle vilja ha ett par \u00e4rliga svar av Fredrik Reinfeldt"},"content":{"rendered":"<p><a href=\"http:\/\/kulturbloggen.com\/wp-content\/uploads\/2010\/03\/askmasteavga.jpg\"><img loading=\"lazy\" decoding=\"async\" src=\"http:\/\/kulturbloggen.com\/wp-content\/uploads\/2010\/03\/askmasteavga.jpg\" alt=\"\" title=\"askmasteavga\" width=\"200\" height=\"300\" class=\"aligncenter size-full wp-image-18775\" \/><\/a><br \/>\nJag har fyra fr\u00e5gor jag skulle vilja ha \u00e4rliga svar p\u00e5 fr\u00e5n Fredrik Reinfeldt. Fast tyv\u00e4rr har mina f\u00f6rhoppningar om att jag ska f\u00e5 hederliga svar p\u00e5 dem \u00e4r inte h\u00f6ga.<\/p>\n<p>Bakgrunden till min f\u00f6rsta fr\u00e5ga \u00e4r att han i debatt efter debatt inf\u00f6r valet 2006 upprepade att inte inte t\u00e4nkte jaga  en ungdomsgeneration och \u00e4nd\u00e5 inf\u00f6ra b\u00e5de FRA-lagen och ipredlagen.<br \/>\nS\u00e5 nu, med facit i hand, skulle jag vilja ha ett \u00e4rligt svar:<br \/>\nLj\u00f6g du med ber\u00e5tt mod i valdebatterna?<\/p>\n<p>Min n\u00e4sta fr\u00e5ga handlar om utanf\u00f6rskapet. Hans h\u00f6gerrallians gick till val p\u00e5 att de ville minska utanf\u00f6rskapet. Vi vet med facit i hand att de inte rodde i land med detta.<br \/>\nHan har varit med om att lagstifta att sv\u00e5rt sjuka m\u00e4nniskor som varit sjukskrivna l\u00e4nge numer f\u00f6rlorar sin sjukpeng och antingen f\u00e5r s\u00e4nkt ers\u00e4ttning via akassa eller socialbidrag.<br \/>\nS\u00e5: p\u00e5 vilket s\u00e4tt t\u00e4nkte han att utanf\u00f6rskapet ska minska genom att de sv\u00e5rt sjuka f\u00e5r det \u00e4nnu s\u00e4mre?<\/p>\n<p>N\u00e4sta fr\u00e5ga handlar om jobben. Det var ocks\u00e5 en paradfr\u00e5ga f\u00f6r hans parti inf\u00f6r valet 2006. Inf\u00f6r valr\u00f6relsen nu har vi inte h\u00f6rt ett knyst om jobbfr\u00e5gan. D\u00e4remot har vi sett stora affischer i Stockholm om hur hemskt otryggt det \u00e4r h\u00e4r. S\u00e5 jag undrar: Har Moderaterna helt gett upp tanken p\u00e5 att skapa nya jobb?<\/p>\n<p>Den sista fr\u00e5gan handlar om \u00e4rlighet om igen. Jag skulle vilja veta om han verkligen har f\u00f6rtroende f\u00f6r Beatrice Ask. Misstanken att han gett henne order om att g\u00f6ra en pudel f\u00f6r att slippa ge henne sparken f\u00f6re valet i september \u00e4r v\u00e4l r\u00e4tt befogad?<br \/>\nR\u00e4cker en pudel n\u00e4r en person gjort ett riktigt d\u00e5ligt jobb?<br \/>\nHar Sveriges statsminister verkligen f\u00f6rtroende f\u00f6r en justitieminister som ville skicka gredelina kuvert hem till m\u00e4nniskor som \u00e4r misst\u00e4nka f\u00f6r brott?<br \/>\nHistorien med h\u00f6gerregeringens justitieminister Beatrice Ask \u00e4r n\u00e4stan otrolig. Hur okunnig \u00e4r hon, eller hur d\u00f6v f\u00f6r sina sakkunniga? Det m\u00e5ste v\u00e4l finnas tj\u00e4nstem\u00e4n p\u00e5 justitiedepartementet som kunde informerat henne om grunderna i svensk lagstiftning.<br \/>\nN\u00e5: min fr\u00e5ga \u00e4r: Om ni trots allt skulle f\u00e5 bilda regering efter september: kommer Ask att f\u00e5 n\u00e5gon post d\u00e5?<br \/>\n<a href=\"http:\/\/hbt-sossen.blogspot.com\/2010\/03\/en-fortroendefraga-till-statsminister.html\"><br \/>\nHBT-sossen har ocks\u00e5 en fr\u00e5ga till Reinfeldt om Ask:<\/a><\/p>\n<blockquote><p>Under sex dagar har vi haft en svensk justitieminister som v\u00e4grat ta  tillbaka sitt uttalande om att h\u00e4nga ut misst\u00e4nkta sexk\u00f6pare. En  bloggare skriver, i och med justitieministerns uttalande idag, att Ask <a href=\"http:\/\/henrikalexandersson.blogspot.com\/2010\/03\/ask-gor-en-pudel.html\">g\u00f6r  en ynklig pudel<\/a>.<\/p>\n<p>Min fr\u00e5ga till dig, statsminister Fredrik  Reinfeldt \u00e4r: <strong>har du f\u00f6rtroende f\u00f6r justiteminister Beatrice  Ask, efter denna gredelina aff\u00e4r?<\/strong><\/p><\/blockquote>\n<p>Relaterat: <a href=\"http:\/\/www.alliansfrittsverige.nu\/2010\/03\/mars-24-2010-efter-6-dagar-ask-tar.html\">Alliansfritt Sverige<\/a>, <a href=\"http:\/\/www.aftonbladet.se\/nyheter\/article6832578.ab\">Aftonbladet 1<\/a>, <a href=\"http:\/\/www.dn.se\/nyheter\/politik\/reinfeldt-avvisar-avgangskrav-pa-ask-1.1066462\">Dagens Nyheter 1<\/a>, <a href=\"http:\/\/www.dn.se\/nyheter\/valet2010\/ask-gor-en-pudel-om-sexkopare-1.1066791\">Dagens Nyheter 2<\/a>, <a href=\"http:\/\/www.svd.se\/nyheter\/inrikes\/ask-gor-en-pudel-om-sexkop_4472041.svd\">Svenska Dagbladet<\/a>, <a href=\"http:\/\/www.expressen.se\/Nyheter\/1.1928966\/reinfeldt-utklassar-sahlin-i-ny-matning\">Expressen<\/a> och <a href=\"http:\/\/www.aftonbladet.se\/nyheter\/article6830563.ab\">Aftonbladet 2<\/a>.<\/p>\n<p>L\u00e4s \u00e4ven andra bloggares \u00e5sikter om <a href=\"http:\/\/bloggar.se\/om\/FRA-lagen\" rel=\"tag\">FRA-lagen<\/a>, <a href=\"http:\/\/bloggar.se\/om\/ipredlagen\" rel=\"tag\">ipredlagen<\/a>, <a href=\"http:\/\/bloggar.se\/om\/val2010\" rel=\"tag\">val2010<\/a>, <a href=\"http:\/\/bloggar.se\/om\/h%F6gerregeringen\" rel=\"tag\">h\u00f6gerregeringen<\/a>, <a href=\"http:\/\/bloggar.se\/om\/debatt\" rel=\"tag\">debatt<\/a>, <a href=\"http:\/\/bloggar.se\/om\/politik\" rel=\"tag\">politik<\/a>, <a href=\"http:\/\/bloggar.se\/om\/Reinfeldt\" rel=\"tag\">Reinfeldt<\/a>, <a href=\"http:\/\/bloggar.se\/om\/Ask\" rel=\"tag\">Ask<\/a>, <a href=\"http:\/\/bloggar.se\/om\/avg%E5ng\" rel=\"tag\">avg\u00e5ng<\/a>, <a href=\"http:\/\/bloggar.se\/om\/%E4rlighet\" rel=\"tag\">\u00e4rlighet<\/a><\/p>\n","protected":false},"excerpt":{"rendered":"<p>Jag har fyra fr\u00e5gor jag skulle vilja ha \u00e4rliga svar p\u00e5 fr\u00e5n Fredrik Reinfeldt. Fast tyv\u00e4rr har mina f\u00f6rhoppningar om att jag ska f\u00e5 hederliga svar p\u00e5 dem \u00e4r inte h\u00f6ga. Bakgrunden till min f\u00f6rsta fr\u00e5ga \u00e4r att han i debatt efter debatt inf\u00f6r valet 2006 upprepade att inte inte t\u00e4nkte jaga en ungdomsgeneration och [&hellip;]<\/p>\n","protected":false},"author":2,"featured_media":0,"comment_status":"open","ping_status":"open","sticky":false,"template":"","format":"standard","meta":{"_genesis_hide_title":false,"_genesis_hide_breadcrumbs":false,"_genesis_hide_singular_image":false,"_genesis_hide_footer_widgets":false,"_genesis_custom_body_class":"","_genesis_custom_post_class":"","_genesis_layout":"","footnotes":""},"categories":[20],"tags":[1191,1851,2385,2552,6163],"class_list":{"0":"post-18828","1":"post","2":"type-post","3":"status-publish","4":"format-standard","6":"category-film","7":"tag-debatt","8":"tag-fra-lagen","9":"tag-hogerregeringen","10":"tag-ipredlagen","11":"tag-val2010","12":"entry"},"_links":{"self":[{"href":"https:\/\/kulturbloggen.com\/index.php?rest_route=\/wp\/v2\/posts\/18828","targetHints":{"allow":["GET"]}}],"collection":[{"href":"https:\/\/kulturbloggen.com\/index.php?rest_route=\/wp\/v2\/posts"}],"about":[{"href":"https:\/\/kulturbloggen.com\/index.php?rest_route=\/wp\/v2\/types\/post"}],"author":[{"embeddable":true,"href":"https:\/\/kulturbloggen.com\/index.php?rest_route=\/wp\/v2\/users\/2"}],"replies":[{"embeddable":true,"href":"https:\/\/kulturbloggen.com\/index.php?rest_route=%2Fwp%2Fv2%2Fcomments&post=18828"}],"version-history":[{"count":0,"href":"https:\/\/kulturbloggen.com\/index.php?rest_route=\/wp\/v2\/posts\/18828\/revisions"}],"wp:attachment":[{"href":"https:\/\/kulturbloggen.com\/index.php?rest_route=%2Fwp%2Fv2%2Fmedia&parent=18828"}],"wp:term":[{"taxonomy":"category","embeddable":true,"href":"https:\/\/kulturbloggen.com\/index.php?rest_route=%2Fwp%2Fv2%2Fcategories&post=18828"},{"taxonomy":"post_tag","embeddable":true,"href":"https:\/\/kulturbloggen.com\/index.php?rest_route=%2Fwp%2Fv2%2Ftags&post=18828"}],"curies":[{"name":"wp","href":"https:\/\/api.w.org\/{rel}","templated":true}]}}