{"id":187389,"date":"2024-11-26T19:06:45","date_gmt":"2024-11-26T17:06:45","guid":{"rendered":"https:\/\/kulturbloggen.com\/?p=187389"},"modified":"2024-11-26T19:06:45","modified_gmt":"2024-11-26T17:06:45","slug":"recension-av-tv-serie-blue-lights-2-stark-och-engagerande-och-bara-maste-stracktitta","status":"publish","type":"post","link":"https:\/\/kulturbloggen.com\/?p=187389","title":{"rendered":"Recension av tv-serie: Blue Lights 2 &#8211; stark och engagerande och bara m\u00e5ste str\u00e4cktitta"},"content":{"rendered":"<p><img loading=\"lazy\" decoding=\"async\" class=\"aligncenter size-full wp-image-186912\" src=\"https:\/\/kulturbloggen.com\/wp-content\/uploads\/2024\/11\/images.jpeg\" alt=\"\" width=\"650\" height=\"340\" \/> <\/p>\n<p>Blue Lights 2<br \/>\nBetyg 5<br \/>\nPremi\u00e4r p\u00e5 TV4 Play 25 november 2024<br \/>\nRegi Declan Lawn &#038; Adam Patterson Jack Casey<\/p>\n<p>En serie om nyrekryterade poliser i Belfast och den f\u00f6rsta s\u00e4songen gjorde succ\u00e9 och hyllades av m\u00e5nga. <a href=\"https:\/\/kulturbloggen.com\/?p=182608\">Bland annat fick den h\u00f6gsta betyg, 5 av 5 av Kulturbloggen, d\u00e4r v\u00e5r kritiker skrev:<\/a><br \/>\n<em>Blue Lights &#8211; m\u00e4sterlig och engagerande och st\u00e4ller viktiga fr\u00e5gor<\/em><\/p>\n<p>Denna nya s\u00e4song h\u00e5ller samma kvalitet. Sk\u00e5despelarna \u00e4r bra och ber\u00e4ttelsen tar upp olika aspekter kring kriminalitet, polisen och brottsbek\u00e4mpning. Allt \u00e4r inte svart eller vitt. Och vi f\u00e5r f\u00f6lja flera av polisernas privatliv och personliga trassel och relationer.<\/p>\n<p>I f\u00f6rsta s\u00e4songen var det fyra rekryter. Tre av dem har g\u00e5tt vidare inom polisen och tagit ett steg upp\u00e5t fr\u00e5n aspirantniv\u00e5n. Vi f\u00e5r f\u00f6lja dessa tre, Grace, Tommy och Annie. Den fj\u00e4rde, Jen, polischefens dotter, har hoppat av och \u00e4r nu jurist och vi f\u00e5r ocks\u00e5 f\u00f6lja hennes liv. Det m\u00e4rks att hon hittat sin uppgift i livet. Som jurist \u00e4r hon mycket mer engagerad i sitt jobb.<\/p>\n<p>Vi f\u00e5r f\u00f6rst\u00e5s ocks\u00e5 f\u00f6lja en del av polischeferna och \u00f6vriga polis plus att det tillkommer tv\u00e5 nya poliser, varav den ena, Shane. jobbar tillsammans de tre som tidigare var aspiranter.<\/p>\n<p>P\u00e5 h\u00f6gre niv\u00e5 inom polisv\u00e4sendet har beslut tagits att polisstationen som ansvarar f\u00f6r omr\u00e5det Mount Eden m\u00e5ste satsa fullt f\u00f6r att f\u00e5 stopp p\u00e5 den v\u00e4xande konflikten mellan omr\u00e5dets tv\u00e5 maffiag\u00e4ng och bossar. Det visar sig att det \u00e4r inte bara polisen som \u00e4r oroad \u00f6ver den \u00f6kade kriminalitet och drogerna som fl\u00f6dar i omr\u00e5det. Lee som tidigare varit elitsoldat sk\u00f6ter en pub tillsammans med sin syster. Lee \u00e4r rej\u00e4lt tr\u00f6tt p\u00e5 att tvingas betala f\u00f6r beskydd till en av omr\u00e5dets maffiakungar. Han \u00e4r ocks\u00e5 tr\u00f6tt p\u00e5 hur knarket sk\u00f6rdar liv. Lee s\u00e4tter ig\u00e5ng en plan har f\u00f6r att kunna f\u00e5 bort de tv\u00e5 maffiakungarna och sj\u00e4lv styra omr\u00e5det.<\/p>\n<p>Denna polisserie har flera stora styrkor. M\u00e5nga duktiga naturliga sk\u00e5despelare, f\u00f6rst\u00e5s men ocks\u00e5 dramaturgin och skildringen av hur polisen jobbar och av de kriminella och vanliga m\u00e4nniskor som bor i omr\u00e5det och drabbas av s\u00e5v\u00e4l polisbrutalitet som brott. Serien r\u00f6r sig i de gr\u00e5zoner d\u00e4r livet oftast befinner sig.<\/p>\n<p>Det \u00e4r ocks\u00e5 en ber\u00e4ttelse om hur livet g\u00e5r vidare i en omr\u00e5de som Nordirland och Belfast d\u00e4r IRA och lojalister f\u00f6r inte alltf\u00f6r l\u00e4nge sedan krigade och sl\u00e4ngde bomber. En skildring av hur myndigheter l\u00e4gger munkavel p\u00e5 diskussioner och fasta om vad som h\u00e4nde under IRA-tiden.<\/p>\n<p>Det \u00e4r en stark och engagerande polisserie som jag inte kunde slita mig ifr\u00e5n utan m\u00e5ste str\u00e4cktitta.<\/p>\n<p><iframe loading=\"lazy\" width=\"560\" height=\"315\" src=\"https:\/\/www.youtube.com\/embed\/FhM59YE4JMY?si=v49gn7kKqUh4Du3J\" title=\"YouTube video player\" frameborder=\"0\" allow=\"accelerometer; autoplay; clipboard-write; encrypted-media; gyroscope; picture-in-picture; web-share\" referrerpolicy=\"strict-origin-when-cross-origin\" allowfullscreen><\/iframe><\/p>\n","protected":false},"excerpt":{"rendered":"<p>Blue Lights 2 Betyg 5 Premi\u00e4r p\u00e5 TV4 Play 25 november 2024 Regi Declan Lawn &#038; Adam Patterson Jack Casey En serie om nyrekryterade poliser i Belfast och den f\u00f6rsta s\u00e4songen gjorde succ\u00e9 och hyllades av m\u00e5nga. Bland annat fick den h\u00f6gsta betyg, 5 av 5 av Kulturbloggen, d\u00e4r v\u00e5r kritiker skrev: Blue Lights &#8211; [&hellip;]<\/p>\n","protected":false},"author":2,"featured_media":187421,"comment_status":"closed","ping_status":"closed","sticky":false,"template":"","format":"standard","meta":{"_genesis_hide_title":false,"_genesis_hide_breadcrumbs":false,"_genesis_hide_singular_image":false,"_genesis_hide_footer_widgets":false,"_genesis_custom_body_class":"","_genesis_custom_post_class":"","_genesis_layout":"","footnotes":""},"categories":[16,13227,20,13624,13597,14985],"tags":[574,14966,14705,6020],"class_list":{"0":"post-187389","1":"post","2":"type-post","3":"status-publish","4":"format-standard","5":"has-post-thumbnail","7":"category-recension","8":"category-tv-serier","9":"category-film","10":"category-toppnytt","11":"category-tv","12":"category-tv-serier-film","13":"tag-belfast","14":"tag-blue-lights","15":"tag-nordirland","16":"tag-tv-serie","17":"entry"},"_links":{"self":[{"href":"https:\/\/kulturbloggen.com\/index.php?rest_route=\/wp\/v2\/posts\/187389","targetHints":{"allow":["GET"]}}],"collection":[{"href":"https:\/\/kulturbloggen.com\/index.php?rest_route=\/wp\/v2\/posts"}],"about":[{"href":"https:\/\/kulturbloggen.com\/index.php?rest_route=\/wp\/v2\/types\/post"}],"author":[{"embeddable":true,"href":"https:\/\/kulturbloggen.com\/index.php?rest_route=\/wp\/v2\/users\/2"}],"replies":[{"embeddable":true,"href":"https:\/\/kulturbloggen.com\/index.php?rest_route=%2Fwp%2Fv2%2Fcomments&post=187389"}],"version-history":[{"count":32,"href":"https:\/\/kulturbloggen.com\/index.php?rest_route=\/wp\/v2\/posts\/187389\/revisions"}],"predecessor-version":[{"id":187443,"href":"https:\/\/kulturbloggen.com\/index.php?rest_route=\/wp\/v2\/posts\/187389\/revisions\/187443"}],"wp:featuredmedia":[{"embeddable":true,"href":"https:\/\/kulturbloggen.com\/index.php?rest_route=\/wp\/v2\/media\/187421"}],"wp:attachment":[{"href":"https:\/\/kulturbloggen.com\/index.php?rest_route=%2Fwp%2Fv2%2Fmedia&parent=187389"}],"wp:term":[{"taxonomy":"category","embeddable":true,"href":"https:\/\/kulturbloggen.com\/index.php?rest_route=%2Fwp%2Fv2%2Fcategories&post=187389"},{"taxonomy":"post_tag","embeddable":true,"href":"https:\/\/kulturbloggen.com\/index.php?rest_route=%2Fwp%2Fv2%2Ftags&post=187389"}],"curies":[{"name":"wp","href":"https:\/\/api.w.org\/{rel}","templated":true}]}}