{"id":18737,"date":"2010-03-21T08:58:45","date_gmt":"2010-03-21T07:58:45","guid":{"rendered":"http:\/\/kulturbloggen.com\/?p=18737"},"modified":"2010-03-21T08:58:45","modified_gmt":"2010-03-21T07:58:45","slug":"wolodarski-kraver-yrsa-stenius-avgang","status":"publish","type":"post","link":"https:\/\/kulturbloggen.com\/?p=18737","title":{"rendered":"Wolodarski kr\u00e4ver Yrsa Stenius avg\u00e5ng"},"content":{"rendered":"<p><a href=\"http:\/\/kulturbloggen.com\/wp-content\/uploads\/2010\/03\/guldspaden.jpg\"><img loading=\"lazy\" decoding=\"async\" src=\"http:\/\/kulturbloggen.com\/wp-content\/uploads\/2010\/03\/guldspaden-225x300.jpg\" alt=\"\" title=\"guldspaden\" width=\"225\" height=\"300\" class=\"aligncenter size-medium wp-image-18739\" \/><\/a><\/p>\n<p><em>Yrsa Stenius har gjort sig sj\u00e4lv om\u00f6jlig som pressombudsma<\/em>n.<br \/>\n<a href=\"http:\/\/www.dn.se\/ledare\/signerat\/forverkat-fortroende-1.1064863\">Skriver DN:s ledarchef Peter Wolodarski.<\/a><\/p>\n<p>Bakgrunden \u00e4r att Yrsa Stenius i sin roll som pressombudsman anm\u00e4lt Expressens avsl\u00f6jande att Jan Guillou under \u00e5ren 1967-1972 regelbundet tr\u00e4ffade den ryska spionorganisationen KGB. I sina memoarer, som kom ut f\u00f6re Expressens avsl\u00f6jande, n\u00e4mnde Jan Guillou inte sina regelbundna m\u00f6ten med KGB med ett enda ord.<\/p>\n<p>I ett yttrande till Pressens opinionsn\u00e4mnd rekommenderar Stenius att <em>Expressen klandras f\u00f6r en of\u00f6rsvarlig publicitetsskada av Jan Guillou.<\/em><\/p>\n<p>Det k\u00e4nns konstigt f\u00f6r mig att konstatera att Peter Wolodarski kan dra vettiga slutsatser. Han st\u00e5r ju i princip aldrig p\u00e5 de svagare sida. H\u00e4r p\u00e5pekar Wolodarski att Pressens Opinionsn\u00e4mnd \u00e4r <em>en institution som skapades f\u00f6r att hj\u00e4lpa vanliga m\u00e4nniskor som ansett sig f\u00f6rf\u00f6rdelade i tidningarna, inte offensiva skribenter som jonglerar mellan olika medieplattformar.<\/em><\/p>\n<p>Wolodarski har helt r\u00e4tt. Det \u00e4r illa att Pressombudsmannen prioriterar att l\u00e4gga sin arbetstid p\u00e5 att hj\u00e4lpa en s\u00e5 mediestark person som Jan Guillou.<br \/>\nDessutom n\u00e4r det Expressen gjort \u00e4r precis det medier ska g\u00f6ra: de ska granska makthavare och avsl\u00f6ja missbruk. I det h\u00e4r avseendet \u00e4r Guillou en maktperson, som en av de mest s\u00e4ljande svenska f\u00f6rfattarna m\u00e5ste Guillou kunna granskas.<\/p>\n<p>En detalj, men talande \u00e4r Yrsa Stenius slarv med ord:<\/p>\n<blockquote><p>Stenius ger sig in i ett bisarrt ifr\u00e5gas\u00e4ttande av l\u00f6psedlar, versaler och bilder, som om hon inte hade en aning om hur en kv\u00e4llstidning redigeras. Dessutom p\u00e5st\u00e5r hon \u2013 felaktigt \u2013 att Expressen kallat Guillou f\u00f6r en spion n\u00e4r tidningen i sj\u00e4lva verket konsekvent anv\u00e4nt beteckningen agent.<br \/>\nDen spr\u00e5kliga distinktionen mellan agent och spion kan vi l\u00e4mna d\u00e4rh\u00e4n. Gr\u00e4nserna i KGB-v\u00e4rlden \u00e4r flytande och \u00f6ppnar f\u00f6r olika tolkningar. Det avg\u00f6rande \u00e4r att Expressen gr\u00e4vt fram n\u00e5got som \u00e4r sant, relevant och har ett stort allm\u00e4nintresse.<\/p><\/blockquote>\n<p>Ord \u00e4r viktiga. Journalister ska f\u00f6rvalta ord och ha respekt. Att Yrsa Stenius i sin anm\u00e4lan f\u00f6rv\u00e4xlar ordet agent med spion tyder p\u00e5 slarv, inte v\u00e4rdigt en pressombudsman.<\/p>\n<p>Wolodarski har dragit helt r\u00e4tt slutsatser: Stenius har f\u00f6rverkat sitt f\u00f6rtroende som pressombudsman och det \u00e4r en skam f\u00f6r pressen att ha en s\u00e5dan person p\u00e5 den posten.<\/p>\n<p>&#8212;<br \/>\nDessutom vann Expressens avsl\u00f6jande Guldspaden f\u00f6r b\u00e4sta gr\u00e4vande journalistik av f\u00f6reningen Gr\u00e4vande Journalister i kategorin St\u00f6rre dagstidning:<br \/>\n<a href=\"http:\/\/www.fgj.se\/page.asp?omrID=5&#038;SubID=22&#038;SubSubID=97\">Fr\u00e5n Gr\u00e4v 10:s hemsida, d\u00e4r du hittar alla vinnare f\u00f6r gr\u00e4v 2009::<\/a><\/p>\n<blockquote><p>Mikael \u00d6lander, Mikael Hylin<br \/>\n\u201dJan Guillou och KGB\u201d<br \/>\nExpressen<br \/>\nArbetsbeskrivning<\/p>\n<p>\u201cF\u00f6r ett spektakul\u00e4rt avsl\u00f6jande som \u00e4ndrade historieskrivningen kring<br \/>\nen ikon inom journalistik och samh\u00e4llsdebatt.\u201d <\/p><\/blockquote>\n<p><strong>Om guldspaden:<\/strong><br \/>\nGuldspaden delas ut av Gr\u00e4vande Journalister till &#8221;de journalister &#8211; verksamma i svenska medier &#8211; som genom engagerad och kunnig journalistik avsl\u00f6jat eller skildrat v\u00e4sentliga f\u00f6rh\u00e5llanden som allm\u00e4nheten f\u00f6rut inte k\u00e4nde till. Unders\u00f6kningen skall vara ett originalarbete, sj\u00e4lvst\u00e4ndigt genomf\u00f6rt.<\/p>\n<p>Expressens avsl\u00f6jande av Jan Guillou har gjort precis detta och tagit p\u00e5 sig det uppdrag medier har. De stora redaktionerna anv\u00e4nder alldeles f\u00f6r mycket av den redaktionella tiden idag \u00e5t att skriva om saker som att Marie Picasso stoppades av tv4 n\u00e4r hon kom med f\u00f6r kort kjol. N\u00e4r nu redaktioner utf\u00f6r sina granskande uppdrag, som med avsl\u00f6jandet av Jan Guillous f\u00f6rbindelser med KGB, d\u00e5 borde pressombudsmannen tv\u00e4rtom hylla detta.<\/p>\n<p>(F\u00f6rtydligande: Idol-Marie Picasso kom allts\u00e5 till inspelningen av K\u00f6rslaget i kortkortkort kjol. <a href=\"http:\/\/www.aftonbladet.se\/nojesbladet\/article6814964.ab\">Vilket Aftonbladet bed\u00f6mer s\u00e5 viktigt<\/a> att det ligger n\u00e4stan \u00f6verst p\u00e5 deras hemsida. Det \u00e4r ett talande exempel p\u00e5 hur klickjournalistiken tar \u00f6ver.)<\/p>\n<p>Mer om Yrsa Stenius som pressombudsman i <a href=\"http:\/\/blogg.expressen.se\/thomasmattsson\/entry.jsp?messid=586296\">Thomas Mattssons blogg<\/a>:<\/p>\n<blockquote><p>Men med en PO som Yrsa Stenius som fritt f\u00e4ller en tidning f\u00f6r det som inte publicerats, och som spekulerar fritt om v\u00e5ra k\u00e4llor, \u00e4r det inte l\u00e4ngre v\u00e4rt m\u00f6dan att att kommunicera med PO.<br \/>\n   Ist\u00e4llet kommer vi att f\u00f6rs\u00f6ka hantera kritik mot tidningen utanf\u00f6r systemet, och om det inte g\u00e5r s\u00e5 f\u00e5r Stenius forts\u00e4tta att kritisera Expressen efter eget huvud och s\u00e5 \u00f6verklagar vi och argumenterar d\u00e4refter ist\u00e4llet inf\u00f6r Pressens Opinionsn\u00e4mnd.<br \/>\n   Det \u00e4r egentligen ingen bra utveckling eftersom det f\u00f6rsenar processen f\u00f6r den som anm\u00e4ler Expressen, men det \u00e4r mer r\u00e4ttss\u00e4kert f\u00f6r alla inblandade.<\/p><\/blockquote>\n<p>Relaterat: <a href=\"http:\/\/www.aftonbladet.se\/nyheter\/article6813475.ab\">Aftonbladet<\/a><\/p>\n<p>L\u00e4s \u00e4ven andra bloggares \u00e5sikter om <a href=\"http:\/\/bloggar.se\/om\/press\" rel=\"tag\">press<\/a>, <a href=\"http:\/\/bloggar.se\/om\/medier\" rel=\"tag\">medier<\/a>, <a href=\"http:\/\/bloggar.se\/om\/journalistik\" rel=\"tag\">journalistik<\/a>, <a href=\"http:\/\/bloggar.se\/om\/Gr%E4v\" rel=\"tag\">Gr\u00e4v<\/a>, <a href=\"http:\/\/bloggar.se\/om\/Stenius\" rel=\"tag\">Stenius<\/a>, <a href=\"http:\/\/bloggar.se\/om\/Wolodarski\" rel=\"tag\">Wolodarski<\/a>, <a href=\"http:\/\/bloggar.se\/om\/Guillou\" rel=\"tag\">Guillou<\/a>, <a href=\"http:\/\/bloggar.se\/om\/KGB\" rel=\"tag\">KGB<\/a><\/p>\n","protected":false},"excerpt":{"rendered":"<p>Yrsa Stenius har gjort sig sj\u00e4lv om\u00f6jlig som pressombudsman. Skriver DN:s ledarchef Peter Wolodarski. Bakgrunden \u00e4r att Yrsa Stenius i sin roll som pressombudsman anm\u00e4lt Expressens avsl\u00f6jande att Jan Guillou under \u00e5ren 1967-1972 regelbundet tr\u00e4ffade den ryska spionorganisationen KGB. I sina memoarer, som kom ut f\u00f6re Expressens avsl\u00f6jande, n\u00e4mnde Jan Guillou inte sina regelbundna m\u00f6ten [&hellip;]<\/p>\n","protected":false},"author":2,"featured_media":0,"comment_status":"open","ping_status":"open","sticky":false,"template":"","format":"standard","meta":{"_genesis_hide_title":false,"_genesis_hide_breadcrumbs":false,"_genesis_hide_singular_image":false,"_genesis_hide_footer_widgets":false,"_genesis_custom_body_class":"","_genesis_custom_post_class":"","_genesis_layout":"","footnotes":""},"categories":[62],"tags":[2108,2765,3582,4481],"class_list":{"0":"post-18737","1":"post","2":"type-post","3":"status-publish","4":"format-standard","6":"category-medie-och-kulturpolitik","7":"tag-grav","8":"tag-journalistik","9":"tag-medier","10":"tag-press","11":"entry"},"_links":{"self":[{"href":"https:\/\/kulturbloggen.com\/index.php?rest_route=\/wp\/v2\/posts\/18737","targetHints":{"allow":["GET"]}}],"collection":[{"href":"https:\/\/kulturbloggen.com\/index.php?rest_route=\/wp\/v2\/posts"}],"about":[{"href":"https:\/\/kulturbloggen.com\/index.php?rest_route=\/wp\/v2\/types\/post"}],"author":[{"embeddable":true,"href":"https:\/\/kulturbloggen.com\/index.php?rest_route=\/wp\/v2\/users\/2"}],"replies":[{"embeddable":true,"href":"https:\/\/kulturbloggen.com\/index.php?rest_route=%2Fwp%2Fv2%2Fcomments&post=18737"}],"version-history":[{"count":0,"href":"https:\/\/kulturbloggen.com\/index.php?rest_route=\/wp\/v2\/posts\/18737\/revisions"}],"wp:attachment":[{"href":"https:\/\/kulturbloggen.com\/index.php?rest_route=%2Fwp%2Fv2%2Fmedia&parent=18737"}],"wp:term":[{"taxonomy":"category","embeddable":true,"href":"https:\/\/kulturbloggen.com\/index.php?rest_route=%2Fwp%2Fv2%2Fcategories&post=18737"},{"taxonomy":"post_tag","embeddable":true,"href":"https:\/\/kulturbloggen.com\/index.php?rest_route=%2Fwp%2Fv2%2Ftags&post=18737"}],"curies":[{"name":"wp","href":"https:\/\/api.w.org\/{rel}","templated":true}]}}