{"id":18697,"date":"2010-03-20T07:53:56","date_gmt":"2010-03-20T06:53:56","guid":{"rendered":"http:\/\/kulturbloggen.com\/?p=18697"},"modified":"2010-03-20T07:53:56","modified_gmt":"2010-03-20T06:53:56","slug":"dn-mastare-i-att-undvika-att-erkanna-rodgron-ledning","status":"publish","type":"post","link":"https:\/\/kulturbloggen.com\/?p=18697","title":{"rendered":"DN m\u00e4stare i att undvika att erk\u00e4nna r\u00f6dgr\u00f6n ledning"},"content":{"rendered":"<p><a href=\"http:\/\/kulturbloggen.com\/wp-content\/uploads\/2010\/03\/dnfirstpagemars2010.jpg\"><img loading=\"lazy\" decoding=\"async\" src=\"http:\/\/kulturbloggen.com\/wp-content\/uploads\/2010\/03\/dnfirstpagemars2010-300x225.jpg\" alt=\"\" title=\"dnfirstpagemars2010\" width=\"300\" height=\"225\" class=\"aligncenter size-medium wp-image-18698\" \/><\/a><br \/>\nOpinionsunders\u00f6kning efter opinionsunders\u00f6kning visar att v\u00e4ljare kommer att ge h\u00f6gerregeringen sparken. De r\u00f6dgr\u00f6na skulle om det vore val nu f\u00e5r en klar och tydlig egen majoritet.<br \/>\nDet \u00e4r f\u00f6rst\u00e5s inte n\u00e5got som h\u00f6gerregeringens megafon DN vill ta upp. Rubriks\u00e4ttarna p\u00e5 DN \u00e4r nog r\u00e4tt n\u00f6jda nu n\u00e4r det finns en annan unders\u00f6kning som inte \u00e4r lika positiv f\u00f6r de r\u00f6dgr\u00f6na.<br \/>\n<a href=\"http:\/\/www.dn.se\/nyheter\/valet2010\/s-valjarna-tror-inte-pa-mona-sahlin-1.1064630\">Ur DN idag<\/a>:<\/p>\n<blockquote><p><em>V\u00e4ljarnas f\u00f6rtroende f\u00f6r Maria Wetterstrand skjuter i h\u00f6jden och hon  n\u00e4rmar sig nu Fredrik Reinfeldt. Men Mona Sahlin n\u00e5r en ny  bottennotering, och hon f\u00f6rlorar mest bland sina egna v\u00e4ljare, enligt  DN\/Synovates m\u00e4tning.<\/em><\/p><\/blockquote>\n<p>Fast trots att Sahlin noterar d\u00e5liga siffror skulle de r\u00f6dgr\u00f6na vinna \u00e4nd\u00e5. Men det l\u00e5tsas DN inte om, f\u00f6rst\u00e5s.<\/p>\n<p>Det \u00e4r r\u00e4tt trist n\u00e4r det p\u00e5 nyhetsplats s\u00e5 uppenbart inte \u00e4r journalistiska bed\u00f6mningar som styr utan framf\u00f6r allt ledarsidans politiska v\u00e4rderingar som har makten.<\/p>\n<p><a href=\"http:\/\/hbt-sossen.blogspot.com\/2010\/03\/onskas-en-valrorelse-som-handlar-om.html\">HBT-sossen tar med anledning av detta upp en \u00f6nskan att valr\u00f6relsen borde handla om politik och inte om person.<\/a><br \/>\nOch s\u00e5 \u00e4r det ju. Det politiken som avg\u00f6r hur samh\u00e4llet blir, inte vem som sitter p\u00e5 toppen av organisationen.<br \/>\nHar vi f\u00f6rtroende f\u00f6r en h\u00f6gerregering som inf\u00f6rt \u00f6vervakning med FRA-lag och ipredlagen och en h\u00f6gerregering som tagit bort sjukpengen fr\u00e5n de sv\u00e5rt l\u00e5ngtidssjuka?<br \/>\n<a href=\"http:\/\/www.signeratkjellberg.se\/2010\/03\/ssympatis%C3%B6rer-vill-ha-en-annan-partiledare.html\">Kjellberg menar att de r\u00f6dgr\u00f6na borde fundera p\u00e5 vem som \u00e4r statsministerkandidat:<\/a><\/p>\n<blockquote><p>De r\u00f6dgr\u00f6na har fortfarande ett \u00f6vertag, men om man lyckas vinna makten i september s\u00e5 beror det knappast p\u00e5 Mona Sahlin utan snarare om Maria Wetterstrand som har den upp\u00e5tg\u00e5ende kurva som Mona Sahlin ligger och dr\u00f6mmer om. Ist\u00e4llet kan just Wetterstrand och milj\u00f6partiet, vid en r\u00f6dgr\u00f6n valseger, ha f\u00e5tt s\u00e5 h\u00f6ga siffror att de ist\u00e4llet blir en mardr\u00f6m i regeringsf\u00f6rhandlingarna.<\/p><\/blockquote>\n<p>Det har alltid funnits klyftor i Sverige, mellan de som har mer och de som har mindre. Det kommer aldrig att f\u00f6rsvinna. Fr\u00e5gan \u00e4r bara hur illa det som har det s\u00e4mre har det. <a href=\"http:\/\/www.aftonbladet.se\/debatt\/debattamnen\/politik\/article6805544.ab\">I en debattartikel i Aftonbladet<\/a> s\u00e4ger LO att det \u00e4r om\u00f6jligt f\u00f6r m\u00e5nga att spara i klyftornas Sverige:<\/p>\n<blockquote><p>Var fj\u00e4rde arbetare klarar inte en of\u00f6rutsedd utgift.<br \/>\nN\u00e4r barnbidraget betalas ut i dag kommer det som en r\u00e4ddning f\u00f6r m\u00e5nga familjer med sm\u00e5 marginaler. Det \u00e4r pengar som g\u00f6r att man klarar matink\u00f6pen den sista veckan innan l\u00f6nen kommer.<\/p><\/blockquote>\n<p>Det \u00e4r detta valet handlar om: hur m\u00e4nniskor konkret har det i sin verklighet. Vem som sitter i ledningen f\u00f6r partierna har inte alls samma betydelse f\u00f6r m\u00e4nniskors vardag som den politik det parti f\u00f6r om\/n\u00e4r det sitter i regeringen.<\/p>\n<p>Ett f\u00f6rslag fr\u00e5n de r\u00f6dgr\u00f6na som kom i dagarna \u00e4r viktigt, <a href=\"http:\/\/www.aftonbladet.se\/nyheter\/article6811452.ab\">ur Aftonbladet:<\/a><\/p>\n<blockquote><p>Oppositionen vill g\u00f6ra studentrummen billigare.<\/p>\n<p>I st\u00e4llet f\u00f6r att varje studentrum \u2013 som i dag \u2013 har samma fastighetsskatt som en hyresl\u00e4genhet g\u00e5r de r\u00f6dgr\u00f6na p\u00e5 Boverkets f\u00f6rslag att en hel studentkorridor beskattas som en l\u00e4genhet.<\/p>\n<p>Det skulle inneb\u00e4ra s\u00e4nkt hyra p\u00e5 upp emot tusen kronor per \u00e5r f\u00f6r dem som bor i rummen, skriver Socialdemokraternas, Milj\u00f6partiets och V\u00e4nsterpartiets ledare p\u00e5 Dagens Nyheters debattsida. <\/p><\/blockquote>\n<p>Allt som underl\u00e4tta f\u00f6r m\u00e4nniskor att studera vidare p\u00e5 h\u00f6gskolor och universitet \u00e4r bra. Ska svensk v\u00e4lf\u00e4rd och syssels\u00e4ttning utvecklas m\u00e5ste vi ha fler utbildade m\u00e4nniskor som kan forska och bli entrepr\u00f6rer och innovat\u00f6rer. F\u00f6r att kunna h\u00f6ja standarden \u00e4r det bra om det finns n\u00e5got att dela p\u00e5.<\/p>\n<p>&#8212;<br \/>\nBonustips 1:<br \/>\nAprop\u00e5 det d\u00e4r med att ha en popul\u00e4r ledare har ju f\u00f6rtroendet f\u00f6r Maria Wetterstrand bara \u00f6kat och \u00f6kat. <a href=\"http:\/\/www.fokus.se\/2010\/03\/den-verkliga-wetterstrand\/\">Tidningen Fokus har en djupintervju med Wetterstrand, en ovanligt bra artikel smed en politiker:<\/a><\/p>\n<blockquote><p>Hon har aldrig m\u00f6tt internt motst\u00e5nd\u2013 ingen utmanade henne i ungdomsf\u00f6rbundet, i G\u00f6teborg f\u00f6rhandlade partiet fram en ordf\u00f6randepost i konsumentn\u00e4mnden s\u00e4rskilt f\u00f6r henne, till riksdagen kom hon som ers\u00e4ttare f\u00f6r Schlaug och hon hade ingen motkandidat n\u00e4r hon valdes till spr\u00e5kr\u00f6r.<br \/>\nMen hon har heller aldrig tagit n\u00e5gra strider. F\u00f6rsta g\u00e5ngen hon utmanade en kongress \u2013 n\u00e4r hon ville avskaffa kravet p\u00e5 uttr\u00e4de ur EU \u2013 hade hon varit spr\u00e5kr\u00f6r i sex \u00e5r. Hon har alltid varit pragmatisk; en riskminimerare som perfekt avl\u00e4ser var partimitten befinner sig. Och l\u00e4gger sig d\u00e4r.<\/p>\n<p>Men det g\u00f6r att inte ens erfarna partikamrater vet vad hon tycker. Vad hon anser vara riktigt viktigt. Hon \u00e4r v\u00e4l milj\u00f6politiker, \u00e4r det mest konkreta de kan komma upp med.\n<\/p><\/blockquote>\n<p>Bonustips 2:<br \/>\n<a href=\"http:\/\/victorsvedberg.se\/?p=1865\">Victor Svedbergs tolkning av alliansen nya logga \u00e4r en av de mer talande.<\/a><\/p>\n<p>Relaterat: <a href=\"http:\/\/www.dn.se\/go\/e\/board_2;afu=www.dn.se\/http:\/\/www.dn.se\/nyheter\/valet2010\/s-valjarna-tror-inte-pa-mona-sahlin-1.1064630\">Dagens Nyheter 1<\/a>, <a href=\"http:\/\/www.dn.se\/go\/e\/board_2;afu=www.dn.se\/http:\/\/www.dn.se\/nyheter\/valet2010\/fortroendet-for-ledarna-verkar-bli-allt-viktigare-1.1064629\">Dagens Nyheter 2<\/a>, <a href=\"http:\/\/www.dn.se\/debatt\/vi-vill-sanka-skatten-for-dem-som-bor-i-studentkorridor-1.1064602\">DN Debatt<\/a> och <a href=\"http:\/\/www.expressen.se\/Nyheter\/1.1923744\/maria-wetterstrand-vi-ska-krossa-s-maktmonopol\">Expressen<\/a>.<\/p>\n<p>L\u00e4s \u00e4ven andra bloggares \u00e5sikter om <a href=\"http:\/\/bloggar.se\/om\/politik\" rel=\"tag\">politik<\/a>, <a href=\"http:\/\/bloggar.se\/om\/ungdomar\" rel=\"tag\">ungdomar<\/a>, <a href=\"http:\/\/bloggar.se\/om\/opinionsunders%F6kning\" rel=\"tag\">opinionsunders\u00f6kning<\/a>, <a href=\"http:\/\/bloggar.se\/om\/val2010\" rel=\"tag\">val2010<\/a>, <a href=\"http:\/\/bloggar.se\/om\/Mona+Sahlin\" rel=\"tag\">Mona Sahlin<\/a>, <a href=\"http:\/\/bloggar.se\/om\/Maria+Wetterstrand\" rel=\"tag\">Maria Wetterstrand<\/a><\/p>\n","protected":false},"excerpt":{"rendered":"<p>Opinionsunders\u00f6kning efter opinionsunders\u00f6kning visar att v\u00e4ljare kommer att ge h\u00f6gerregeringen sparken. De r\u00f6dgr\u00f6na skulle om det vore val nu f\u00e5r en klar och tydlig egen majoritet. Det \u00e4r f\u00f6rst\u00e5s inte n\u00e5got som h\u00f6gerregeringens megafon DN vill ta upp. Rubriks\u00e4ttarna p\u00e5 DN \u00e4r nog r\u00e4tt n\u00f6jda nu n\u00e4r det finns en annan unders\u00f6kning som inte \u00e4r [&hellip;]<\/p>\n","protected":false},"author":2,"featured_media":0,"comment_status":"open","ping_status":"open","sticky":false,"template":"","format":"standard","meta":{"_genesis_hide_title":false,"_genesis_hide_breadcrumbs":false,"_genesis_hide_singular_image":false,"_genesis_hide_footer_widgets":false,"_genesis_custom_body_class":"","_genesis_custom_post_class":"","_genesis_layout":"","footnotes":""},"categories":[62],"tags":[4195,12284,6091,6163],"class_list":{"0":"post-18697","1":"post","2":"type-post","3":"status-publish","4":"format-standard","6":"category-medie-och-kulturpolitik","7":"tag-opinionsundersokning","8":"tag-politik","9":"tag-ungdomar","10":"tag-val2010","11":"entry"},"_links":{"self":[{"href":"https:\/\/kulturbloggen.com\/index.php?rest_route=\/wp\/v2\/posts\/18697","targetHints":{"allow":["GET"]}}],"collection":[{"href":"https:\/\/kulturbloggen.com\/index.php?rest_route=\/wp\/v2\/posts"}],"about":[{"href":"https:\/\/kulturbloggen.com\/index.php?rest_route=\/wp\/v2\/types\/post"}],"author":[{"embeddable":true,"href":"https:\/\/kulturbloggen.com\/index.php?rest_route=\/wp\/v2\/users\/2"}],"replies":[{"embeddable":true,"href":"https:\/\/kulturbloggen.com\/index.php?rest_route=%2Fwp%2Fv2%2Fcomments&post=18697"}],"version-history":[{"count":0,"href":"https:\/\/kulturbloggen.com\/index.php?rest_route=\/wp\/v2\/posts\/18697\/revisions"}],"wp:attachment":[{"href":"https:\/\/kulturbloggen.com\/index.php?rest_route=%2Fwp%2Fv2%2Fmedia&parent=18697"}],"wp:term":[{"taxonomy":"category","embeddable":true,"href":"https:\/\/kulturbloggen.com\/index.php?rest_route=%2Fwp%2Fv2%2Fcategories&post=18697"},{"taxonomy":"post_tag","embeddable":true,"href":"https:\/\/kulturbloggen.com\/index.php?rest_route=%2Fwp%2Fv2%2Ftags&post=18697"}],"curies":[{"name":"wp","href":"https:\/\/api.w.org\/{rel}","templated":true}]}}