{"id":18695,"date":"2010-03-20T06:55:00","date_gmt":"2010-03-20T05:55:00","guid":{"rendered":"http:\/\/kulturbloggen.com\/?p=18695"},"modified":"2010-03-20T06:55:00","modified_gmt":"2010-03-20T05:55:00","slug":"thomas-mattsson-versus-jan-guillou-mysigt","status":"publish","type":"post","link":"https:\/\/kulturbloggen.com\/?p=18695","title":{"rendered":"Thomas Mattsson versus Jan Guillou &#8211; mysigt"},"content":{"rendered":"<p><a href=\"http:\/\/kulturbloggen.com\/wp-content\/uploads\/2009\/10\/janguillou_lgb.jpg\"><img loading=\"lazy\" decoding=\"async\" src=\"http:\/\/kulturbloggen.com\/wp-content\/uploads\/2009\/10\/janguillou_lgb-300x225.jpg\" alt=\"\" title=\"janguillou_lgb\" width=\"300\" height=\"225\" class=\"aligncenter size-medium wp-image-14141\" \/><\/a><br \/>\nJod\u00e5, Jan Guillou tackade jag till <a href=\"http:\/\/kulturbloggen.com\/?p=18633\">inbjudan fr\u00e5n de gr\u00e4vande journalisternas konferens -G\u00e4rv 10 &#8211; <\/a> och m\u00f6tte p\u00e5 fredagen Expressens chefredakt\u00f6r.<br \/>\nAnledningen till debatten var att Expressen i h\u00f6stas kallade Jan Guillou f\u00f6r hemlig Sovjet-agent p\u00e5 sin l\u00f6psedel. Jan Guillou<br \/>\nJan Guillou har i <a href=\"http:\/\/www.aftonbladet.se\/kultur\/huvudartikel\/article6790665.ab\">en debattartikel i Aftonbladet<\/a> riktat kritik mot Guldspadejuryns nominering av Expressen f\u00f6r avsl\u00f6jandet om Guillous KGB-kontakter.<\/p>\n<p>Guillou har ifr\u00e5gasatt omfattningen av Expressens journalistiska insats, och juryns bed\u00f6mning av densamma. Han menar att han sj\u00e4lv gjort huvuddelen av arbetet med avsl\u00f6jandet och slutsatsen blir att han sj\u00e4lv borde tilldelas guldspaden.<\/p>\n<p><a href=\"http:\/\/www.svd.se\/nyheter\/inrikes\/debatten-rasar-vidare-om-spionen-guillou_4451185.svd\">Svenska Dagbladet<\/a> rapporterar fr\u00e5n m\u00f6tet mellan Mattsson och Guillou och kallar det f\u00f6r mysigt.<\/p>\n<blockquote><p>\u2013 Rubriken var ett sk\u00e4mt, sade Guillou under debatten, som inte var en h\u00e4tsk historia. B\u00e5de han och Mattsson bj\u00f6d p\u00e5 m\u00e5nga leenden och Mattsson f\u00f6rs\u00f6kte till och med v\u00e4rva Guillou till Expressen, n\u00e5got han f\u00f6rs\u00f6kt med f\u00f6rut.<br \/>\n\u2013 Erbjudandet kvarst\u00e5r, sade Mattsson.<br \/>\n\u2013 F\u00f6rhandlingarna har v\u00e4l f\u00f6rdystrats n\u00e5got, sade Guillou och publiken skrattade. <\/p><\/blockquote>\n<p>Gr\u00e4v 10 startade fredag 19 mars och p\u00e5g\u00e5r till s\u00f6ndag 21 mars. <a href=\"http:\/\/www.fgj.se\/grav\/Start\/tabid\/36\/Default.aspx\">H\u00e4r kan du l\u00e4sa mer om programmet och du kan f\u00f6lja flera seminarier och annat via Bambuser.<\/a><\/p>\n<p>L\u00e4s \u00e4ven andra bloggares \u00e5sikter om <a href=\"http:\/\/bloggar.se\/om\/gr%E4v\" rel=\"tag\">gr\u00e4v<\/a>, <a href=\"http:\/\/bloggar.se\/om\/journalistik\" rel=\"tag\">journalistik<\/a>, <a href=\"http:\/\/bloggar.se\/om\/medier\" rel=\"tag\">medier<\/a>, <a href=\"http:\/\/bloggar.se\/om\/Guldspaden\" rel=\"tag\">Guldspaden<\/a>, <a href=\"http:\/\/bloggar.se\/om\/Guillou\" rel=\"tag\">Guillou<\/a>, <a href=\"http:\/\/bloggar.se\/om\/Expressen\" rel=\"tag\">Expressen<\/a>, <a href=\"http:\/\/bloggar.se\/om\/KGB\" rel=\"tag\">KGB<\/a><\/p>\n","protected":false},"excerpt":{"rendered":"<p>Jod\u00e5, Jan Guillou tackade jag till inbjudan fr\u00e5n de gr\u00e4vande journalisternas konferens -G\u00e4rv 10 &#8211; och m\u00f6tte p\u00e5 fredagen Expressens chefredakt\u00f6r. Anledningen till debatten var att Expressen i h\u00f6stas kallade Jan Guillou f\u00f6r hemlig Sovjet-agent p\u00e5 sin l\u00f6psedel. Jan Guillou Jan Guillou har i en debattartikel i Aftonbladet riktat kritik mot Guldspadejuryns nominering av Expressen [&hellip;]<\/p>\n","protected":false},"author":2,"featured_media":0,"comment_status":"open","ping_status":"open","sticky":false,"template":"","format":"standard","meta":{"_genesis_hide_title":false,"_genesis_hide_breadcrumbs":false,"_genesis_hide_singular_image":false,"_genesis_hide_footer_widgets":false,"_genesis_custom_body_class":"","_genesis_custom_post_class":"","_genesis_layout":"","footnotes":""},"categories":[62],"tags":[2108,2765,3582],"class_list":{"0":"post-18695","1":"post","2":"type-post","3":"status-publish","4":"format-standard","6":"category-medie-och-kulturpolitik","7":"tag-grav","8":"tag-journalistik","9":"tag-medier","10":"entry"},"_links":{"self":[{"href":"https:\/\/kulturbloggen.com\/index.php?rest_route=\/wp\/v2\/posts\/18695","targetHints":{"allow":["GET"]}}],"collection":[{"href":"https:\/\/kulturbloggen.com\/index.php?rest_route=\/wp\/v2\/posts"}],"about":[{"href":"https:\/\/kulturbloggen.com\/index.php?rest_route=\/wp\/v2\/types\/post"}],"author":[{"embeddable":true,"href":"https:\/\/kulturbloggen.com\/index.php?rest_route=\/wp\/v2\/users\/2"}],"replies":[{"embeddable":true,"href":"https:\/\/kulturbloggen.com\/index.php?rest_route=%2Fwp%2Fv2%2Fcomments&post=18695"}],"version-history":[{"count":0,"href":"https:\/\/kulturbloggen.com\/index.php?rest_route=\/wp\/v2\/posts\/18695\/revisions"}],"wp:attachment":[{"href":"https:\/\/kulturbloggen.com\/index.php?rest_route=%2Fwp%2Fv2%2Fmedia&parent=18695"}],"wp:term":[{"taxonomy":"category","embeddable":true,"href":"https:\/\/kulturbloggen.com\/index.php?rest_route=%2Fwp%2Fv2%2Fcategories&post=18695"},{"taxonomy":"post_tag","embeddable":true,"href":"https:\/\/kulturbloggen.com\/index.php?rest_route=%2Fwp%2Fv2%2Ftags&post=18695"}],"curies":[{"name":"wp","href":"https:\/\/api.w.org\/{rel}","templated":true}]}}