{"id":18663,"date":"2010-03-19T01:39:57","date_gmt":"2010-03-19T00:39:57","guid":{"rendered":"http:\/\/kulturbloggen.com\/?p=18663"},"modified":"2010-03-19T01:39:57","modified_gmt":"2010-03-19T00:39:57","slug":"trendsnack-om-netbook-och-pekplattor","status":"publish","type":"post","link":"https:\/\/kulturbloggen.com\/?p=18663","title":{"rendered":"Trendsnack om Netbook och pekplattor"},"content":{"rendered":"<p><a href=\"http:\/\/kulturbloggen.com\/wp-content\/uploads\/2010\/03\/apple1.jpg\"><img loading=\"lazy\" decoding=\"async\" class=\"aligncenter size-full wp-image-18664\" title=\"apple\" src=\"http:\/\/kulturbloggen.com\/wp-content\/uploads\/2010\/03\/apple1.jpg\" alt=\"\" width=\"254\" height=\"251\" \/><\/a><\/p>\n<p>Pekplatta eller Netbook, det \u00e4r fr\u00e5gan. Kommer dessa format att konkurrera eller komplettera?<\/p>\n<p>En del trendsnack \u00e4r bara snack. Andra g\u00e5nger \u00e4r det intressanta diskussioner om prylars anv\u00e4ndbarhet. Den h\u00e4r diskussionen \u00e4r intressant eftersom det handlar om tv\u00e5 uppenbart anv\u00e4ndbara produkter.<\/p>\n<p><a title=\"IDG\" href=\"http:\/\/www.idg.se\/2.1085\/1.303794\/netbookens-dagar-ar-raknade?utm_source=feedburner&amp;utm_medium=feed&amp;utm_campaign=Feed:+idg\/vzzs+(IDG.se:+Hetaste+IT-nyheterna+fr%C3%A5n+IDG.se)&amp;utm_content=Google+Reader\">Mats Glaad skriver om fenomenet netboo<\/a>k, de superb\u00e4rbara sm\u00e5datorerna som funnits n\u00e5gra \u00e5r.<\/p>\n<p>Han f\u00f6rutsp\u00e5r minidatorns fall och tar sin Acer Aspire One som exempel. Det kanske har med det att g\u00f6ra, vilken du v\u00e4ljer. Jag \u00e4r inne p\u00e5 min andra Asus och \u00e4r fortfarande lika f\u00f6rtjust. Kommer snart att k\u00f6pa min tredje. Jag har anv\u00e4nt mina Asus eeePC till livebloggning, p\u00e5 t\u00e5gresor, ist\u00e4llet f\u00f6r bok i v\u00e4ntrum med mera. Det finns inga planer p\u00e5 att sluta anv\u00e4nda datorer i det h\u00e4r formatet. \u00c4ven om jag nog skaffar mig en pekplatta kommer dem inte att vara den datorer jag har med mig f\u00f6r att skriva och skicka bilder. Mitt behov av en liten dator med ett riktigt tangentbord kanske \u00e4r unikt men jag tror inte det.<\/p>\n<p>Det \u00e4r kanske en fr\u00e5ga om hur du anv\u00e4nder den. Jag b\u00e4r ju omkring min dator f\u00f6r j\u00e4mnan och anv\u00e4nder den till saker som en mobil inte skulle klara. Den \u00e4r mer ett arbetsredskap \u00e4n leksak och har ocks\u00e5 klarat allt jag f\u00f6rs\u00f6kt g\u00f6ra med den.<\/p>\n<p>N\u00e4, min k\u00e4rleksaff\u00e4r med det h\u00e4r datorformatet \u00e4r l\u00e5ngt ifr\u00e5n \u00f6ver. Men det skall vara Asus. Kanske f\u00f6r att det var den jag anv\u00e4nt fr\u00e5n b\u00f6rjan, kanske f\u00f6r att den fungerat problemfritt hela tiden. Oavsett sk\u00e4l rekommenderar jag inte n\u00e5gon annan (men visst \u00e4r det en smaksak).<\/p>\n<p>N\u00e4r det g\u00e4ller pekplattorna v\u00e4ntar jag ivrigt p\u00e5 att f\u00e5 k\u00f6pa en s\u00e5dan. Anv\u00e4ndbarheten i soffa och s\u00e4ng verkar oslagbar.<\/p>\n<p>Tiden f\u00e5r avg\u00f6ra vem som f\u00e5r r\u00e4tt men r\u00e4kna inte ut minidatorn \u00e4n.<\/p>\n<p><a href=\"http:\/\/intressant.se\/intressant\">Intressant?<\/a> L\u00e4s \u00e4ven andra bloggares \u00e5sikter om <a rel=\"tag\" href=\"http:\/\/bloggar.se\/om\/Asus+eeePC\">Asus eeePC<\/a>, <a rel=\"tag\" href=\"http:\/\/bloggar.se\/om\/minidator\">minidator<\/a>, <a rel=\"tag\" href=\"http:\/\/bloggar.se\/om\/b%E4rbar\">b\u00e4rbar<\/a>, <a rel=\"tag\" href=\"http:\/\/bloggar.se\/om\/teknik\">teknik<\/a>, <a rel=\"tag\" href=\"http:\/\/bloggar.se\/om\/trender\">trender<\/a><\/p>\n","protected":false},"excerpt":{"rendered":"<p>Pekplatta eller Netbook, det \u00e4r fr\u00e5gan. Kommer dessa format att konkurrera eller komplettera? En del trendsnack \u00e4r bara snack. Andra g\u00e5nger \u00e4r det intressanta diskussioner om prylars anv\u00e4ndbarhet. Den h\u00e4r diskussionen \u00e4r intressant eftersom det handlar om tv\u00e5 uppenbart anv\u00e4ndbara produkter. Mats Glaad skriver om fenomenet netbook, de superb\u00e4rbara sm\u00e5datorerna som funnits n\u00e5gra \u00e5r. Han [&hellip;]<\/p>\n","protected":false},"author":13,"featured_media":0,"comment_status":"open","ping_status":"open","sticky":false,"template":"","format":"standard","meta":{"_genesis_hide_title":false,"_genesis_hide_breadcrumbs":false,"_genesis_hide_singular_image":false,"_genesis_hide_footer_widgets":false,"_genesis_custom_body_class":"","_genesis_custom_post_class":"","_genesis_layout":"","footnotes":""},"categories":[20],"tags":[445,903,3698,5669,5959],"class_list":{"0":"post-18663","1":"post","2":"type-post","3":"status-publish","4":"format-standard","6":"category-film","7":"tag-asus-eeepc","8":"tag-barbar","9":"tag-minidator","10":"tag-teknik","11":"tag-trender","12":"entry"},"_links":{"self":[{"href":"https:\/\/kulturbloggen.com\/index.php?rest_route=\/wp\/v2\/posts\/18663","targetHints":{"allow":["GET"]}}],"collection":[{"href":"https:\/\/kulturbloggen.com\/index.php?rest_route=\/wp\/v2\/posts"}],"about":[{"href":"https:\/\/kulturbloggen.com\/index.php?rest_route=\/wp\/v2\/types\/post"}],"author":[{"embeddable":true,"href":"https:\/\/kulturbloggen.com\/index.php?rest_route=\/wp\/v2\/users\/13"}],"replies":[{"embeddable":true,"href":"https:\/\/kulturbloggen.com\/index.php?rest_route=%2Fwp%2Fv2%2Fcomments&post=18663"}],"version-history":[{"count":0,"href":"https:\/\/kulturbloggen.com\/index.php?rest_route=\/wp\/v2\/posts\/18663\/revisions"}],"wp:attachment":[{"href":"https:\/\/kulturbloggen.com\/index.php?rest_route=%2Fwp%2Fv2%2Fmedia&parent=18663"}],"wp:term":[{"taxonomy":"category","embeddable":true,"href":"https:\/\/kulturbloggen.com\/index.php?rest_route=%2Fwp%2Fv2%2Fcategories&post=18663"},{"taxonomy":"post_tag","embeddable":true,"href":"https:\/\/kulturbloggen.com\/index.php?rest_route=%2Fwp%2Fv2%2Ftags&post=18663"}],"curies":[{"name":"wp","href":"https:\/\/api.w.org\/{rel}","templated":true}]}}